{"id":56250,"date":"2025-04-10T11:16:07","date_gmt":"2025-04-10T14:16:07","guid":{"rendered":"https:\/\/www.pbagora.com.br\/?p=895091"},"modified":"2025-04-10T12:28:07","modified_gmt":"2025-04-10T15:28:07","slug":"homem-morre-atropelado-apos-ser-empurrado-durante-discussao-em-jp","status":"publish","type":"post","link":"https:\/\/sindaopcpb.org.br\/index.php\/2025\/04\/10\/homem-morre-atropelado-apos-ser-empurrado-durante-discussao-em-jp\/","title":{"rendered":"Homem morre atropelado ap\u00f3s ser empurrado durante discuss\u00e3o em JP"},"content":{"rendered":"<p><img width=\"483\" height=\"263\" src=\"https:\/\/pbagora.s3.amazonaws.com\/2025\/04\/10111536\/image-30.png\" class=\"attachment-large size-large wp-post-image\" alt=\"\" style=\"margin-bottom: 20px;\" decoding=\"async\" loading=\"lazy\" srcset=\"https:\/\/pbagora.s3.amazonaws.com\/2025\/04\/10111536\/image-30.png 483w, https:\/\/pbagora.s3.amazonaws.com\/2025\/04\/10111536\/image-30-300x163.png 300w, https:\/\/pbagora.s3.amazonaws.com\/2025\/04\/10111536\/image-30-150x82.png 150w, https:\/\/pbagora.s3.amazonaws.com\/2025\/04\/10111536\/image-30-380x207.png 380w, https:\/\/pbagora.s3.amazonaws.com\/2025\/04\/10111536\/image-30-80x44.png 80w\" sizes=\"auto, (max-width: 483px) 100vw, 483px\" \/><\/p>\n<p>Um homem de 45 anos morreu atropelado por um caminh\u00e3o nessa quarta-feira (09), no bairro do Geisel, em Jo\u00e3o Pessoa. Segundo informa\u00e7\u00f5es da Pol\u00edcia Militar, a v\u00edtima teria sido empurrada durante uma discuss\u00e3o com outro homem, justamente no momento em que o ve\u00edculo passava pela via.<\/p>\n\n\n\n<p>O motorista do caminh\u00e3o, que transportava carga, relatou \u00e0 pol\u00edcia que, ao se aproximar do local, percebeu os dois homens em uma briga, mas n\u00e3o notou que um deles havia sido lan\u00e7ado em dire\u00e7\u00e3o ao ve\u00edculo. Ele s\u00f3 foi informado do atropelamento ap\u00f3s estacionar para descarregar o material e ser abordado por populares.<\/p>\n\n\n\n<p>A v\u00edtima morreu no local, antes mesmo da chegada do socorro. O homem suspeito de ter provocado o empurr\u00e3o fugiu logo ap\u00f3s o ocorrido e, at\u00e9 o momento, n\u00e3o foi localizado.<\/p>\n\n\n\n<p><strong><em>PB Agora<\/em><\/strong><\/p>\n","protected":false},"excerpt":{"rendered":"<p><img decoding=\"async\" width=\"483\" height=\"263\" src=\"https:\/\/pbagora.s3.amazonaws.com\/2025\/04\/10111536\/image-30.png\" class=\"attachment-large size-large wp-post-image\" alt=\"\" loading=\"lazy\"><\/p>\n<p>Um homem de 45 anos morreu atropelado por um caminh\u00e3o nessa quarta-feira (09), no bairro do Geisel, em\u2026<\/p>\n","protected":false},"author":123457,"featured_media":0,"comment_status":"closed","ping_status":"closed","sticky":false,"template":"","format":"standard","meta":{"advgb_blocks_editor_width":"","advgb_blocks_columns_visual_guide":"","footnotes":""},"categories":[34],"tags":[10841,35,10839],"class_list":["post-56250","post","type-post","status-publish","format-standard","hentry","category-g1","tag-destaque-centro-02","tag-g1","tag-policial"],"author_meta":{"display_name":"Reda\u00e7\u00e3o","author_link":"https:\/\/sindaopcpb.org.br\/author\/redacao\/"},"featured_img":null,"coauthors":[],"tax_additional":{"categories":{"linked":["<a href=\"https:\/\/sindaopcpb.org.br\/g1\/\" class=\"advgb-post-tax-term\">G1<\/a>"],"unlinked":["<span class=\"advgb-post-tax-term\">G1<\/span>"]},"tags":{"linked":["<a href=\"https:\/\/sindaopcpb.org.br\/g1\/\" class=\"advgb-post-tax-term\">Destaque Centro 02<\/a>","<a href=\"https:\/\/sindaopcpb.org.br\/g1\/\" class=\"advgb-post-tax-term\">g1<\/a>","<a href=\"https:\/\/sindaopcpb.org.br\/g1\/\" class=\"advgb-post-tax-term\">Policial<\/a>"],"unlinked":["<span class=\"advgb-post-tax-term\">Destaque Centro 02<\/span>","<span class=\"advgb-post-tax-term\">g1<\/span>","<span class=\"advgb-post-tax-term\">Policial<\/span>"]}},"comment_count":"0","relative_dates":{"created":"Publicado 1 ano atr\u00e1s","modified":"Atualizado 1 ano atr\u00e1s"},"absolute_dates":{"created":"Publicado em 10 de abril de 2025","modified":"Atualizado em 10 de abril de 2025"},"absolute_dates_time":{"created":"Publicado em 10 de abril de 2025 11:16","modified":"Atualizado em 10 de abril de 2025 12:28"},"featured_img_caption":"","series_order":"","_links":{"self":[{"href":"https:\/\/sindaopcpb.org.br\/index.php\/wp-json\/wp\/v2\/posts\/56250","targetHints":{"allow":["GET"]}}],"collection":[{"href":"https:\/\/sindaopcpb.org.br\/index.php\/wp-json\/wp\/v2\/posts"}],"about":[{"href":"https:\/\/sindaopcpb.org.br\/index.php\/wp-json\/wp\/v2\/types\/post"}],"author":[{"embeddable":true,"href":"https:\/\/sindaopcpb.org.br\/index.php\/wp-json\/wp\/v2\/users\/123457"}],"replies":[{"embeddable":true,"href":"https:\/\/sindaopcpb.org.br\/index.php\/wp-json\/wp\/v2\/comments?post=56250"}],"version-history":[{"count":2,"href":"https:\/\/sindaopcpb.org.br\/index.php\/wp-json\/wp\/v2\/posts\/56250\/revisions"}],"predecessor-version":[{"id":56257,"href":"https:\/\/sindaopcpb.org.br\/index.php\/wp-json\/wp\/v2\/posts\/56250\/revisions\/56257"}],"wp:attachment":[{"href":"https:\/\/sindaopcpb.org.br\/index.php\/wp-json\/wp\/v2\/media?parent=56250"}],"wp:term":[{"taxonomy":"category","embeddable":true,"href":"https:\/\/sindaopcpb.org.br\/index.php\/wp-json\/wp\/v2\/categories?post=56250"},{"taxonomy":"post_tag","embeddable":true,"href":"https:\/\/sindaopcpb.org.br\/index.php\/wp-json\/wp\/v2\/tags?post=56250"}],"curies":[{"name":"wp","href":"https:\/\/api.w.org\/{rel}","templated":true}]}}