{"id":56241,"date":"2025-04-09T12:50:46","date_gmt":"2025-04-09T15:50:46","guid":{"rendered":"https:\/\/www.pbagora.com.br\/?p=894904"},"modified":"2025-04-09T12:50:46","modified_gmt":"2025-04-09T15:50:46","slug":"mulher-morre-atropelada-por-caminhao-na-br-230-no-sertao","status":"publish","type":"post","link":"https:\/\/sindaopcpb.org.br\/index.php\/2025\/04\/09\/mulher-morre-atropelada-por-caminhao-na-br-230-no-sertao\/","title":{"rendered":"Mulher morre atropelada por caminh\u00e3o na BR-230, no Sert\u00e3o"},"content":{"rendered":"<p><img width=\"890\" height=\"820\" src=\"https:\/\/pbagora.s3.amazonaws.com\/2025\/04\/09111714\/WhatsApp-Image-2025-04-09-at-09.43.03.jpeg\" class=\"attachment-large size-large wp-post-image\" alt=\"\" style=\"margin-bottom: 20px;\" decoding=\"async\" loading=\"lazy\" srcset=\"https:\/\/pbagora.s3.amazonaws.com\/2025\/04\/09111714\/WhatsApp-Image-2025-04-09-at-09.43.03.jpeg 890w, https:\/\/pbagora.s3.amazonaws.com\/2025\/04\/09111714\/WhatsApp-Image-2025-04-09-at-09.43.03-300x276.jpeg 300w, https:\/\/pbagora.s3.amazonaws.com\/2025\/04\/09111714\/WhatsApp-Image-2025-04-09-at-09.43.03-150x138.jpeg 150w, https:\/\/pbagora.s3.amazonaws.com\/2025\/04\/09111714\/WhatsApp-Image-2025-04-09-at-09.43.03-768x708.jpeg 768w, https:\/\/pbagora.s3.amazonaws.com\/2025\/04\/09111714\/WhatsApp-Image-2025-04-09-at-09.43.03-380x350.jpeg 380w, https:\/\/pbagora.s3.amazonaws.com\/2025\/04\/09111714\/WhatsApp-Image-2025-04-09-at-09.43.03-800x737.jpeg 800w, https:\/\/pbagora.s3.amazonaws.com\/2025\/04\/09111714\/WhatsApp-Image-2025-04-09-at-09.43.03-80x74.jpeg 80w, https:\/\/pbagora.s3.amazonaws.com\/2025\/04\/09111714\/WhatsApp-Image-2025-04-09-at-09.43.03-760x700.jpeg 760w, https:\/\/pbagora.s3.amazonaws.com\/2025\/04\/09111714\/WhatsApp-Image-2025-04-09-at-09.43.03-600x553.jpeg 600w\" sizes=\"auto, (max-width: 890px) 100vw, 890px\" \/><\/p>\n<p>Uma mulher de 34 anos morreu ap\u00f3s ser atropelada por um ve\u00edculo de carga na noite dessa ter\u00e7a-feira (08), no munic\u00edpio de Cajazeiras, Sert\u00e3o da Para\u00edba. O sinistro foi registrado, de acordo com a Pol\u00edcia Rodovi\u00e1ria Federal (PRF), no km 508 da BR-230, no sentido do estado do Cear\u00e1.<\/p>\n\n\n\n<p>De acordo com informa\u00e7\u00f5es da PRF, a v\u00edtima foi socorrida em estado grave, mas n\u00e3o resistiu aos ferimentos e faleceu durante o deslocamento para uma unidade de sa\u00fade. A identidade da mulher n\u00e3o foi divulgada.<\/p>\n\n\n\n<p>O ve\u00edculo envolvido no atropelamento n\u00e3o foi identificado no momento do ocorrido, mas, segundo a PRF, o condutor foi localizado posteriormente. A corpora\u00e7\u00e3o n\u00e3o forneceu detalhes sobre as circunst\u00e2ncias do acidente nem sobre as medidas que ser\u00e3o adotadas em rela\u00e7\u00e3o ao motorista.<\/p>\n\n\n\n<p><strong><em>PB Agora<\/em><\/strong><\/p>\n","protected":false},"excerpt":{"rendered":"<p><img decoding=\"async\" width=\"890\" height=\"820\" src=\"https:\/\/pbagora.s3.amazonaws.com\/2025\/04\/09111714\/WhatsApp-Image-2025-04-09-at-09.43.03.jpeg\" class=\"attachment-large size-large wp-post-image\" alt=\"\" loading=\"lazy\"><\/p>\n<p>Uma mulher de 34 anos morreu ap\u00f3s ser atropelada por um ve\u00edculo de carga na noite dessa ter\u00e7a-feira\u2026<\/p>\n","protected":false},"author":123457,"featured_media":0,"comment_status":"closed","ping_status":"closed","sticky":false,"template":"","format":"standard","meta":{"advgb_blocks_editor_width":"","advgb_blocks_columns_visual_guide":"","footnotes":""},"categories":[34],"tags":[35,10839,10848],"class_list":["post-56241","post","type-post","status-publish","format-standard","hentry","category-g1","tag-g1","tag-policial","tag-rodape-01"],"author_meta":{"display_name":"Reda\u00e7\u00e3o","author_link":"https:\/\/sindaopcpb.org.br\/author\/redacao\/"},"featured_img":null,"coauthors":[],"tax_additional":{"categories":{"linked":["<a href=\"https:\/\/sindaopcpb.org.br\/g1\/\" class=\"advgb-post-tax-term\">G1<\/a>"],"unlinked":["<span class=\"advgb-post-tax-term\">G1<\/span>"]},"tags":{"linked":["<a href=\"https:\/\/sindaopcpb.org.br\/g1\/\" class=\"advgb-post-tax-term\">g1<\/a>","<a href=\"https:\/\/sindaopcpb.org.br\/g1\/\" class=\"advgb-post-tax-term\">Policial<\/a>","<a href=\"https:\/\/sindaopcpb.org.br\/g1\/\" class=\"advgb-post-tax-term\">Rodape 01<\/a>"],"unlinked":["<span class=\"advgb-post-tax-term\">g1<\/span>","<span class=\"advgb-post-tax-term\">Policial<\/span>","<span class=\"advgb-post-tax-term\">Rodape 01<\/span>"]}},"comment_count":"0","relative_dates":{"created":"Publicado 1 ano atr\u00e1s","modified":"Atualizado 1 ano atr\u00e1s"},"absolute_dates":{"created":"Publicado em 9 de abril de 2025","modified":"Atualizado em 9 de abril de 2025"},"absolute_dates_time":{"created":"Publicado em 9 de abril de 2025 12:50","modified":"Atualizado em 9 de abril de 2025 12:50"},"featured_img_caption":"","series_order":"","_links":{"self":[{"href":"https:\/\/sindaopcpb.org.br\/index.php\/wp-json\/wp\/v2\/posts\/56241","targetHints":{"allow":["GET"]}}],"collection":[{"href":"https:\/\/sindaopcpb.org.br\/index.php\/wp-json\/wp\/v2\/posts"}],"about":[{"href":"https:\/\/sindaopcpb.org.br\/index.php\/wp-json\/wp\/v2\/types\/post"}],"author":[{"embeddable":true,"href":"https:\/\/sindaopcpb.org.br\/index.php\/wp-json\/wp\/v2\/users\/123457"}],"replies":[{"embeddable":true,"href":"https:\/\/sindaopcpb.org.br\/index.php\/wp-json\/wp\/v2\/comments?post=56241"}],"version-history":[{"count":1,"href":"https:\/\/sindaopcpb.org.br\/index.php\/wp-json\/wp\/v2\/posts\/56241\/revisions"}],"predecessor-version":[{"id":56242,"href":"https:\/\/sindaopcpb.org.br\/index.php\/wp-json\/wp\/v2\/posts\/56241\/revisions\/56242"}],"wp:attachment":[{"href":"https:\/\/sindaopcpb.org.br\/index.php\/wp-json\/wp\/v2\/media?parent=56241"}],"wp:term":[{"taxonomy":"category","embeddable":true,"href":"https:\/\/sindaopcpb.org.br\/index.php\/wp-json\/wp\/v2\/categories?post=56241"},{"taxonomy":"post_tag","embeddable":true,"href":"https:\/\/sindaopcpb.org.br\/index.php\/wp-json\/wp\/v2\/tags?post=56241"}],"curies":[{"name":"wp","href":"https:\/\/api.w.org\/{rel}","templated":true}]}}