{"id":56227,"date":"2025-04-09T17:00:46","date_gmt":"2025-04-09T20:00:46","guid":{"rendered":"https:\/\/www.pbagora.com.br\/?p=894983"},"modified":"2025-04-09T17:00:46","modified_gmt":"2025-04-09T20:00:46","slug":"apos-homicidio-dentro-da-instituicao-uepb-e-seguranca-publica-definem-expansao-de-monitoramento-por-cameras","status":"publish","type":"post","link":"https:\/\/sindaopcpb.org.br\/index.php\/2025\/04\/09\/apos-homicidio-dentro-da-instituicao-uepb-e-seguranca-publica-definem-expansao-de-monitoramento-por-cameras\/","title":{"rendered":"Ap\u00f3s homic\u00eddio dentro da institui\u00e7\u00e3o, UEPB e Seguran\u00e7a P\u00fablica definem expans\u00e3o de monitoramento por c\u00e2meras"},"content":{"rendered":"<p><img width=\"1024\" height=\"576\" src=\"https:\/\/pbagora.s3.amazonaws.com\/2025\/04\/09151846\/reuniao-UEPB-e-Seguranca-Publica-1024x576.jpg\" class=\"attachment-large size-large wp-post-image\" alt=\"\" style=\"margin-bottom: 20px;\" decoding=\"async\" srcset=\"https:\/\/pbagora.s3.amazonaws.com\/2025\/04\/09151846\/reuniao-UEPB-e-Seguranca-Publica-1024x576.jpg 1024w, https:\/\/pbagora.s3.amazonaws.com\/2025\/04\/09151846\/reuniao-UEPB-e-Seguranca-Publica-300x169.jpg 300w, https:\/\/pbagora.s3.amazonaws.com\/2025\/04\/09151846\/reuniao-UEPB-e-Seguranca-Publica-150x84.jpg 150w, https:\/\/pbagora.s3.amazonaws.com\/2025\/04\/09151846\/reuniao-UEPB-e-Seguranca-Publica-768x432.jpg 768w, https:\/\/pbagora.s3.amazonaws.com\/2025\/04\/09151846\/reuniao-UEPB-e-Seguranca-Publica-1536x864.jpg 1536w, https:\/\/pbagora.s3.amazonaws.com\/2025\/04\/09151846\/reuniao-UEPB-e-Seguranca-Publica-380x214.jpg 380w, https:\/\/pbagora.s3.amazonaws.com\/2025\/04\/09151846\/reuniao-UEPB-e-Seguranca-Publica-800x450.jpg 800w, https:\/\/pbagora.s3.amazonaws.com\/2025\/04\/09151846\/reuniao-UEPB-e-Seguranca-Publica-1160x653.jpg 1160w, https:\/\/pbagora.s3.amazonaws.com\/2025\/04\/09151846\/reuniao-UEPB-e-Seguranca-Publica-80x46.jpg 80w, https:\/\/pbagora.s3.amazonaws.com\/2025\/04\/09151846\/reuniao-UEPB-e-Seguranca-Publica-760x428.jpg 760w, https:\/\/pbagora.s3.amazonaws.com\/2025\/04\/09151846\/reuniao-UEPB-e-Seguranca-Publica-600x338.jpg 600w, https:\/\/pbagora.s3.amazonaws.com\/2025\/04\/09151846\/reuniao-UEPB-e-Seguranca-Publica.jpg 1600w\" sizes=\"(max-width: 1024px) 100vw, 1024px\" \/><\/p>\n<p>A Secretaria de Estado da Seguran\u00e7a e da Defesa Social (Sesds) vai instalar em pontos sens\u00edveis da Universidade Estadual da Para\u00edba c\u00e2meras ligadas diretamente ao Centro Integrado de Comando e Controle (CICC), em Campina Grande. O objetivo \u00e9 promover mais seguran\u00e7a dentro do campus, principalmente com o uso de tecnologia de videomonitoramento.<\/p>\n\n\n\n<p>A medida foi discutida durante reuni\u00e3o do secret\u00e1rio da Seguran\u00e7a e da Defesa Social, Jean Nunes, nessa ter\u00e7a-feira (8), em Campina Grande, com a reitora da Universidade Estadual da Para\u00edba (UEPB), professora C\u00e9lia Regina Diniz, para discutir a\u00e7\u00f5es que possam promover mais seguran\u00e7a dentro do campus. A agenda contou ainda com as presen\u00e7as do delegado-geral de Pol\u00edcia Civil, Andr\u00e9 Rabelo, do gerente de Tecnologia da Informa\u00e7\u00e3o da pasta, Fabiano Vieira, e da coordenadora do Centro Integrado de Comando e Controle (CICC) na cidade, coronel BM Jousilene Sales, al\u00e9m de integrantes da universidade.<\/p>\n\n\n\n<p>No encontro, Jean Nunes colocou a Seguran\u00e7a P\u00fablica do Estado \u00e0 disposi\u00e7\u00e3o da institui\u00e7\u00e3o de ensino e designou uma equipe t\u00e9cnica de Tecnologia da Informa\u00e7\u00e3o para mapear, na pr\u00f3xima semana, pontos sens\u00edveis na universidade, para que sejam instaladas c\u00e2meras ligadas diretamente ao CICC de Campina Grande. Al\u00e9m disso, a Seguran\u00e7a tamb\u00e9m vai orientar a UEPB para compra de c\u00e2meras inteligentes, a fim de ampliar a capacidade de monitoramento dos ambientes acad\u00eamicos.<\/p>\n\n\n\n<p><strong>Mais seguran\u00e7a &#8211; <\/strong>As medidas para expandir o uso de c\u00e2meras visam combater a\u00e7\u00f5es como o homic\u00eddio ocorrido recentemente pelo empres\u00e1rio Fl\u00e1vio Medeiros contra o professor Keine Diniz, na quinta-feira (3), nas depend\u00eancias da universidade. O caso foi totalmente elucidado, com autoria e motiva\u00e7\u00e3o esclarecidas pela Pol\u00edcia Civil e divulgadas durante coletiva de imprensa.<\/p>\n\n\n\n<p><\/p>\n\n\n\n<p><strong><em>Secom-PB<\/em><\/strong><\/p>\n","protected":false},"excerpt":{"rendered":"<p><img loading=\"lazy\" decoding=\"async\" width=\"1024\" height=\"576\" src=\"https:\/\/pbagora.s3.amazonaws.com\/2025\/04\/09151846\/reuniao-UEPB-e-Seguranca-Publica-1024x576.jpg\" class=\"attachment-large size-large wp-post-image\" alt=\"\"><\/p>\n<p>A Secretaria de Estado da Seguran\u00e7a e da Defesa Social (Sesds) vai instalar em pontos sens\u00edveis da Universidade\u2026<\/p>\n","protected":false},"author":123457,"featured_media":0,"comment_status":"closed","ping_status":"closed","sticky":false,"template":"","format":"standard","meta":{"advgb_blocks_editor_width":"","advgb_blocks_columns_visual_guide":"","footnotes":""},"categories":[34],"tags":[10845,35,10839],"class_list":["post-56227","post","type-post","status-publish","format-standard","hentry","category-g1","tag-destaque-centro-01","tag-g1","tag-policial"],"author_meta":{"display_name":"Reda\u00e7\u00e3o","author_link":"https:\/\/sindaopcpb.org.br\/author\/redacao\/"},"featured_img":null,"coauthors":[],"tax_additional":{"categories":{"linked":["<a href=\"https:\/\/sindaopcpb.org.br\/g1\/\" class=\"advgb-post-tax-term\">G1<\/a>"],"unlinked":["<span class=\"advgb-post-tax-term\">G1<\/span>"]},"tags":{"linked":["<a href=\"https:\/\/sindaopcpb.org.br\/g1\/\" class=\"advgb-post-tax-term\">Destaque Centro 01<\/a>","<a href=\"https:\/\/sindaopcpb.org.br\/g1\/\" class=\"advgb-post-tax-term\">g1<\/a>","<a href=\"https:\/\/sindaopcpb.org.br\/g1\/\" class=\"advgb-post-tax-term\">Policial<\/a>"],"unlinked":["<span class=\"advgb-post-tax-term\">Destaque Centro 01<\/span>","<span class=\"advgb-post-tax-term\">g1<\/span>","<span class=\"advgb-post-tax-term\">Policial<\/span>"]}},"comment_count":"0","relative_dates":{"created":"Publicado 1 ano atr\u00e1s","modified":"Atualizado 1 ano atr\u00e1s"},"absolute_dates":{"created":"Publicado em 9 de abril de 2025","modified":"Atualizado em 9 de abril de 2025"},"absolute_dates_time":{"created":"Publicado em 9 de abril de 2025 17:00","modified":"Atualizado em 9 de abril de 2025 17:00"},"featured_img_caption":"","series_order":"","_links":{"self":[{"href":"https:\/\/sindaopcpb.org.br\/index.php\/wp-json\/wp\/v2\/posts\/56227","targetHints":{"allow":["GET"]}}],"collection":[{"href":"https:\/\/sindaopcpb.org.br\/index.php\/wp-json\/wp\/v2\/posts"}],"about":[{"href":"https:\/\/sindaopcpb.org.br\/index.php\/wp-json\/wp\/v2\/types\/post"}],"author":[{"embeddable":true,"href":"https:\/\/sindaopcpb.org.br\/index.php\/wp-json\/wp\/v2\/users\/123457"}],"replies":[{"embeddable":true,"href":"https:\/\/sindaopcpb.org.br\/index.php\/wp-json\/wp\/v2\/comments?post=56227"}],"version-history":[{"count":2,"href":"https:\/\/sindaopcpb.org.br\/index.php\/wp-json\/wp\/v2\/posts\/56227\/revisions"}],"predecessor-version":[{"id":56239,"href":"https:\/\/sindaopcpb.org.br\/index.php\/wp-json\/wp\/v2\/posts\/56227\/revisions\/56239"}],"wp:attachment":[{"href":"https:\/\/sindaopcpb.org.br\/index.php\/wp-json\/wp\/v2\/media?parent=56227"}],"wp:term":[{"taxonomy":"category","embeddable":true,"href":"https:\/\/sindaopcpb.org.br\/index.php\/wp-json\/wp\/v2\/categories?post=56227"},{"taxonomy":"post_tag","embeddable":true,"href":"https:\/\/sindaopcpb.org.br\/index.php\/wp-json\/wp\/v2\/tags?post=56227"}],"curies":[{"name":"wp","href":"https:\/\/api.w.org\/{rel}","templated":true}]}}