{"id":56157,"date":"2025-04-07T15:55:38","date_gmt":"2025-04-07T18:55:38","guid":{"rendered":"https:\/\/www.pbagora.com.br\/?p=894582"},"modified":"2025-04-07T15:55:38","modified_gmt":"2025-04-07T18:55:38","slug":"capotamento-provoca-transito-nos-dois-sentidos-da-br-230-em-joao-pessoa","status":"publish","type":"post","link":"https:\/\/sindaopcpb.org.br\/index.php\/2025\/04\/07\/capotamento-provoca-transito-nos-dois-sentidos-da-br-230-em-joao-pessoa\/","title":{"rendered":"Capotamento provoca tr\u00e2nsito nos dois sentidos da BR-230 em Jo\u00e3o Pessoa"},"content":{"rendered":"<p><img width=\"427\" height=\"270\" src=\"https:\/\/pbagora.s3.amazonaws.com\/2025\/04\/07123344\/Capotamento-BR-230-1.jpg\" class=\"attachment-large size-large wp-post-image\" alt=\"\" style=\"margin-bottom: 20px;\" decoding=\"async\" srcset=\"https:\/\/pbagora.s3.amazonaws.com\/2025\/04\/07123344\/Capotamento-BR-230-1.jpg 427w, https:\/\/pbagora.s3.amazonaws.com\/2025\/04\/07123344\/Capotamento-BR-230-1-300x190.jpg 300w, https:\/\/pbagora.s3.amazonaws.com\/2025\/04\/07123344\/Capotamento-BR-230-1-150x95.jpg 150w, https:\/\/pbagora.s3.amazonaws.com\/2025\/04\/07123344\/Capotamento-BR-230-1-380x240.jpg 380w, https:\/\/pbagora.s3.amazonaws.com\/2025\/04\/07123344\/Capotamento-BR-230-1-80x50.jpg 80w\" sizes=\"(max-width: 427px) 100vw, 427px\" \/><\/p>\n<p>O capotamento de um ve\u00edculo deixou o tr\u00e2nsito congestionado na manh\u00e3 desta segunda-feira (7), nos dois sentidos da BR-230, em Jo\u00e3o Pessoa. De acordo com a Pol\u00edcia Rodovi\u00e1ria Federal, o condutor do carro perdeu o controle da dire\u00e7\u00e3o quando transitava no sentido Jo\u00e3o Pessoa-Cabedelo na altura do quil\u00f4metro 19, pr\u00f3ximo ao bairro do Castelo Branco.<\/p>\n\n\n\n<p>Ap\u00f3s a sa\u00edda da pista, o ve\u00edculo chegou a cruzar o canteiro central, acabou capotando e parando na faixa da esquerda no sentido contr\u00e1rio da rodovia, na dire\u00e7\u00e3o Jo\u00e3o Pessoa Bayeux. Apesar do susto, ningu\u00e9m ficou ferido.<\/p>\n\n\n\n<p>A PRF seguiu no local do acidente e o carro se encontra no acostamento aguardando remo\u00e7\u00e3o.<\/p>\n\n\n\n<p><strong><em>PB Agora<\/em><\/strong><\/p>\n","protected":false},"excerpt":{"rendered":"<p><img loading=\"lazy\" decoding=\"async\" width=\"427\" height=\"270\" src=\"https:\/\/pbagora.s3.amazonaws.com\/2025\/04\/07123344\/Capotamento-BR-230-1.jpg\" class=\"attachment-large size-large wp-post-image\" alt=\"\"><\/p>\n<p>O capotamento de um ve\u00edculo deixou o tr\u00e2nsito congestionado na manh\u00e3 desta segunda-feira (7), nos dois sentidos da\u2026<\/p>\n","protected":false},"author":123457,"featured_media":0,"comment_status":"closed","ping_status":"closed","sticky":false,"template":"","format":"standard","meta":{"advgb_blocks_editor_width":"","advgb_blocks_columns_visual_guide":"","footnotes":""},"categories":[34],"tags":[10841,35,10839],"class_list":["post-56157","post","type-post","status-publish","format-standard","hentry","category-g1","tag-destaque-centro-02","tag-g1","tag-policial"],"author_meta":{"display_name":"Reda\u00e7\u00e3o","author_link":"https:\/\/sindaopcpb.org.br\/author\/redacao\/"},"featured_img":null,"coauthors":[],"tax_additional":{"categories":{"linked":["<a href=\"https:\/\/sindaopcpb.org.br\/g1\/\" class=\"advgb-post-tax-term\">G1<\/a>"],"unlinked":["<span class=\"advgb-post-tax-term\">G1<\/span>"]},"tags":{"linked":["<a href=\"https:\/\/sindaopcpb.org.br\/g1\/\" class=\"advgb-post-tax-term\">Destaque Centro 02<\/a>","<a href=\"https:\/\/sindaopcpb.org.br\/g1\/\" class=\"advgb-post-tax-term\">g1<\/a>","<a href=\"https:\/\/sindaopcpb.org.br\/g1\/\" class=\"advgb-post-tax-term\">Policial<\/a>"],"unlinked":["<span class=\"advgb-post-tax-term\">Destaque Centro 02<\/span>","<span class=\"advgb-post-tax-term\">g1<\/span>","<span class=\"advgb-post-tax-term\">Policial<\/span>"]}},"comment_count":"0","relative_dates":{"created":"Publicado 1 ano atr\u00e1s","modified":"Atualizado 1 ano atr\u00e1s"},"absolute_dates":{"created":"Publicado em 7 de abril de 2025","modified":"Atualizado em 7 de abril de 2025"},"absolute_dates_time":{"created":"Publicado em 7 de abril de 2025 15:55","modified":"Atualizado em 7 de abril de 2025 15:55"},"featured_img_caption":"","series_order":"","_links":{"self":[{"href":"https:\/\/sindaopcpb.org.br\/index.php\/wp-json\/wp\/v2\/posts\/56157","targetHints":{"allow":["GET"]}}],"collection":[{"href":"https:\/\/sindaopcpb.org.br\/index.php\/wp-json\/wp\/v2\/posts"}],"about":[{"href":"https:\/\/sindaopcpb.org.br\/index.php\/wp-json\/wp\/v2\/types\/post"}],"author":[{"embeddable":true,"href":"https:\/\/sindaopcpb.org.br\/index.php\/wp-json\/wp\/v2\/users\/123457"}],"replies":[{"embeddable":true,"href":"https:\/\/sindaopcpb.org.br\/index.php\/wp-json\/wp\/v2\/comments?post=56157"}],"version-history":[{"count":2,"href":"https:\/\/sindaopcpb.org.br\/index.php\/wp-json\/wp\/v2\/posts\/56157\/revisions"}],"predecessor-version":[{"id":56162,"href":"https:\/\/sindaopcpb.org.br\/index.php\/wp-json\/wp\/v2\/posts\/56157\/revisions\/56162"}],"wp:attachment":[{"href":"https:\/\/sindaopcpb.org.br\/index.php\/wp-json\/wp\/v2\/media?parent=56157"}],"wp:term":[{"taxonomy":"category","embeddable":true,"href":"https:\/\/sindaopcpb.org.br\/index.php\/wp-json\/wp\/v2\/categories?post=56157"},{"taxonomy":"post_tag","embeddable":true,"href":"https:\/\/sindaopcpb.org.br\/index.php\/wp-json\/wp\/v2\/tags?post=56157"}],"curies":[{"name":"wp","href":"https:\/\/api.w.org\/{rel}","templated":true}]}}