{"id":56134,"date":"2025-04-06T10:53:16","date_gmt":"2025-04-06T13:53:16","guid":{"rendered":"https:\/\/www.pbagora.com.br\/?p=894402"},"modified":"2025-04-06T10:53:16","modified_gmt":"2025-04-06T13:53:16","slug":"conflito-entre-criminosos-e-pm-termina-com-tres-detidos-e-armas-apreendidas-em-jp","status":"publish","type":"post","link":"https:\/\/sindaopcpb.org.br\/index.php\/2025\/04\/06\/conflito-entre-criminosos-e-pm-termina-com-tres-detidos-e-armas-apreendidas-em-jp\/","title":{"rendered":"Conflito entre criminosos e PM termina com tr\u00eas detidos e armas apreendidas em JP"},"content":{"rendered":"<p><img width=\"800\" height=\"554\" src=\"https:\/\/pbagora.s3.amazonaws.com\/2025\/04\/05155219\/viatura-valentina.jpg\" class=\"attachment-large size-large wp-post-image\" alt=\"\" style=\"margin-bottom: 20px;\" decoding=\"async\" loading=\"lazy\" srcset=\"https:\/\/pbagora.s3.amazonaws.com\/2025\/04\/05155219\/viatura-valentina.jpg 800w, https:\/\/pbagora.s3.amazonaws.com\/2025\/04\/05155219\/viatura-valentina-300x208.jpg 300w, https:\/\/pbagora.s3.amazonaws.com\/2025\/04\/05155219\/viatura-valentina-150x104.jpg 150w, https:\/\/pbagora.s3.amazonaws.com\/2025\/04\/05155219\/viatura-valentina-768x532.jpg 768w, https:\/\/pbagora.s3.amazonaws.com\/2025\/04\/05155219\/viatura-valentina-380x263.jpg 380w, https:\/\/pbagora.s3.amazonaws.com\/2025\/04\/05155219\/viatura-valentina-80x55.jpg 80w, https:\/\/pbagora.s3.amazonaws.com\/2025\/04\/05155219\/viatura-valentina-760x526.jpg 760w, https:\/\/pbagora.s3.amazonaws.com\/2025\/04\/05155219\/viatura-valentina-600x416.jpg 600w\" sizes=\"auto, (max-width: 800px) 100vw, 800px\" \/><\/p>\n<p>Na madrugada deste domingo (6), um confronto entre criminosos e a Pol\u00edcia Militar foi registrado no bairro S\u00e3o Jos\u00e9, na Zona Leste de Jo\u00e3o Pessoa. De acordo com a PM, os suspeitos estariam envolvidos em um assalto ocorrido no dia anterior, em Cabedelo, onde uma dupla armada roubou um ve\u00edculo pr\u00f3ximo \u00e0 comunidade do Jacar\u00e9, na BR-230. O grupo \u00e9 ligado a uma fac\u00e7\u00e3o criminosa.<\/p>\n\n\n\n<p>Durante a abordagem no bairro S\u00e3o Jos\u00e9, a PM tentou realizar a abordagem a um grupo de oito indiv\u00edduos que, ao desobedecerem a ordem de parada, iniciaram um tiroteio contra a guarni\u00e7\u00e3o. No decorrer do confronto, alguns criminosos conseguiram fugir ao se jogar no rio Jaguaribe, enquanto tr\u00eas foram capturados. Com os detidos, foram apreendidas tr\u00eas armas de fogo.<\/p>\n\n\n\n<p>O coronel S\u00e9rgio Fonseca, comandante-geral da Pol\u00edcia Militar da Para\u00edba, explicou que as investiga\u00e7\u00f5es indicavam que os suspeitos estavam relacionados ao assalto ocorrido no bairro do Jacar\u00e9. &#8220;Durante a incurs\u00e3o, nos deparamos com cerca de oito elementos que efetuaram v\u00e1rios disparos contra a guarni\u00e7\u00e3o. Alguns conseguiram fugir, mas tr\u00eas foram capturados&#8221;, afirmou o comandante.<\/p>\n\n\n\n<p><strong><em>Reda\u00e7\u00e3o<\/em><\/strong><\/p>\n","protected":false},"excerpt":{"rendered":"<p><img decoding=\"async\" width=\"800\" height=\"554\" src=\"https:\/\/pbagora.s3.amazonaws.com\/2025\/04\/05155219\/viatura-valentina.jpg\" class=\"attachment-large size-large wp-post-image\" alt=\"\" loading=\"lazy\"><\/p>\n<p>Na madrugada deste domingo (6), um confronto entre criminosos e a Pol\u00edcia Militar foi registrado no bairro S\u00e3o\u2026<\/p>\n","protected":false},"author":123457,"featured_media":0,"comment_status":"closed","ping_status":"closed","sticky":false,"template":"","format":"standard","meta":{"advgb_blocks_editor_width":"","advgb_blocks_columns_visual_guide":"","footnotes":""},"categories":[34],"tags":[35,10839,10842],"class_list":["post-56134","post","type-post","status-publish","format-standard","hentry","category-g1","tag-g1","tag-policial","tag-principal3"],"author_meta":{"display_name":"Reda\u00e7\u00e3o","author_link":"https:\/\/sindaopcpb.org.br\/author\/redacao\/"},"featured_img":null,"coauthors":[],"tax_additional":{"categories":{"linked":["<a href=\"https:\/\/sindaopcpb.org.br\/g1\/\" class=\"advgb-post-tax-term\">G1<\/a>"],"unlinked":["<span class=\"advgb-post-tax-term\">G1<\/span>"]},"tags":{"linked":["<a href=\"https:\/\/sindaopcpb.org.br\/g1\/\" class=\"advgb-post-tax-term\">g1<\/a>","<a href=\"https:\/\/sindaopcpb.org.br\/g1\/\" class=\"advgb-post-tax-term\">Policial<\/a>","<a href=\"https:\/\/sindaopcpb.org.br\/g1\/\" class=\"advgb-post-tax-term\">Principal3<\/a>"],"unlinked":["<span class=\"advgb-post-tax-term\">g1<\/span>","<span class=\"advgb-post-tax-term\">Policial<\/span>","<span class=\"advgb-post-tax-term\">Principal3<\/span>"]}},"comment_count":"0","relative_dates":{"created":"Publicado 1 ano atr\u00e1s","modified":"Atualizado 1 ano atr\u00e1s"},"absolute_dates":{"created":"Publicado em 6 de abril de 2025","modified":"Atualizado em 6 de abril de 2025"},"absolute_dates_time":{"created":"Publicado em 6 de abril de 2025 10:53","modified":"Atualizado em 6 de abril de 2025 10:53"},"featured_img_caption":"","series_order":"","_links":{"self":[{"href":"https:\/\/sindaopcpb.org.br\/index.php\/wp-json\/wp\/v2\/posts\/56134","targetHints":{"allow":["GET"]}}],"collection":[{"href":"https:\/\/sindaopcpb.org.br\/index.php\/wp-json\/wp\/v2\/posts"}],"about":[{"href":"https:\/\/sindaopcpb.org.br\/index.php\/wp-json\/wp\/v2\/types\/post"}],"author":[{"embeddable":true,"href":"https:\/\/sindaopcpb.org.br\/index.php\/wp-json\/wp\/v2\/users\/123457"}],"replies":[{"embeddable":true,"href":"https:\/\/sindaopcpb.org.br\/index.php\/wp-json\/wp\/v2\/comments?post=56134"}],"version-history":[{"count":1,"href":"https:\/\/sindaopcpb.org.br\/index.php\/wp-json\/wp\/v2\/posts\/56134\/revisions"}],"predecessor-version":[{"id":56135,"href":"https:\/\/sindaopcpb.org.br\/index.php\/wp-json\/wp\/v2\/posts\/56134\/revisions\/56135"}],"wp:attachment":[{"href":"https:\/\/sindaopcpb.org.br\/index.php\/wp-json\/wp\/v2\/media?parent=56134"}],"wp:term":[{"taxonomy":"category","embeddable":true,"href":"https:\/\/sindaopcpb.org.br\/index.php\/wp-json\/wp\/v2\/categories?post=56134"},{"taxonomy":"post_tag","embeddable":true,"href":"https:\/\/sindaopcpb.org.br\/index.php\/wp-json\/wp\/v2\/tags?post=56134"}],"curies":[{"name":"wp","href":"https:\/\/api.w.org\/{rel}","templated":true}]}}