{"id":56130,"date":"2025-04-06T10:55:58","date_gmt":"2025-04-06T13:55:58","guid":{"rendered":"https:\/\/www.pbagora.com.br\/?p=894233"},"modified":"2025-04-06T14:50:58","modified_gmt":"2025-04-06T17:50:58","slug":"secretario-de-seguranca-avalia-que-decisao-do-stf-sobre-operacoes-policiais-no-rj-deve-gerar-reflexos-positivos-na-pb","status":"publish","type":"post","link":"https:\/\/sindaopcpb.org.br\/index.php\/2025\/04\/06\/secretario-de-seguranca-avalia-que-decisao-do-stf-sobre-operacoes-policiais-no-rj-deve-gerar-reflexos-positivos-na-pb\/","title":{"rendered":"Secret\u00e1rio de Seguran\u00e7a avalia que decis\u00e3o do STF sobre opera\u00e7\u00f5es policiais no RJ deve gerar reflexos positivos na PB"},"content":{"rendered":"<p><img width=\"696\" height=\"439\" src=\"https:\/\/pbagora.s3.amazonaws.com\/2021\/12\/14133945\/Jean-Nunes-e1609187988520.jpg\" class=\"attachment-large size-large wp-post-image\" alt=\"\" style=\"margin-bottom: 20px;\" decoding=\"async\" srcset=\"https:\/\/pbagora.s3.amazonaws.com\/2021\/12\/14133945\/Jean-Nunes-e1609187988520.jpg 696w, https:\/\/pbagora.s3.amazonaws.com\/2021\/12\/14133945\/Jean-Nunes-e1609187988520-300x189.jpg 300w, https:\/\/pbagora.s3.amazonaws.com\/2021\/12\/14133945\/Jean-Nunes-e1609187988520-150x95.jpg 150w, https:\/\/pbagora.s3.amazonaws.com\/2021\/12\/14133945\/Jean-Nunes-e1609187988520-380x240.jpg 380w, https:\/\/pbagora.s3.amazonaws.com\/2021\/12\/14133945\/Jean-Nunes-e1609187988520-80x50.jpg 80w, https:\/\/pbagora.s3.amazonaws.com\/2021\/12\/14133945\/Jean-Nunes-e1609187988520-600x378.jpg 600w\" sizes=\"(max-width: 696px) 100vw, 696px\" \/><\/p>\n<p>O Secret\u00e1rio de Seguran\u00e7a da Para\u00edba, delegado Jean Nunes, avaliou como positiva a decis\u00e3o recente do Supremo Tribunal Federal sobre as opera\u00e7\u00f5es pol\u00edcias nas comunidades do Rio de Janeiro. Durante entrevista \u00e0 r\u00e1dio CBN Para\u00edba nesta semana, Jean afirmou que as novas orienta\u00e7\u00f5es devem gerar bons reflexos no combate \u00e0 criminalidade aqui no estado.<\/p>\n\n\n\n<p>Entre as principais medidas influenciadas pela decis\u00e3o, est\u00e3o a&nbsp;elabora\u00e7\u00e3o de um plano para a recupera\u00e7\u00e3o territorial de \u00e1reas ocupadas por organiza\u00e7\u00f5es criminosas e a instaura\u00e7\u00e3o de um inqu\u00e9rito, pela Pol\u00edcia Federal, para apurar ind\u00edcios de crimes com repercuss\u00e3o interestadual e internacional.<\/p>\n\n\n\n<p>\u201cA gente percebe esse impacto porque tamb\u00e9m ficamos impedidos de operar em conjunto com a Pol\u00edcia do Rio de Janeiro nessas comunidades. Isso tem reflexos para n\u00f3s dos outros estados, que temos tamb\u00e9m opera\u00e7\u00f5es para realizar. Agora, com certeza, teremos um apoio e um sucesso maior, tendo em vista a decis\u00e3o que foi proferida. Para o nosso estado, tem um reflexo positivo tamb\u00e9m\u201d, explicou o secret\u00e1rio. &nbsp;&nbsp;<\/p>\n\n\n\n<p>Jean detalhou as dificuldades enfrentadas para desarticular grupos criminosos com atua\u00e7\u00e3o em diferentes estados.<\/p>\n\n\n\n<p>\u201cMuitos criminosos, por exemplo da Para\u00edba, estavam e continuam foragidos nas comunidades do Rio de Janeiro, sobre a prote\u00e7\u00e3o das organiza\u00e7\u00f5es criminosas que l\u00e1 se estabeleceram. Isso gera dificuldades operacionais para a Pol\u00edcia do Rio de Janeiro e naturalmente para n\u00f3s, dos estados que temos a necessidade de realizar pris\u00f5es l\u00e1\u201d, concluiu.<\/p>\n\n\n\n<p>A mat\u00e9ria denominada ADPF das Favelas foi votada na quinta-feira (3), no STF. O consenso no posicionamento dos ministros gerou a aprova\u00e7\u00e3o por 11 votos durante o julgamento. A partir de agora o governo do Rio dever\u00e1 seguir diversas regras nessas opera\u00e7\u00f5es policiais, como o uso proporcional da for\u00e7a, c\u00e2meras nas viaturas, elabora\u00e7\u00e3o de um plano de reocupa\u00e7\u00e3o de territ\u00f3rios invadidos pelas organiza\u00e7\u00f5es criminosas, al\u00e9m da entrada da Pol\u00edcia Federal nas investiga\u00e7\u00f5es contra as mil\u00edcias e o tr\u00e1fico de drogas interestadual e internacional.\u00a0<\/p>\n\n\n\n<p><strong><em>PB Agora<\/em><\/strong><\/p>\n","protected":false},"excerpt":{"rendered":"<p><img loading=\"lazy\" decoding=\"async\" width=\"696\" height=\"439\" src=\"https:\/\/pbagora.s3.amazonaws.com\/2021\/12\/14133945\/Jean-Nunes-e1609187988520.jpg\" class=\"attachment-large size-large wp-post-image\" alt=\"\"><\/p>\n<p>O Secret\u00e1rio de Seguran\u00e7a da Para\u00edba, delegado Jean Nunes, avaliou como positiva a decis\u00e3o recente do Supremo Tribunal\u2026<\/p>\n","protected":false},"author":123457,"featured_media":0,"comment_status":"closed","ping_status":"closed","sticky":false,"template":"","format":"standard","meta":{"advgb_blocks_editor_width":"","advgb_blocks_columns_visual_guide":"","footnotes":""},"categories":[34],"tags":[10852,35,10839],"class_list":["post-56130","post","type-post","status-publish","format-standard","hentry","category-g1","tag-destaque-final-01","tag-g1","tag-policial"],"author_meta":{"display_name":"Reda\u00e7\u00e3o","author_link":"https:\/\/sindaopcpb.org.br\/author\/redacao\/"},"featured_img":null,"coauthors":[],"tax_additional":{"categories":{"linked":["<a href=\"https:\/\/sindaopcpb.org.br\/g1\/\" class=\"advgb-post-tax-term\">G1<\/a>"],"unlinked":["<span class=\"advgb-post-tax-term\">G1<\/span>"]},"tags":{"linked":["<a href=\"https:\/\/sindaopcpb.org.br\/g1\/\" class=\"advgb-post-tax-term\">Destaque Final 01<\/a>","<a href=\"https:\/\/sindaopcpb.org.br\/g1\/\" class=\"advgb-post-tax-term\">g1<\/a>","<a href=\"https:\/\/sindaopcpb.org.br\/g1\/\" class=\"advgb-post-tax-term\">Policial<\/a>"],"unlinked":["<span class=\"advgb-post-tax-term\">Destaque Final 01<\/span>","<span class=\"advgb-post-tax-term\">g1<\/span>","<span class=\"advgb-post-tax-term\">Policial<\/span>"]}},"comment_count":"0","relative_dates":{"created":"Publicado 1 ano atr\u00e1s","modified":"Atualizado 1 ano atr\u00e1s"},"absolute_dates":{"created":"Publicado em 6 de abril de 2025","modified":"Atualizado em 6 de abril de 2025"},"absolute_dates_time":{"created":"Publicado em 6 de abril de 2025 10:55","modified":"Atualizado em 6 de abril de 2025 14:50"},"featured_img_caption":"","series_order":"","_links":{"self":[{"href":"https:\/\/sindaopcpb.org.br\/index.php\/wp-json\/wp\/v2\/posts\/56130","targetHints":{"allow":["GET"]}}],"collection":[{"href":"https:\/\/sindaopcpb.org.br\/index.php\/wp-json\/wp\/v2\/posts"}],"about":[{"href":"https:\/\/sindaopcpb.org.br\/index.php\/wp-json\/wp\/v2\/types\/post"}],"author":[{"embeddable":true,"href":"https:\/\/sindaopcpb.org.br\/index.php\/wp-json\/wp\/v2\/users\/123457"}],"replies":[{"embeddable":true,"href":"https:\/\/sindaopcpb.org.br\/index.php\/wp-json\/wp\/v2\/comments?post=56130"}],"version-history":[{"count":4,"href":"https:\/\/sindaopcpb.org.br\/index.php\/wp-json\/wp\/v2\/posts\/56130\/revisions"}],"predecessor-version":[{"id":56144,"href":"https:\/\/sindaopcpb.org.br\/index.php\/wp-json\/wp\/v2\/posts\/56130\/revisions\/56144"}],"wp:attachment":[{"href":"https:\/\/sindaopcpb.org.br\/index.php\/wp-json\/wp\/v2\/media?parent=56130"}],"wp:term":[{"taxonomy":"category","embeddable":true,"href":"https:\/\/sindaopcpb.org.br\/index.php\/wp-json\/wp\/v2\/categories?post=56130"},{"taxonomy":"post_tag","embeddable":true,"href":"https:\/\/sindaopcpb.org.br\/index.php\/wp-json\/wp\/v2\/tags?post=56130"}],"curies":[{"name":"wp","href":"https:\/\/api.w.org\/{rel}","templated":true}]}}