{"id":56120,"date":"2025-04-05T15:52:40","date_gmt":"2025-04-05T18:52:40","guid":{"rendered":"https:\/\/www.pbagora.com.br\/?p=894370"},"modified":"2025-04-05T17:40:40","modified_gmt":"2025-04-05T20:40:40","slug":"jovem-e-assassinado-a-tiros-dentro-de-borracharia-no-valentina-em-joao-pessoa","status":"publish","type":"post","link":"https:\/\/sindaopcpb.org.br\/index.php\/2025\/04\/05\/jovem-e-assassinado-a-tiros-dentro-de-borracharia-no-valentina-em-joao-pessoa\/","title":{"rendered":"Jovem \u00e9 assassinado a tiros dentro de borracharia no Valentina, em Jo\u00e3o Pessoa"},"content":{"rendered":"<p><img width=\"800\" height=\"554\" src=\"https:\/\/pbagora.s3.amazonaws.com\/2025\/04\/05155219\/viatura-valentina.jpg\" class=\"attachment-large size-large wp-post-image\" alt=\"\" style=\"margin-bottom: 20px;\" decoding=\"async\" srcset=\"https:\/\/pbagora.s3.amazonaws.com\/2025\/04\/05155219\/viatura-valentina.jpg 800w, https:\/\/pbagora.s3.amazonaws.com\/2025\/04\/05155219\/viatura-valentina-300x208.jpg 300w, https:\/\/pbagora.s3.amazonaws.com\/2025\/04\/05155219\/viatura-valentina-150x104.jpg 150w, https:\/\/pbagora.s3.amazonaws.com\/2025\/04\/05155219\/viatura-valentina-768x532.jpg 768w, https:\/\/pbagora.s3.amazonaws.com\/2025\/04\/05155219\/viatura-valentina-380x263.jpg 380w, https:\/\/pbagora.s3.amazonaws.com\/2025\/04\/05155219\/viatura-valentina-80x55.jpg 80w, https:\/\/pbagora.s3.amazonaws.com\/2025\/04\/05155219\/viatura-valentina-760x526.jpg 760w, https:\/\/pbagora.s3.amazonaws.com\/2025\/04\/05155219\/viatura-valentina-600x416.jpg 600w\" sizes=\"(max-width: 800px) 100vw, 800px\" \/><\/p>\n<p>Um jovem de 27 anos foi assassinado a tiros na manh\u00e3 deste s\u00e1bado (05), no bairro Valentina Figueiredo, na zona sul de Jo\u00e3o Pessoa. O crime aconteceu dentro de uma borracharia onde a v\u00edtima trabalhava.<\/p>\n\n\n\n<p>De acordo com as primeiras informa\u00e7\u00f5es, a v\u00edtima identificada como Daniel Miguel foi surpreendida por homens armados que chegaram em uma motocicleta. Sem chance de defesa, ele foi atingido por diversos disparos e caiu no ch\u00e3o do estabelecimento.<\/p>\n\n\n\n<p>O Servi\u00e7o de Atendimento M\u00f3vel de Urg\u00eancia (Samu) foi acionado por testemunhas, mas ao chegar no local, a equipe apenas constatou o \u00f3bito.<\/p>\n\n\n\n<p>A \u00e1rea foi isolada para os trabalhos da Per\u00edcia Criminal e agentes da Pol\u00edcia Civil iniciaram os levantamentos preliminares. A investiga\u00e7\u00e3o ficar\u00e1 sob responsabilidade da Delegacia de Homic\u00eddios da capital, que busca identificar a motiva\u00e7\u00e3o e os autores do crime.<\/p>\n\n\n\n<p>At\u00e9 o momento, ningu\u00e9m foi preso e a pol\u00edcia ainda n\u00e3o divulgou suspeitos.<\/p>\n\n\n\n<p><strong><em>PB Agora<\/em><\/strong><\/p>\n","protected":false},"excerpt":{"rendered":"<p><img loading=\"lazy\" decoding=\"async\" width=\"800\" height=\"554\" src=\"https:\/\/pbagora.s3.amazonaws.com\/2025\/04\/05155219\/viatura-valentina.jpg\" class=\"attachment-large size-large wp-post-image\" alt=\"\"><\/p>\n<p>Um jovem de 27 anos foi assassinado a tiros na manh\u00e3 deste s\u00e1bado (05), no bairro Valentina Figueiredo,\u2026<\/p>\n","protected":false},"author":123457,"featured_media":0,"comment_status":"closed","ping_status":"closed","sticky":false,"template":"","format":"standard","meta":{"advgb_blocks_editor_width":"","advgb_blocks_columns_visual_guide":"","footnotes":""},"categories":[34],"tags":[10852,35,10839],"class_list":["post-56120","post","type-post","status-publish","format-standard","hentry","category-g1","tag-destaque-final-01","tag-g1","tag-policial"],"author_meta":{"display_name":"Reda\u00e7\u00e3o","author_link":"https:\/\/sindaopcpb.org.br\/author\/redacao\/"},"featured_img":null,"coauthors":[],"tax_additional":{"categories":{"linked":["<a href=\"https:\/\/sindaopcpb.org.br\/g1\/\" class=\"advgb-post-tax-term\">G1<\/a>"],"unlinked":["<span class=\"advgb-post-tax-term\">G1<\/span>"]},"tags":{"linked":["<a href=\"https:\/\/sindaopcpb.org.br\/g1\/\" class=\"advgb-post-tax-term\">Destaque Final 01<\/a>","<a href=\"https:\/\/sindaopcpb.org.br\/g1\/\" class=\"advgb-post-tax-term\">g1<\/a>","<a href=\"https:\/\/sindaopcpb.org.br\/g1\/\" class=\"advgb-post-tax-term\">Policial<\/a>"],"unlinked":["<span class=\"advgb-post-tax-term\">Destaque Final 01<\/span>","<span class=\"advgb-post-tax-term\">g1<\/span>","<span class=\"advgb-post-tax-term\">Policial<\/span>"]}},"comment_count":"0","relative_dates":{"created":"Publicado 1 ano atr\u00e1s","modified":"Atualizado 1 ano atr\u00e1s"},"absolute_dates":{"created":"Publicado em 5 de abril de 2025","modified":"Atualizado em 5 de abril de 2025"},"absolute_dates_time":{"created":"Publicado em 5 de abril de 2025 15:52","modified":"Atualizado em 5 de abril de 2025 17:40"},"featured_img_caption":"","series_order":"","_links":{"self":[{"href":"https:\/\/sindaopcpb.org.br\/index.php\/wp-json\/wp\/v2\/posts\/56120","targetHints":{"allow":["GET"]}}],"collection":[{"href":"https:\/\/sindaopcpb.org.br\/index.php\/wp-json\/wp\/v2\/posts"}],"about":[{"href":"https:\/\/sindaopcpb.org.br\/index.php\/wp-json\/wp\/v2\/types\/post"}],"author":[{"embeddable":true,"href":"https:\/\/sindaopcpb.org.br\/index.php\/wp-json\/wp\/v2\/users\/123457"}],"replies":[{"embeddable":true,"href":"https:\/\/sindaopcpb.org.br\/index.php\/wp-json\/wp\/v2\/comments?post=56120"}],"version-history":[{"count":2,"href":"https:\/\/sindaopcpb.org.br\/index.php\/wp-json\/wp\/v2\/posts\/56120\/revisions"}],"predecessor-version":[{"id":56126,"href":"https:\/\/sindaopcpb.org.br\/index.php\/wp-json\/wp\/v2\/posts\/56120\/revisions\/56126"}],"wp:attachment":[{"href":"https:\/\/sindaopcpb.org.br\/index.php\/wp-json\/wp\/v2\/media?parent=56120"}],"wp:term":[{"taxonomy":"category","embeddable":true,"href":"https:\/\/sindaopcpb.org.br\/index.php\/wp-json\/wp\/v2\/categories?post=56120"},{"taxonomy":"post_tag","embeddable":true,"href":"https:\/\/sindaopcpb.org.br\/index.php\/wp-json\/wp\/v2\/tags?post=56120"}],"curies":[{"name":"wp","href":"https:\/\/api.w.org\/{rel}","templated":true}]}}