{"id":56088,"date":"2025-04-04T16:38:09","date_gmt":"2025-04-04T19:38:09","guid":{"rendered":"https:\/\/www.pbagora.com.br\/?p=894284"},"modified":"2025-04-04T16:38:09","modified_gmt":"2025-04-04T19:38:09","slug":"integrantes-de-faccao-criminosa-sao-condenados-a-mais-de-31-anos-de-prisao","status":"publish","type":"post","link":"https:\/\/sindaopcpb.org.br\/index.php\/2025\/04\/04\/integrantes-de-faccao-criminosa-sao-condenados-a-mais-de-31-anos-de-prisao\/","title":{"rendered":"Integrantes de fac\u00e7\u00e3o criminosa s\u00e3o condenados a mais de 31 anos de pris\u00e3o"},"content":{"rendered":"<p><img width=\"600\" height=\"417\" src=\"https:\/\/pbagora.s3.amazonaws.com\/20190619095311\/algemado-prisioneiro-preso-algemas.jpg\" class=\"attachment-large size-large wp-post-image\" alt=\"\" style=\"margin-bottom: 20px;\" decoding=\"async\" loading=\"lazy\" \/><\/p>\n<p>Por volta das 19h da quinta-feira (3), o juiz titular do 1\u00ba Tribunal do J\u00fari da Comarca de Jo\u00e3o Pessoa, Ant\u00f4nio Gon\u00e7alves Ribeiro J\u00fanior, leu a senten\u00e7a que condenou cinco, dos seis r\u00e9us, denunciados e pronunciados por duplo homic\u00eddio e por participarem de uma fac\u00e7\u00e3o criminosa, com atua\u00e7\u00e3o na Regi\u00e3o Metropolitana de Jo\u00e3o Pessoa, mais especificamente na Comarca do Conde. Gustavo Francisco de Ara\u00fajo, Cl\u00e1udio Henrique Correia da Silva, Joanderson Cordeiro Alves e Jos\u00e9 Carlos dos Santos Ribeiro foram condenados a uma pena de 31 anos e oito meses de reclus\u00e3o, cada um; j\u00e1 Edilson da Silva Barbosa, 31 anos e dois meses; j\u00e1 Edilson da Silva Barbosa, ter\u00e1 que cumprir uma pena de 31 anos e dois meses.<\/p>\n\n\n\n<p>O ent\u00e3o r\u00e9u, Carlos Jos\u00e9 de Sousa foi absolvido das den\u00fancias apresentadas pelo Minist\u00e9rio P\u00fablico.<\/p>\n\n\n\n<p>Esse grupo foi pronunciado por fazer parte de uma fac\u00e7\u00e3o criminosa e por matar Dayane da Silva e Joanderson Cordeiro Alves. O julgamento est\u00e1 acontecendo no 1\u00ba Tribunal do J\u00fari da Comarca de Jo\u00e3o Pessoa e \u00e9 presidido pelo juiz Ant\u00f4nio Gon\u00e7alves Ribeiro J\u00fanior. O julgamento aconteceu no F\u00f3rum Criminal de Jo\u00e3o Pessoa. O Minist\u00e9rio P\u00fablico tamb\u00e9m requereu e foi deferido o desaforamento do processo. \u201cComo os r\u00e9us integravam organiza\u00e7\u00e3o criminosa e est\u00e3o envolvidos em diversos crimes, resta prejudicada a imparcialidade dos jurados, vez que \u00e9 sabido que a popula\u00e7\u00e3o nutre grande temor dos acusados\u201d, justificou.<\/p>\n\n\n\n<p>De acordo com a den\u00fancia apresentada pelo Minist\u00e9rio P\u00fablico, o crime aconteceu com uso de arma de fogo, no dia 3 de abril de 2015, por volta das 20h30, em uma resid\u00eancia localizada na Mata da Chica, no Munic\u00edpio do Conde, Regi\u00e3o Metropolitana de Jo\u00e3o Pessoa. \u201cOs r\u00e9us seriam integrantes de fac\u00e7\u00e3o criminosa chefiada pelo r\u00e9u Edilson da Silva Barbosa, tamb\u00e9m conhecido por \u2018Pocot\u00f3\u2019\u201d, diz parte da den\u00fancia.<\/p>\n\n\n\n<p>&#8220;Na vota\u00e7\u00e3o, os jurados, por maioria, rejeitaram as teses das defesas, acolhendo a ministerial, condenando os pronunciados pela pr\u00e1tica de dois homic\u00eddios qualificados pelo motivo torpe, e, ainda, de maneira a dificultar ou impossibilitar a defesa das v\u00edtimas em concurso de pessoas bem como de suas participa\u00e7\u00f5es na Organiza\u00e7\u00e3o Criminosa armada, absolvendo o r\u00e9u Carlos Jos\u00e9 de Sousa, conforme termo de vota\u00e7\u00e3o&#8221;, diz parte da senten\u00e7a.<\/p>\n\n\n\n<p><\/p>\n\n\n\n<p><strong><em>Ascom \/ TJPB<\/em><\/strong><\/p>\n","protected":false},"excerpt":{"rendered":"<p><img loading=\"lazy\" decoding=\"async\" width=\"600\" height=\"417\" src=\"https:\/\/pbagora.s3.amazonaws.com\/20190619095311\/algemado-prisioneiro-preso-algemas.jpg\" class=\"attachment-large size-large wp-post-image\" alt=\"\"><\/p>\n<p>Por volta das 19h da quinta-feira (3), o juiz titular do 1\u00ba Tribunal do J\u00fari da Comarca de\u2026<\/p>\n","protected":false},"author":123457,"featured_media":0,"comment_status":"closed","ping_status":"closed","sticky":false,"template":"","format":"standard","meta":{"advgb_blocks_editor_width":"","advgb_blocks_columns_visual_guide":"","footnotes":""},"categories":[34],"tags":[10841,35,10839],"class_list":["post-56088","post","type-post","status-publish","format-standard","hentry","category-g1","tag-destaque-centro-02","tag-g1","tag-policial"],"author_meta":{"display_name":"Reda\u00e7\u00e3o","author_link":"https:\/\/sindaopcpb.org.br\/author\/redacao\/"},"featured_img":null,"coauthors":[],"tax_additional":{"categories":{"linked":["<a href=\"https:\/\/sindaopcpb.org.br\/g1\/\" class=\"advgb-post-tax-term\">G1<\/a>"],"unlinked":["<span class=\"advgb-post-tax-term\">G1<\/span>"]},"tags":{"linked":["<a href=\"https:\/\/sindaopcpb.org.br\/g1\/\" class=\"advgb-post-tax-term\">Destaque Centro 02<\/a>","<a href=\"https:\/\/sindaopcpb.org.br\/g1\/\" class=\"advgb-post-tax-term\">g1<\/a>","<a href=\"https:\/\/sindaopcpb.org.br\/g1\/\" class=\"advgb-post-tax-term\">Policial<\/a>"],"unlinked":["<span class=\"advgb-post-tax-term\">Destaque Centro 02<\/span>","<span class=\"advgb-post-tax-term\">g1<\/span>","<span class=\"advgb-post-tax-term\">Policial<\/span>"]}},"comment_count":"0","relative_dates":{"created":"Publicado 1 ano atr\u00e1s","modified":"Atualizado 1 ano atr\u00e1s"},"absolute_dates":{"created":"Publicado em 4 de abril de 2025","modified":"Atualizado em 4 de abril de 2025"},"absolute_dates_time":{"created":"Publicado em 4 de abril de 2025 16:38","modified":"Atualizado em 4 de abril de 2025 16:38"},"featured_img_caption":"","series_order":"","_links":{"self":[{"href":"https:\/\/sindaopcpb.org.br\/index.php\/wp-json\/wp\/v2\/posts\/56088","targetHints":{"allow":["GET"]}}],"collection":[{"href":"https:\/\/sindaopcpb.org.br\/index.php\/wp-json\/wp\/v2\/posts"}],"about":[{"href":"https:\/\/sindaopcpb.org.br\/index.php\/wp-json\/wp\/v2\/types\/post"}],"author":[{"embeddable":true,"href":"https:\/\/sindaopcpb.org.br\/index.php\/wp-json\/wp\/v2\/users\/123457"}],"replies":[{"embeddable":true,"href":"https:\/\/sindaopcpb.org.br\/index.php\/wp-json\/wp\/v2\/comments?post=56088"}],"version-history":[{"count":2,"href":"https:\/\/sindaopcpb.org.br\/index.php\/wp-json\/wp\/v2\/posts\/56088\/revisions"}],"predecessor-version":[{"id":56097,"href":"https:\/\/sindaopcpb.org.br\/index.php\/wp-json\/wp\/v2\/posts\/56088\/revisions\/56097"}],"wp:attachment":[{"href":"https:\/\/sindaopcpb.org.br\/index.php\/wp-json\/wp\/v2\/media?parent=56088"}],"wp:term":[{"taxonomy":"category","embeddable":true,"href":"https:\/\/sindaopcpb.org.br\/index.php\/wp-json\/wp\/v2\/categories?post=56088"},{"taxonomy":"post_tag","embeddable":true,"href":"https:\/\/sindaopcpb.org.br\/index.php\/wp-json\/wp\/v2\/tags?post=56088"}],"curies":[{"name":"wp","href":"https:\/\/api.w.org\/{rel}","templated":true}]}}