{"id":56055,"date":"2025-04-04T07:58:04","date_gmt":"2025-04-04T10:58:04","guid":{"rendered":"https:\/\/www.pbagora.com.br\/?p=894148"},"modified":"2025-04-04T12:17:04","modified_gmt":"2025-04-04T15:17:04","slug":"midia-nacional-repercute-assassinato-de-homem-na-uepb-em-cg","status":"publish","type":"post","link":"https:\/\/sindaopcpb.org.br\/index.php\/2025\/04\/04\/midia-nacional-repercute-assassinato-de-homem-na-uepb-em-cg\/","title":{"rendered":"M\u00eddia nacional repercute assassinato de homem na UEPB, em CG"},"content":{"rendered":"<p><img width=\"696\" height=\"418\" src=\"https:\/\/pbagora.s3.amazonaws.com\/2025\/04\/04080220\/UEPB-696x418-1.jpg\" class=\"attachment-large size-large wp-post-image\" alt=\"\" style=\"margin-bottom: 20px;\" decoding=\"async\" loading=\"lazy\" srcset=\"https:\/\/pbagora.s3.amazonaws.com\/2025\/04\/04080220\/UEPB-696x418-1.jpg 696w, https:\/\/pbagora.s3.amazonaws.com\/2025\/04\/04080220\/UEPB-696x418-1-300x180.jpg 300w, https:\/\/pbagora.s3.amazonaws.com\/2025\/04\/04080220\/UEPB-696x418-1-150x90.jpg 150w, https:\/\/pbagora.s3.amazonaws.com\/2025\/04\/04080220\/UEPB-696x418-1-380x228.jpg 380w, https:\/\/pbagora.s3.amazonaws.com\/2025\/04\/04080220\/UEPB-696x418-1-80x48.jpg 80w, https:\/\/pbagora.s3.amazonaws.com\/2025\/04\/04080220\/UEPB-696x418-1-600x360.jpg 600w\" sizes=\"auto, (max-width: 696px) 100vw, 696px\" \/><\/p>\n<p><\/p>\n\n\n\n<p>Um homem morreu e outro ficou ferido ap\u00f3s um ataque a tiros dentro da Universidade Estadual da Para\u00edba (UEPB), em Campina Grande, na noite de ontem (3). Tal fato ganhou repercuss\u00e3o nacional nesta sexta-feira (04), nos grandes meios de comunica\u00e7\u00e3o como o portal <a href=\"https:\/\/sbtnews.sbt.com.br\/noticia\/policia\/homem-e-morto-a-tiros-dentro-de-copiadora-na-uepb-em-campina-grande\">SBTNews<\/a> que deu destaque ao caso.<\/p>\n\n\n\n<figure class=\"wp-block-image size-large\"><img  loading=\"lazy\"  decoding=\"async\"  width=\"1024\"  height=\"695\"  src=\"https:\/\/pbagora.s3.amazonaws.com\/2025\/04\/04061701\/WhatsApp-Image-2025-04-03-at-22.57.16-1-1024x695.jpeg\"  alt=\"\"  class=\"wp-image-894142\"  srcset=\"https:\/\/pbagora.s3.amazonaws.com\/2025\/04\/04061701\/WhatsApp-Image-2025-04-03-at-22.57.16-1-1024x695.jpeg 1024w, https:\/\/pbagora.s3.amazonaws.com\/2025\/04\/04061701\/WhatsApp-Image-2025-04-03-at-22.57.16-1-300x204.jpeg 300w, https:\/\/pbagora.s3.amazonaws.com\/2025\/04\/04061701\/WhatsApp-Image-2025-04-03-at-22.57.16-1-150x102.jpeg 150w, https:\/\/pbagora.s3.amazonaws.com\/2025\/04\/04061701\/WhatsApp-Image-2025-04-03-at-22.57.16-1-768x521.jpeg 768w, https:\/\/pbagora.s3.amazonaws.com\/2025\/04\/04061701\/WhatsApp-Image-2025-04-03-at-22.57.16-1-380x258.jpeg 380w, https:\/\/pbagora.s3.amazonaws.com\/2025\/04\/04061701\/WhatsApp-Image-2025-04-03-at-22.57.16-1-800x543.jpeg 800w, https:\/\/pbagora.s3.amazonaws.com\/2025\/04\/04061701\/WhatsApp-Image-2025-04-03-at-22.57.16-1-80x54.jpeg 80w, https:\/\/pbagora.s3.amazonaws.com\/2025\/04\/04061701\/WhatsApp-Image-2025-04-03-at-22.57.16-1-760x516.jpeg 760w, https:\/\/pbagora.s3.amazonaws.com\/2025\/04\/04061701\/WhatsApp-Image-2025-04-03-at-22.57.16-1-600x407.jpeg 600w, https:\/\/pbagora.s3.amazonaws.com\/2025\/04\/04061701\/WhatsApp-Image-2025-04-03-at-22.57.16-1.jpeg 1080w\"  sizes=\"auto, (max-width: 1024px) 100vw, 1024px\" ><\/figure>\n\n\n\n<p>Segundo a reportagem, as v\u00edtimas estavam em uma copiadora no terceiro andar da Central de Aulas, no bairro de Bodocong\u00f3. Keine Diniz dos Santos, de 40 anos, morreu no local. Ele era dono do estabelecimento.<\/p>\n\n\n\n<p>Wesley Porto, de 36 anos, \u00e9 s\u00f3cio de Keine. Ele foi socorrido com vida ao Hospital de Trauma com ferimento no bra\u00e7o, passou por procedimentos m\u00e9dicos de emerg\u00eancia e est\u00e1 em observa\u00e7\u00e3o. O quadro de sa\u00fade da v\u00edtima \u00e9 est\u00e1vel. O autor dos disparos, que ainda n\u00e3o foi identificado, fugiu ap\u00f3s o crime. Ao menos 10 tiros foram ouvidos por testemunhas. O motivo dos tiros segundo a reportagem do SBTNews seria uma rixa.<\/p>\n\n\n\n<figure class=\"wp-block-image size-full\"><img  loading=\"lazy\"  decoding=\"async\"  width=\"640\"  height=\"440\"  src=\"https:\/\/pbagora.s3.amazonaws.com\/2025\/04\/04071559\/wesley_baleado_uepb_9975dcd425.jpg\"  alt=\"\"  class=\"wp-image-894149\"  srcset=\"https:\/\/pbagora.s3.amazonaws.com\/2025\/04\/04071559\/wesley_baleado_uepb_9975dcd425.jpg 640w, https:\/\/pbagora.s3.amazonaws.com\/2025\/04\/04071559\/wesley_baleado_uepb_9975dcd425-300x206.jpg 300w, https:\/\/pbagora.s3.amazonaws.com\/2025\/04\/04071559\/wesley_baleado_uepb_9975dcd425-150x103.jpg 150w, https:\/\/pbagora.s3.amazonaws.com\/2025\/04\/04071559\/wesley_baleado_uepb_9975dcd425-380x261.jpg 380w, https:\/\/pbagora.s3.amazonaws.com\/2025\/04\/04071559\/wesley_baleado_uepb_9975dcd425-80x55.jpg 80w, https:\/\/pbagora.s3.amazonaws.com\/2025\/04\/04071559\/wesley_baleado_uepb_9975dcd425-600x413.jpg 600w\"  sizes=\"auto, (max-width: 640px) 100vw, 640px\" ><\/figure>\n\n\n\n<p>Em \u00e1udio, uma das testemunhas relata que o atirador &#8220;chegou extremamente r\u00e1pido&#8221;, come\u00e7ou uma discuss\u00e3o com Keine e atirou contra o dono da copiadora. Por conta dos acontecimentos, a UEPB suspendeu as aulas por uma semana.<\/p>\n\n\n\n<p>Reda\u00e7\u00e3o<\/p>\n","protected":false},"excerpt":{"rendered":"<p><img decoding=\"async\" width=\"696\" height=\"418\" src=\"https:\/\/pbagora.s3.amazonaws.com\/2025\/04\/04080220\/UEPB-696x418-1.jpg\" class=\"attachment-large size-large wp-post-image\" alt=\"\" loading=\"lazy\"><\/p>\n<p>Um homem morreu e outro ficou ferido ap\u00f3s um ataque a tiros dentro da Universidade Estadual da Para\u00edba\u2026<\/p>\n","protected":false},"author":123457,"featured_media":0,"comment_status":"closed","ping_status":"closed","sticky":false,"template":"","format":"standard","meta":{"advgb_blocks_editor_width":"","advgb_blocks_columns_visual_guide":"","footnotes":""},"categories":[34],"tags":[35,10839,10846],"class_list":["post-56055","post","type-post","status-publish","format-standard","hentry","category-g1","tag-g1","tag-policial","tag-rodape-02"],"author_meta":{"display_name":"Reda\u00e7\u00e3o","author_link":"https:\/\/sindaopcpb.org.br\/author\/redacao\/"},"featured_img":null,"coauthors":[],"tax_additional":{"categories":{"linked":["<a href=\"https:\/\/sindaopcpb.org.br\/g1\/\" class=\"advgb-post-tax-term\">G1<\/a>"],"unlinked":["<span class=\"advgb-post-tax-term\">G1<\/span>"]},"tags":{"linked":["<a href=\"https:\/\/sindaopcpb.org.br\/g1\/\" class=\"advgb-post-tax-term\">g1<\/a>","<a href=\"https:\/\/sindaopcpb.org.br\/g1\/\" class=\"advgb-post-tax-term\">Policial<\/a>","<a href=\"https:\/\/sindaopcpb.org.br\/g1\/\" class=\"advgb-post-tax-term\">Rodape 02<\/a>"],"unlinked":["<span class=\"advgb-post-tax-term\">g1<\/span>","<span class=\"advgb-post-tax-term\">Policial<\/span>","<span class=\"advgb-post-tax-term\">Rodape 02<\/span>"]}},"comment_count":"0","relative_dates":{"created":"Publicado 1 ano atr\u00e1s","modified":"Atualizado 1 ano atr\u00e1s"},"absolute_dates":{"created":"Publicado em 4 de abril de 2025","modified":"Atualizado em 4 de abril de 2025"},"absolute_dates_time":{"created":"Publicado em 4 de abril de 2025 07:58","modified":"Atualizado em 4 de abril de 2025 12:17"},"featured_img_caption":"","series_order":"","_links":{"self":[{"href":"https:\/\/sindaopcpb.org.br\/index.php\/wp-json\/wp\/v2\/posts\/56055","targetHints":{"allow":["GET"]}}],"collection":[{"href":"https:\/\/sindaopcpb.org.br\/index.php\/wp-json\/wp\/v2\/posts"}],"about":[{"href":"https:\/\/sindaopcpb.org.br\/index.php\/wp-json\/wp\/v2\/types\/post"}],"author":[{"embeddable":true,"href":"https:\/\/sindaopcpb.org.br\/index.php\/wp-json\/wp\/v2\/users\/123457"}],"replies":[{"embeddable":true,"href":"https:\/\/sindaopcpb.org.br\/index.php\/wp-json\/wp\/v2\/comments?post=56055"}],"version-history":[{"count":3,"href":"https:\/\/sindaopcpb.org.br\/index.php\/wp-json\/wp\/v2\/posts\/56055\/revisions"}],"predecessor-version":[{"id":56082,"href":"https:\/\/sindaopcpb.org.br\/index.php\/wp-json\/wp\/v2\/posts\/56055\/revisions\/56082"}],"wp:attachment":[{"href":"https:\/\/sindaopcpb.org.br\/index.php\/wp-json\/wp\/v2\/media?parent=56055"}],"wp:term":[{"taxonomy":"category","embeddable":true,"href":"https:\/\/sindaopcpb.org.br\/index.php\/wp-json\/wp\/v2\/categories?post=56055"},{"taxonomy":"post_tag","embeddable":true,"href":"https:\/\/sindaopcpb.org.br\/index.php\/wp-json\/wp\/v2\/tags?post=56055"}],"curies":[{"name":"wp","href":"https:\/\/api.w.org\/{rel}","templated":true}]}}