{"id":56051,"date":"2025-04-04T08:39:42","date_gmt":"2025-04-04T11:39:42","guid":{"rendered":"https:\/\/www.pbagora.com.br\/?p=894171"},"modified":"2025-04-04T14:30:42","modified_gmt":"2025-04-04T17:30:42","slug":"morre-suspeito-de-ataque-que-matou-homem-na-uepb-caso-teve-motivacao-passional-segundo-a-policia","status":"publish","type":"post","link":"https:\/\/sindaopcpb.org.br\/index.php\/2025\/04\/04\/morre-suspeito-de-ataque-que-matou-homem-na-uepb-caso-teve-motivacao-passional-segundo-a-policia\/","title":{"rendered":"Campina Grande: morre suspeito de ataque que matou homem na UEPB"},"content":{"rendered":"<p><img width=\"971\" height=\"450\" src=\"https:\/\/pbagora.s3.amazonaws.com\/2025\/04\/04083926\/imagens_WhatsApp-Image-2025-04-04-at-07.39.55.avif\" class=\"attachment-large size-large wp-post-image\" alt=\"\" style=\"margin-bottom: 20px;\" decoding=\"async\" srcset=\"https:\/\/pbagora.s3.amazonaws.com\/2025\/04\/04083926\/imagens_WhatsApp-Image-2025-04-04-at-07.39.55.avif 971w, https:\/\/pbagora.s3.amazonaws.com\/2025\/04\/04083926\/imagens_WhatsApp-Image-2025-04-04-at-07.39.55-300x139.avif 300w, https:\/\/pbagora.s3.amazonaws.com\/2025\/04\/04083926\/imagens_WhatsApp-Image-2025-04-04-at-07.39.55-150x70.avif 150w, https:\/\/pbagora.s3.amazonaws.com\/2025\/04\/04083926\/imagens_WhatsApp-Image-2025-04-04-at-07.39.55-768x356.avif 768w, https:\/\/pbagora.s3.amazonaws.com\/2025\/04\/04083926\/imagens_WhatsApp-Image-2025-04-04-at-07.39.55-380x176.avif 380w, https:\/\/pbagora.s3.amazonaws.com\/2025\/04\/04083926\/imagens_WhatsApp-Image-2025-04-04-at-07.39.55-800x371.avif 800w, https:\/\/pbagora.s3.amazonaws.com\/2025\/04\/04083926\/imagens_WhatsApp-Image-2025-04-04-at-07.39.55-80x37.avif 80w, https:\/\/pbagora.s3.amazonaws.com\/2025\/04\/04083926\/imagens_WhatsApp-Image-2025-04-04-at-07.39.55-760x352.avif 760w, https:\/\/pbagora.s3.amazonaws.com\/2025\/04\/04083926\/imagens_WhatsApp-Image-2025-04-04-at-07.39.55-600x278.avif 600w\" sizes=\"(max-width: 971px) 100vw, 971px\" \/><\/p>\n<p>Fl\u00e1vio Medeiros, de 47 anos, suspeito de ter assassinado Ke\u00edne Diniz dos Santos dentro do campus da Universidade Estadual da Para\u00edba (UEPB), em Campina Grande na noite dessa quinta-feira (03), morreu na manh\u00e3 desta sexta-feira (04).<\/p>\n\n\n\n<p>De acordo com as investiga\u00e7\u00f5es da Pol\u00edcia Civil, Fl\u00e1vio n\u00e3o aceitava o relacionamento da ex-esposa com Ke\u00edne e teria agido de forma premeditada. Armado com uma pistola calibre .380, ele invadiu a universidade e efetuou cerca de seis disparos contra a v\u00edtima, que morreu ainda no local. Um segundo homem foi baleado no ombro e permanece internado no Hospital de Emerg\u00eancia e Trauma Dom Luiz Gonzaga Fernandes, em Campina Grande.<\/p>\n\n\n\n<p>Ap\u00f3s o ataque na UEPB, o suspeito seguiu at\u00e9 uma escola no bairro Tr\u00eas Irm\u00e3s, onde a ex-companheira trabalha, com o objetivo de mat\u00e1-la. A tentativa, no entanto, n\u00e3o foi concretizada. Em seguida, Fl\u00e1vio atentou contra a pr\u00f3pria vida. Ele foi socorrido em estado grav\u00edssimo pelo Samu e encaminhado ao hospital, onde veio a falecer nesta sexta-feira.<\/p>\n\n\n\n<p>Durante o atentado no campus, duas mulheres em desespero se jogaram do terceiro andar do pr\u00e9dio para escapar dos tiros. Ambas sofreram ferimentos, mas receberam alta m\u00e9dica. Uma quinta pessoa precisou de atendimento hospitalar ap\u00f3s apresentar picos de press\u00e3o arterial.<\/p>\n\n\n\n<p>Diante da gravidade do epis\u00f3dio, a UEPB decretou a suspens\u00e3o de todas as atividades acad\u00eamicas e administrativas at\u00e9 o dia 11 de abril. A decis\u00e3o visa garantir a apura\u00e7\u00e3o do caso e a implementa\u00e7\u00e3o de novas medidas de seguran\u00e7a na institui\u00e7\u00e3o.<\/p>\n\n\n\n<p><strong><em>PB Agora<\/em><\/strong><\/p>\n\n\n\n<p><\/p>\n","protected":false},"excerpt":{"rendered":"<p><img loading=\"lazy\" decoding=\"async\" width=\"971\" height=\"450\" src=\"https:\/\/pbagora.s3.amazonaws.com\/2025\/04\/04083926\/imagens_WhatsApp-Image-2025-04-04-at-07.39.55.avif\" class=\"attachment-large size-large wp-post-image\" alt=\"\"><\/p>\n<p>Fl\u00e1vio Medeiros, de 47 anos, suspeito de ter assassinado Ke\u00edne Diniz dos Santos dentro do campus da Universidade\u2026<\/p>\n","protected":false},"author":123457,"featured_media":0,"comment_status":"closed","ping_status":"closed","sticky":false,"template":"","format":"standard","meta":{"advgb_blocks_editor_width":"","advgb_blocks_columns_visual_guide":"","footnotes":""},"categories":[34],"tags":[35,10839,10850],"class_list":["post-56051","post","type-post","status-publish","format-standard","hentry","category-g1","tag-g1","tag-policial","tag-voceviu"],"author_meta":{"display_name":"Reda\u00e7\u00e3o","author_link":"https:\/\/sindaopcpb.org.br\/author\/redacao\/"},"featured_img":null,"coauthors":[],"tax_additional":{"categories":{"linked":["<a href=\"https:\/\/sindaopcpb.org.br\/g1\/\" class=\"advgb-post-tax-term\">G1<\/a>"],"unlinked":["<span class=\"advgb-post-tax-term\">G1<\/span>"]},"tags":{"linked":["<a href=\"https:\/\/sindaopcpb.org.br\/g1\/\" class=\"advgb-post-tax-term\">g1<\/a>","<a href=\"https:\/\/sindaopcpb.org.br\/g1\/\" class=\"advgb-post-tax-term\">Policial<\/a>","<a href=\"https:\/\/sindaopcpb.org.br\/g1\/\" class=\"advgb-post-tax-term\">Voceviu?<\/a>"],"unlinked":["<span class=\"advgb-post-tax-term\">g1<\/span>","<span class=\"advgb-post-tax-term\">Policial<\/span>","<span class=\"advgb-post-tax-term\">Voceviu?<\/span>"]}},"comment_count":"0","relative_dates":{"created":"Publicado 1 ano atr\u00e1s","modified":"Atualizado 1 ano atr\u00e1s"},"absolute_dates":{"created":"Publicado em 4 de abril de 2025","modified":"Atualizado em 4 de abril de 2025"},"absolute_dates_time":{"created":"Publicado em 4 de abril de 2025 08:39","modified":"Atualizado em 4 de abril de 2025 14:30"},"featured_img_caption":"","series_order":"","_links":{"self":[{"href":"https:\/\/sindaopcpb.org.br\/index.php\/wp-json\/wp\/v2\/posts\/56051","targetHints":{"allow":["GET"]}}],"collection":[{"href":"https:\/\/sindaopcpb.org.br\/index.php\/wp-json\/wp\/v2\/posts"}],"about":[{"href":"https:\/\/sindaopcpb.org.br\/index.php\/wp-json\/wp\/v2\/types\/post"}],"author":[{"embeddable":true,"href":"https:\/\/sindaopcpb.org.br\/index.php\/wp-json\/wp\/v2\/users\/123457"}],"replies":[{"embeddable":true,"href":"https:\/\/sindaopcpb.org.br\/index.php\/wp-json\/wp\/v2\/comments?post=56051"}],"version-history":[{"count":5,"href":"https:\/\/sindaopcpb.org.br\/index.php\/wp-json\/wp\/v2\/posts\/56051\/revisions"}],"predecessor-version":[{"id":56083,"href":"https:\/\/sindaopcpb.org.br\/index.php\/wp-json\/wp\/v2\/posts\/56051\/revisions\/56083"}],"wp:attachment":[{"href":"https:\/\/sindaopcpb.org.br\/index.php\/wp-json\/wp\/v2\/media?parent=56051"}],"wp:term":[{"taxonomy":"category","embeddable":true,"href":"https:\/\/sindaopcpb.org.br\/index.php\/wp-json\/wp\/v2\/categories?post=56051"},{"taxonomy":"post_tag","embeddable":true,"href":"https:\/\/sindaopcpb.org.br\/index.php\/wp-json\/wp\/v2\/tags?post=56051"}],"curies":[{"name":"wp","href":"https:\/\/api.w.org\/{rel}","templated":true}]}}