{"id":56013,"date":"2025-04-03T08:23:25","date_gmt":"2025-04-03T11:23:25","guid":{"rendered":"https:\/\/www.pbagora.com.br\/?p=893981"},"modified":"2025-04-03T11:00:25","modified_gmt":"2025-04-03T14:00:25","slug":"policia-federal-deflagra-segunda-fase-de-operacao-contra-fraude-em-licitacao-e-desvio-de-recursos-em-patos","status":"publish","type":"post","link":"https:\/\/sindaopcpb.org.br\/index.php\/2025\/04\/03\/policia-federal-deflagra-segunda-fase-de-operacao-contra-fraude-em-licitacao-e-desvio-de-recursos-em-patos\/","title":{"rendered":"Pol\u00edcia Federal deflagra segunda fase de opera\u00e7\u00e3o contra fraude em licita\u00e7\u00e3o e desvio de recursos em Patos"},"content":{"rendered":"<p><img width=\"768\" height=\"576\" src=\"https:\/\/pbagora.s3.amazonaws.com\/2025\/04\/03082301\/outside-fase-2.jpeg\" class=\"attachment-large size-large wp-post-image\" alt=\"\" style=\"margin-bottom: 20px;\" decoding=\"async\" loading=\"lazy\" srcset=\"https:\/\/pbagora.s3.amazonaws.com\/2025\/04\/03082301\/outside-fase-2.jpeg 768w, https:\/\/pbagora.s3.amazonaws.com\/2025\/04\/03082301\/outside-fase-2-300x225.jpeg 300w, https:\/\/pbagora.s3.amazonaws.com\/2025\/04\/03082301\/outside-fase-2-150x113.jpeg 150w, https:\/\/pbagora.s3.amazonaws.com\/2025\/04\/03082301\/outside-fase-2-200x150.jpeg 200w, https:\/\/pbagora.s3.amazonaws.com\/2025\/04\/03082301\/outside-fase-2-260x195.jpeg 260w, https:\/\/pbagora.s3.amazonaws.com\/2025\/04\/03082301\/outside-fase-2-380x285.jpeg 380w, https:\/\/pbagora.s3.amazonaws.com\/2025\/04\/03082301\/outside-fase-2-80x60.jpeg 80w, https:\/\/pbagora.s3.amazonaws.com\/2025\/04\/03082301\/outside-fase-2-600x450.jpeg 600w, https:\/\/pbagora.s3.amazonaws.com\/2025\/04\/03082301\/outside-fase-2-520x390.jpeg 520w, https:\/\/pbagora.s3.amazonaws.com\/2025\/04\/03082301\/outside-fase-2-760x570.jpeg 760w\" sizes=\"auto, (max-width: 768px) 100vw, 768px\" \/><\/p>\n<p>A Pol\u00edcia Federal, em parceria com a Controladoria-Geral da Uni\u00e3o (CGU) e o Minist\u00e9rio P\u00fablico Federal (MPF), deflagrou na manh\u00e3 desta quinta-feira (03) uma nova fase da Opera\u00e7\u00e3o &#8216;Outside&#8217;. A investiga\u00e7\u00e3o busca apurar ind\u00edcios de fraude em processo licitat\u00f3rio, sobrepre\u00e7o e desvio de recursos p\u00fablicos federais.<\/p>\n\n\n\n<p>Nesta segunda fase da opera\u00e7\u00e3o, foram cumpridos quatro mandados de busca e apreens\u00e3o no munic\u00edpio de Patos, no Sert\u00e3o da Para\u00edba. Os mandados foram expedidos pelo ju\u00edzo da 14\u00aa Vara Federal da Subse\u00e7\u00e3o Judici\u00e1ria de Patos, conforme informa\u00e7\u00f5es da Pol\u00edcia Federal.<\/p>\n\n\n\n<p>A a\u00e7\u00e3o visa aprofundar as investiga\u00e7\u00f5es sobre poss\u00edveis irregularidades envolvendo recursos p\u00fablicos federais, garantindo que os respons\u00e1veis sejam identificados e responsabilizados. A primeira fase da Opera\u00e7\u00e3o &#8216;Outside&#8217; j\u00e1 havia apontado ind\u00edcios de esquema de corrup\u00e7\u00e3o, e agora as autoridades esperam reunir novas provas que corroborem as suspeitas levantadas anteriormente.<\/p>\n\n\n\n<p><strong><em>PB Agora<\/em><\/strong><\/p>\n","protected":false},"excerpt":{"rendered":"<p><img decoding=\"async\" width=\"768\" height=\"576\" src=\"https:\/\/pbagora.s3.amazonaws.com\/2025\/04\/03082301\/outside-fase-2.jpeg\" class=\"attachment-large size-large wp-post-image\" alt=\"\" loading=\"lazy\"><\/p>\n<p>A Pol\u00edcia Federal, em parceria com a Controladoria-Geral da Uni\u00e3o (CGU) e o Minist\u00e9rio P\u00fablico Federal (MPF), deflagrou\u2026<\/p>\n","protected":false},"author":123457,"featured_media":0,"comment_status":"closed","ping_status":"closed","sticky":false,"template":"","format":"standard","meta":{"advgb_blocks_editor_width":"","advgb_blocks_columns_visual_guide":"","footnotes":""},"categories":[34],"tags":[10852,35,10839],"class_list":["post-56013","post","type-post","status-publish","format-standard","hentry","category-g1","tag-destaque-final-01","tag-g1","tag-policial"],"author_meta":{"display_name":"Reda\u00e7\u00e3o","author_link":"https:\/\/sindaopcpb.org.br\/author\/redacao\/"},"featured_img":null,"coauthors":[],"tax_additional":{"categories":{"linked":["<a href=\"https:\/\/sindaopcpb.org.br\/g1\/\" class=\"advgb-post-tax-term\">G1<\/a>"],"unlinked":["<span class=\"advgb-post-tax-term\">G1<\/span>"]},"tags":{"linked":["<a href=\"https:\/\/sindaopcpb.org.br\/g1\/\" class=\"advgb-post-tax-term\">Destaque Final 01<\/a>","<a href=\"https:\/\/sindaopcpb.org.br\/g1\/\" class=\"advgb-post-tax-term\">g1<\/a>","<a href=\"https:\/\/sindaopcpb.org.br\/g1\/\" class=\"advgb-post-tax-term\">Policial<\/a>"],"unlinked":["<span class=\"advgb-post-tax-term\">Destaque Final 01<\/span>","<span class=\"advgb-post-tax-term\">g1<\/span>","<span class=\"advgb-post-tax-term\">Policial<\/span>"]}},"comment_count":"0","relative_dates":{"created":"Publicado 1 ano atr\u00e1s","modified":"Atualizado 1 ano atr\u00e1s"},"absolute_dates":{"created":"Publicado em 3 de abril de 2025","modified":"Atualizado em 3 de abril de 2025"},"absolute_dates_time":{"created":"Publicado em 3 de abril de 2025 08:23","modified":"Atualizado em 3 de abril de 2025 11:00"},"featured_img_caption":"","series_order":"","_links":{"self":[{"href":"https:\/\/sindaopcpb.org.br\/index.php\/wp-json\/wp\/v2\/posts\/56013","targetHints":{"allow":["GET"]}}],"collection":[{"href":"https:\/\/sindaopcpb.org.br\/index.php\/wp-json\/wp\/v2\/posts"}],"about":[{"href":"https:\/\/sindaopcpb.org.br\/index.php\/wp-json\/wp\/v2\/types\/post"}],"author":[{"embeddable":true,"href":"https:\/\/sindaopcpb.org.br\/index.php\/wp-json\/wp\/v2\/users\/123457"}],"replies":[{"embeddable":true,"href":"https:\/\/sindaopcpb.org.br\/index.php\/wp-json\/wp\/v2\/comments?post=56013"}],"version-history":[{"count":3,"href":"https:\/\/sindaopcpb.org.br\/index.php\/wp-json\/wp\/v2\/posts\/56013\/revisions"}],"predecessor-version":[{"id":56027,"href":"https:\/\/sindaopcpb.org.br\/index.php\/wp-json\/wp\/v2\/posts\/56013\/revisions\/56027"}],"wp:attachment":[{"href":"https:\/\/sindaopcpb.org.br\/index.php\/wp-json\/wp\/v2\/media?parent=56013"}],"wp:term":[{"taxonomy":"category","embeddable":true,"href":"https:\/\/sindaopcpb.org.br\/index.php\/wp-json\/wp\/v2\/categories?post=56013"},{"taxonomy":"post_tag","embeddable":true,"href":"https:\/\/sindaopcpb.org.br\/index.php\/wp-json\/wp\/v2\/tags?post=56013"}],"curies":[{"name":"wp","href":"https:\/\/api.w.org\/{rel}","templated":true}]}}