{"id":55991,"date":"2025-04-02T17:20:27","date_gmt":"2025-04-02T20:20:27","guid":{"rendered":"https:\/\/www.pbagora.com.br\/?p=893922"},"modified":"2025-04-02T17:20:27","modified_gmt":"2025-04-02T20:20:27","slug":"mulher-e-presa-em-joao-pessoa-por-ameacar-idosa-e-fugir-de-audiencias-judiciais","status":"publish","type":"post","link":"https:\/\/sindaopcpb.org.br\/index.php\/2025\/04\/02\/mulher-e-presa-em-joao-pessoa-por-ameacar-idosa-e-fugir-de-audiencias-judiciais\/","title":{"rendered":"Mulher \u00e9 presa em Jo\u00e3o Pessoa por amea\u00e7ar idosa e fugir de audi\u00eancias judiciais"},"content":{"rendered":"<p><img width=\"1024\" height=\"682\" src=\"https:\/\/pbagora.s3.amazonaws.com\/20190910174043\/mulher-algemada-1024x682.jpg\" class=\"attachment-large size-large wp-post-image\" alt=\"\" style=\"margin-bottom: 20px;\" decoding=\"async\" loading=\"lazy\" srcset=\"https:\/\/pbagora.s3.amazonaws.com\/20190910174043\/mulher-algemada-1024x682.jpg 1024w, https:\/\/pbagora.s3.amazonaws.com\/20190910174043\/mulher-algemada-300x200.jpg 300w, https:\/\/pbagora.s3.amazonaws.com\/20190910174043\/mulher-algemada-150x100.jpg 150w, https:\/\/pbagora.s3.amazonaws.com\/20190910174043\/mulher-algemada-768x512.jpg 768w, https:\/\/pbagora.s3.amazonaws.com\/20190910174043\/mulher-algemada-1536x1023.jpg 1536w, https:\/\/pbagora.s3.amazonaws.com\/20190910174043\/mulher-algemada-800x533.jpg 800w, https:\/\/pbagora.s3.amazonaws.com\/20190910174043\/mulher-algemada-1160x773.jpg 1160w, https:\/\/pbagora.s3.amazonaws.com\/20190910174043\/mulher-algemada-80x53.jpg 80w, https:\/\/pbagora.s3.amazonaws.com\/20190910174043\/mulher-algemada-600x400.jpg 600w, https:\/\/pbagora.s3.amazonaws.com\/20190910174043\/mulher-algemada.jpg 1600w\" sizes=\"auto, (max-width: 1024px) 100vw, 1024px\" \/><\/p>\n<p>Uma mulher de iniciais O.L.S., 40 anos, foi presa pela Pol\u00edcia Civil da Para\u00edba essa semana ap\u00f3s ser considerada foragida da justi\u00e7a. Ela foi indiciada por amea\u00e7ar uma idosa de 70 anos de idade, em setembro de 2022, e deixou de comunicar \u00e0 justi\u00e7a seu atual paradeiro, impossibilitando as convoca\u00e7\u00f5es do Poder Judici\u00e1rio para as audi\u00eancias sobre o processo.<\/p>\n\n\n\n<p>Ao tomarem conhecimento do mandado de pris\u00e3o em desfavor de O. L. S., equipes da Delegacia de Crimes Contra o Patrim\u00f4nio (DCCPAT) realizaram dilig\u00eancias e localizaram a foragida no Bairro dos Funcion\u00e1rios, em Jo\u00e3o Pessoa.<\/p>\n\n\n\n<p>Ela foi encaminhada \u00e0 delegacia, para a conclus\u00e3o dos procedimentos. A justi\u00e7a foi informada da pris\u00e3o.<\/p>\n\n\n\n<p><strong><em>Reda\u00e7\u00e3o<\/em><\/strong><\/p>\n","protected":false},"excerpt":{"rendered":"<p><img loading=\"lazy\" decoding=\"async\" width=\"1024\" height=\"682\" src=\"https:\/\/pbagora.s3.amazonaws.com\/20190910174043\/mulher-algemada-1024x682.jpg\" class=\"attachment-large size-large wp-post-image\" alt=\"\"><\/p>\n<p>Uma mulher de iniciais O.L.S., 40 anos, foi presa pela Pol\u00edcia Civil da Para\u00edba essa semana ap\u00f3s ser\u2026<\/p>\n","protected":false},"author":123457,"featured_media":0,"comment_status":"closed","ping_status":"closed","sticky":false,"template":"","format":"standard","meta":{"advgb_blocks_editor_width":"","advgb_blocks_columns_visual_guide":"","footnotes":""},"categories":[34],"tags":[10841,35,10839],"class_list":["post-55991","post","type-post","status-publish","format-standard","hentry","category-g1","tag-destaque-centro-02","tag-g1","tag-policial"],"author_meta":{"display_name":"Reda\u00e7\u00e3o","author_link":"https:\/\/sindaopcpb.org.br\/author\/redacao\/"},"featured_img":null,"coauthors":[],"tax_additional":{"categories":{"linked":["<a href=\"https:\/\/sindaopcpb.org.br\/g1\/\" class=\"advgb-post-tax-term\">G1<\/a>"],"unlinked":["<span class=\"advgb-post-tax-term\">G1<\/span>"]},"tags":{"linked":["<a href=\"https:\/\/sindaopcpb.org.br\/g1\/\" class=\"advgb-post-tax-term\">Destaque Centro 02<\/a>","<a href=\"https:\/\/sindaopcpb.org.br\/g1\/\" class=\"advgb-post-tax-term\">g1<\/a>","<a href=\"https:\/\/sindaopcpb.org.br\/g1\/\" class=\"advgb-post-tax-term\">Policial<\/a>"],"unlinked":["<span class=\"advgb-post-tax-term\">Destaque Centro 02<\/span>","<span class=\"advgb-post-tax-term\">g1<\/span>","<span class=\"advgb-post-tax-term\">Policial<\/span>"]}},"comment_count":"0","relative_dates":{"created":"Publicado 1 ano atr\u00e1s","modified":"Atualizado 1 ano atr\u00e1s"},"absolute_dates":{"created":"Publicado em 2 de abril de 2025","modified":"Atualizado em 2 de abril de 2025"},"absolute_dates_time":{"created":"Publicado em 2 de abril de 2025 17:20","modified":"Atualizado em 2 de abril de 2025 17:20"},"featured_img_caption":"","series_order":"","_links":{"self":[{"href":"https:\/\/sindaopcpb.org.br\/index.php\/wp-json\/wp\/v2\/posts\/55991","targetHints":{"allow":["GET"]}}],"collection":[{"href":"https:\/\/sindaopcpb.org.br\/index.php\/wp-json\/wp\/v2\/posts"}],"about":[{"href":"https:\/\/sindaopcpb.org.br\/index.php\/wp-json\/wp\/v2\/types\/post"}],"author":[{"embeddable":true,"href":"https:\/\/sindaopcpb.org.br\/index.php\/wp-json\/wp\/v2\/users\/123457"}],"replies":[{"embeddable":true,"href":"https:\/\/sindaopcpb.org.br\/index.php\/wp-json\/wp\/v2\/comments?post=55991"}],"version-history":[{"count":2,"href":"https:\/\/sindaopcpb.org.br\/index.php\/wp-json\/wp\/v2\/posts\/55991\/revisions"}],"predecessor-version":[{"id":55998,"href":"https:\/\/sindaopcpb.org.br\/index.php\/wp-json\/wp\/v2\/posts\/55991\/revisions\/55998"}],"wp:attachment":[{"href":"https:\/\/sindaopcpb.org.br\/index.php\/wp-json\/wp\/v2\/media?parent=55991"}],"wp:term":[{"taxonomy":"category","embeddable":true,"href":"https:\/\/sindaopcpb.org.br\/index.php\/wp-json\/wp\/v2\/categories?post=55991"},{"taxonomy":"post_tag","embeddable":true,"href":"https:\/\/sindaopcpb.org.br\/index.php\/wp-json\/wp\/v2\/tags?post=55991"}],"curies":[{"name":"wp","href":"https:\/\/api.w.org\/{rel}","templated":true}]}}