{"id":55959,"date":"2025-04-02T06:25:20","date_gmt":"2025-04-02T09:25:20","guid":{"rendered":"https:\/\/www.pbagora.com.br\/?p=893757"},"modified":"2025-04-02T08:25:20","modified_gmt":"2025-04-02T11:25:20","slug":"jovem-de-19-anos-e-morto-a-tiros-no-bairro-do-cristo-redentor-em-jp-2","status":"publish","type":"post","link":"https:\/\/sindaopcpb.org.br\/index.php\/2025\/04\/02\/jovem-de-19-anos-e-morto-a-tiros-no-bairro-do-cristo-redentor-em-jp-2\/","title":{"rendered":"Jovem de 19 anos \u00e9 morto a tiros no bairro do Cristo Redentor, em JP"},"content":{"rendered":"<p><img width=\"687\" height=\"463\" src=\"https:\/\/pbagora.s3.amazonaws.com\/2023\/11\/26135733\/csm_csm_csm_numol_ipc_paraiba_pb_viatura_homicidio_235df1b1b6_f5403bcde5_1b010ebc90.jpg\" class=\"attachment-large size-large wp-post-image\" alt=\"\" style=\"margin-bottom: 20px;\" decoding=\"async\" loading=\"lazy\" srcset=\"https:\/\/pbagora.s3.amazonaws.com\/2023\/11\/26135733\/csm_csm_csm_numol_ipc_paraiba_pb_viatura_homicidio_235df1b1b6_f5403bcde5_1b010ebc90.jpg 687w, https:\/\/pbagora.s3.amazonaws.com\/2023\/11\/26135733\/csm_csm_csm_numol_ipc_paraiba_pb_viatura_homicidio_235df1b1b6_f5403bcde5_1b010ebc90-300x202.jpg 300w, https:\/\/pbagora.s3.amazonaws.com\/2023\/11\/26135733\/csm_csm_csm_numol_ipc_paraiba_pb_viatura_homicidio_235df1b1b6_f5403bcde5_1b010ebc90-150x101.jpg 150w, https:\/\/pbagora.s3.amazonaws.com\/2023\/11\/26135733\/csm_csm_csm_numol_ipc_paraiba_pb_viatura_homicidio_235df1b1b6_f5403bcde5_1b010ebc90-380x256.jpg 380w, https:\/\/pbagora.s3.amazonaws.com\/2023\/11\/26135733\/csm_csm_csm_numol_ipc_paraiba_pb_viatura_homicidio_235df1b1b6_f5403bcde5_1b010ebc90-80x54.jpg 80w, https:\/\/pbagora.s3.amazonaws.com\/2023\/11\/26135733\/csm_csm_csm_numol_ipc_paraiba_pb_viatura_homicidio_235df1b1b6_f5403bcde5_1b010ebc90-600x404.jpg 600w\" sizes=\"auto, (max-width: 687px) 100vw, 687px\" \/><\/p>\n<p><\/p>\n\n\n\n<p>Na tarde de ontem (1\u00ba), um jovem de 19 anos foi morto a tiros no bairro do Cristo Redentor, em Jo\u00e3o Pessoa. A v\u00edtima foi identificada como Victor Andrade dos Anjos, que, segundo familiares, era usu\u00e1rio de drogas e trabalhava como catador de recicl\u00e1veis. A principal hip\u00f3tese levantada pelas autoridades \u00e9 de que o homic\u00eddio tenha rela\u00e7\u00e3o com uma poss\u00edvel d\u00edvida com traficantes, embora a motiva\u00e7\u00e3o ainda esteja sendo investigada.<\/p>\n\n\n\n<p>Segundo dados iniciais da investiga\u00e7\u00e3o, apesar de ser usu\u00e1rio de maconha e coca\u00edna, Victor n\u00e3o tinha antecedentes criminais. De acordo com a Pol\u00edcia Civil, n\u00e3o h\u00e1 confirma\u00e7\u00e3o de que ele estivesse sendo amea\u00e7ado ou de que tivesse algum envolvimento direto com o tr\u00e1fico de drogas. Durante a ocorr\u00eancia, foram encontrados no local do crime diversas subst\u00e2ncias que aparentam ser maconha e coca\u00edna.<\/p>\n\n\n\n<p>O delegado Thiago Cavalcante, que atendeu \u00e0 ocorr\u00eancia, relatou que a delegacia de homic\u00eddios foi acionada imediatamente para investigar o caso. &#8220;Foi constatado o \u00f3bito no local e, segundo os familiares, a v\u00edtima n\u00e3o possu\u00eda passagens pela pol\u00edcia&#8221;, informou o delegado.<\/p>\n\n\n\n<p>Conforme a perita Thaine Taumaturgo, que realizou a per\u00edcia no local, revelou que o corpo apresentava aproximadamente seis disparos de arma de fogo. N\u00e3o foram encontrados proj\u00e9teis ou estojos no local, o que indica que a arma utilizada pode ter sido um rev\u00f3lver. Al\u00e9m disso, ela confirmou a presen\u00e7a de subst\u00e2ncias an\u00e1logas \u00e0 maconha e \u00e0 coca\u00edna, mas alertou que apenas os exames no Instituto de Per\u00edcia Criminal poder\u00e3o confirmar a natureza exata das drogas.<\/p>\n\n\n\n<p>At\u00e9 o momento, os suspeitos do crime n\u00e3o foram localizados e as investiga\u00e7\u00f5es continuam para tentar esclarecer a motiva\u00e7\u00e3o e identificar os respons\u00e1veis.<\/p>\n\n\n\n<p>Reda\u00e7\u00e3o<\/p>\n","protected":false},"excerpt":{"rendered":"<p><img decoding=\"async\" width=\"687\" height=\"463\" src=\"https:\/\/pbagora.s3.amazonaws.com\/2023\/11\/26135733\/csm_csm_csm_numol_ipc_paraiba_pb_viatura_homicidio_235df1b1b6_f5403bcde5_1b010ebc90.jpg\" class=\"attachment-large size-large wp-post-image\" alt=\"\" loading=\"lazy\"><\/p>\n<p>Na tarde de ontem (1\u00ba), um jovem de 19 anos foi morto a tiros no bairro do Cristo\u2026<\/p>\n","protected":false},"author":123457,"featured_media":0,"comment_status":"closed","ping_status":"closed","sticky":false,"template":"","format":"standard","meta":{"advgb_blocks_editor_width":"","advgb_blocks_columns_visual_guide":"","footnotes":""},"categories":[34],"tags":[10845,35,10839],"class_list":["post-55959","post","type-post","status-publish","format-standard","hentry","category-g1","tag-destaque-centro-01","tag-g1","tag-policial"],"author_meta":{"display_name":"Reda\u00e7\u00e3o","author_link":"https:\/\/sindaopcpb.org.br\/author\/redacao\/"},"featured_img":null,"coauthors":[],"tax_additional":{"categories":{"linked":["<a href=\"https:\/\/sindaopcpb.org.br\/g1\/\" class=\"advgb-post-tax-term\">G1<\/a>"],"unlinked":["<span class=\"advgb-post-tax-term\">G1<\/span>"]},"tags":{"linked":["<a href=\"https:\/\/sindaopcpb.org.br\/g1\/\" class=\"advgb-post-tax-term\">Destaque Centro 01<\/a>","<a href=\"https:\/\/sindaopcpb.org.br\/g1\/\" class=\"advgb-post-tax-term\">g1<\/a>","<a href=\"https:\/\/sindaopcpb.org.br\/g1\/\" class=\"advgb-post-tax-term\">Policial<\/a>"],"unlinked":["<span class=\"advgb-post-tax-term\">Destaque Centro 01<\/span>","<span class=\"advgb-post-tax-term\">g1<\/span>","<span class=\"advgb-post-tax-term\">Policial<\/span>"]}},"comment_count":"0","relative_dates":{"created":"Publicado 1 ano atr\u00e1s","modified":"Atualizado 1 ano atr\u00e1s"},"absolute_dates":{"created":"Publicado em 2 de abril de 2025","modified":"Atualizado em 2 de abril de 2025"},"absolute_dates_time":{"created":"Publicado em 2 de abril de 2025 06:25","modified":"Atualizado em 2 de abril de 2025 08:25"},"featured_img_caption":"","series_order":"","_links":{"self":[{"href":"https:\/\/sindaopcpb.org.br\/index.php\/wp-json\/wp\/v2\/posts\/55959","targetHints":{"allow":["GET"]}}],"collection":[{"href":"https:\/\/sindaopcpb.org.br\/index.php\/wp-json\/wp\/v2\/posts"}],"about":[{"href":"https:\/\/sindaopcpb.org.br\/index.php\/wp-json\/wp\/v2\/types\/post"}],"author":[{"embeddable":true,"href":"https:\/\/sindaopcpb.org.br\/index.php\/wp-json\/wp\/v2\/users\/123457"}],"replies":[{"embeddable":true,"href":"https:\/\/sindaopcpb.org.br\/index.php\/wp-json\/wp\/v2\/comments?post=55959"}],"version-history":[{"count":2,"href":"https:\/\/sindaopcpb.org.br\/index.php\/wp-json\/wp\/v2\/posts\/55959\/revisions"}],"predecessor-version":[{"id":55970,"href":"https:\/\/sindaopcpb.org.br\/index.php\/wp-json\/wp\/v2\/posts\/55959\/revisions\/55970"}],"wp:attachment":[{"href":"https:\/\/sindaopcpb.org.br\/index.php\/wp-json\/wp\/v2\/media?parent=55959"}],"wp:term":[{"taxonomy":"category","embeddable":true,"href":"https:\/\/sindaopcpb.org.br\/index.php\/wp-json\/wp\/v2\/categories?post=55959"},{"taxonomy":"post_tag","embeddable":true,"href":"https:\/\/sindaopcpb.org.br\/index.php\/wp-json\/wp\/v2\/tags?post=55959"}],"curies":[{"name":"wp","href":"https:\/\/api.w.org\/{rel}","templated":true}]}}