{"id":55770,"date":"2025-03-26T16:40:31","date_gmt":"2025-03-26T19:40:31","guid":{"rendered":"https:\/\/www.pbagora.com.br\/?p=892902"},"modified":"2025-03-26T16:40:31","modified_gmt":"2025-03-26T19:40:31","slug":"policia-civil-da-paraiba-avanca-na-recuperacao-de-celulares-roubados","status":"publish","type":"post","link":"https:\/\/sindaopcpb.org.br\/index.php\/2025\/03\/26\/policia-civil-da-paraiba-avanca-na-recuperacao-de-celulares-roubados\/","title":{"rendered":"Pol\u00edcia Civil da Para\u00edba avan\u00e7a na recupera\u00e7\u00e3o de celulares roubados"},"content":{"rendered":"<p><img width=\"1024\" height=\"473\" src=\"https:\/\/pbagora.s3.amazonaws.com\/2025\/03\/26143801\/WhatsApp-Image-2025-03-26-at-14.28.02-1024x473.jpeg\" class=\"attachment-large size-large wp-post-image\" alt=\"\" style=\"margin-bottom: 20px;\" decoding=\"async\" srcset=\"https:\/\/pbagora.s3.amazonaws.com\/2025\/03\/26143801\/WhatsApp-Image-2025-03-26-at-14.28.02-1024x473.jpeg 1024w, https:\/\/pbagora.s3.amazonaws.com\/2025\/03\/26143801\/WhatsApp-Image-2025-03-26-at-14.28.02-300x139.jpeg 300w, https:\/\/pbagora.s3.amazonaws.com\/2025\/03\/26143801\/WhatsApp-Image-2025-03-26-at-14.28.02-150x69.jpeg 150w, https:\/\/pbagora.s3.amazonaws.com\/2025\/03\/26143801\/WhatsApp-Image-2025-03-26-at-14.28.02-768x355.jpeg 768w, https:\/\/pbagora.s3.amazonaws.com\/2025\/03\/26143801\/WhatsApp-Image-2025-03-26-at-14.28.02-1536x709.jpeg 1536w, https:\/\/pbagora.s3.amazonaws.com\/2025\/03\/26143801\/WhatsApp-Image-2025-03-26-at-14.28.02-380x176.jpeg 380w, https:\/\/pbagora.s3.amazonaws.com\/2025\/03\/26143801\/WhatsApp-Image-2025-03-26-at-14.28.02-800x370.jpeg 800w, https:\/\/pbagora.s3.amazonaws.com\/2025\/03\/26143801\/WhatsApp-Image-2025-03-26-at-14.28.02-1160x536.jpeg 1160w, https:\/\/pbagora.s3.amazonaws.com\/2025\/03\/26143801\/WhatsApp-Image-2025-03-26-at-14.28.02-80x37.jpeg 80w, https:\/\/pbagora.s3.amazonaws.com\/2025\/03\/26143801\/WhatsApp-Image-2025-03-26-at-14.28.02-760x351.jpeg 760w, https:\/\/pbagora.s3.amazonaws.com\/2025\/03\/26143801\/WhatsApp-Image-2025-03-26-at-14.28.02-600x277.jpeg 600w, https:\/\/pbagora.s3.amazonaws.com\/2025\/03\/26143801\/WhatsApp-Image-2025-03-26-at-14.28.02.jpeg 1600w\" sizes=\"(max-width: 1024px) 100vw, 1024px\" \/><\/p>\n<p>A Pol\u00edcia Civil da Para\u00edba est\u00e1 realizando uma s\u00e9rie de treinamentos e cursos de capacita\u00e7\u00e3o para seus servidores, nas diversas \u00e1reas investigativas em que a institui\u00e7\u00e3o atua. Um dos cursos foi ministrado na sede da Delegacia-Geral, em Jo\u00e3o Pessoa, voltado para a Opera\u00e7\u00e3o Recupera.<\/p>\n\n\n\n<p>O trabalho visa identificar pessoas que estejam com telefones celulares roubados e\/ou furtados, para que os aparelhos sejam apreendidos e devolvidos aos seus leg\u00edtimos propriet\u00e1rios. O programa foi lan\u00e7ado em dezembro de 2024, pelo governador Jo\u00e3o Azev\u00eado, e j\u00e1 conseguiu recuperar mais de 500 telefones em todo o estado.<\/p>\n\n\n\n<p>\u201cEstamos investindo muito nesse tipo de investiga\u00e7\u00e3o, porque nos dias de hoje um aparelho celular n\u00e3o \u00e9 mais um mero objeto para realizar e receber chamadas, e sim um valoroso equipamento onde guardamos um imenso arquivo da nossa vida, tanto no campo pessoal quanto profissional. Os preju\u00edzos para quem tem um aparelho celular roubado ou furtado vai muito al\u00e9m do financeiro, e com o crescimento da Opera\u00e7\u00e3o Recupera, a tend\u00eancia \u00e9 de que num futuro breve, os crimes dessa natureza sofram uma queda consider\u00e1vel\u201d, destacou o delegado-geral, Andr\u00e9 Rabelo.<\/p>\n\n\n\n<p>Extra\u00e7\u00e3o de dados<\/p>\n\n\n\n<p>Ao tempo em que uma turma de policiais participava desse treinamento na Delegacia-Geral, outras equipes passavam por curso de aperfei\u00e7oamento em Busca Eletr\u00f4nica e Extra\u00e7\u00e3o de Dados, na Academia de Ensino da Pol\u00edcia Civil (Acadepol).<\/p>\n","protected":false},"excerpt":{"rendered":"<p><img loading=\"lazy\" decoding=\"async\" width=\"1024\" height=\"473\" src=\"https:\/\/pbagora.s3.amazonaws.com\/2025\/03\/26143801\/WhatsApp-Image-2025-03-26-at-14.28.02-1024x473.jpeg\" class=\"attachment-large size-large wp-post-image\" alt=\"\"><\/p>\n<p>A Pol\u00edcia Civil da Para\u00edba est\u00e1 realizando uma s\u00e9rie de treinamentos e cursos de capacita\u00e7\u00e3o para seus servidores,\u2026<\/p>\n","protected":false},"author":123457,"featured_media":0,"comment_status":"closed","ping_status":"closed","sticky":false,"template":"","format":"standard","meta":{"advgb_blocks_editor_width":"","advgb_blocks_columns_visual_guide":"","footnotes":""},"categories":[34],"tags":[10845,35,10839],"class_list":["post-55770","post","type-post","status-publish","format-standard","hentry","category-g1","tag-destaque-centro-01","tag-g1","tag-policial"],"author_meta":{"display_name":"Reda\u00e7\u00e3o","author_link":"https:\/\/sindaopcpb.org.br\/author\/redacao\/"},"featured_img":null,"coauthors":[],"tax_additional":{"categories":{"linked":["<a href=\"https:\/\/sindaopcpb.org.br\/g1\/\" class=\"advgb-post-tax-term\">G1<\/a>"],"unlinked":["<span class=\"advgb-post-tax-term\">G1<\/span>"]},"tags":{"linked":["<a href=\"https:\/\/sindaopcpb.org.br\/g1\/\" class=\"advgb-post-tax-term\">Destaque Centro 01<\/a>","<a href=\"https:\/\/sindaopcpb.org.br\/g1\/\" class=\"advgb-post-tax-term\">g1<\/a>","<a href=\"https:\/\/sindaopcpb.org.br\/g1\/\" class=\"advgb-post-tax-term\">Policial<\/a>"],"unlinked":["<span class=\"advgb-post-tax-term\">Destaque Centro 01<\/span>","<span class=\"advgb-post-tax-term\">g1<\/span>","<span class=\"advgb-post-tax-term\">Policial<\/span>"]}},"comment_count":"0","relative_dates":{"created":"Publicado 1 ano atr\u00e1s","modified":"Atualizado 1 ano atr\u00e1s"},"absolute_dates":{"created":"Publicado em 26 de mar\u00e7o de 2025","modified":"Atualizado em 26 de mar\u00e7o de 2025"},"absolute_dates_time":{"created":"Publicado em 26 de mar\u00e7o de 2025 16:40","modified":"Atualizado em 26 de mar\u00e7o de 2025 16:40"},"featured_img_caption":"","series_order":"","_links":{"self":[{"href":"https:\/\/sindaopcpb.org.br\/index.php\/wp-json\/wp\/v2\/posts\/55770","targetHints":{"allow":["GET"]}}],"collection":[{"href":"https:\/\/sindaopcpb.org.br\/index.php\/wp-json\/wp\/v2\/posts"}],"about":[{"href":"https:\/\/sindaopcpb.org.br\/index.php\/wp-json\/wp\/v2\/types\/post"}],"author":[{"embeddable":true,"href":"https:\/\/sindaopcpb.org.br\/index.php\/wp-json\/wp\/v2\/users\/123457"}],"replies":[{"embeddable":true,"href":"https:\/\/sindaopcpb.org.br\/index.php\/wp-json\/wp\/v2\/comments?post=55770"}],"version-history":[{"count":3,"href":"https:\/\/sindaopcpb.org.br\/index.php\/wp-json\/wp\/v2\/posts\/55770\/revisions"}],"predecessor-version":[{"id":55782,"href":"https:\/\/sindaopcpb.org.br\/index.php\/wp-json\/wp\/v2\/posts\/55770\/revisions\/55782"}],"wp:attachment":[{"href":"https:\/\/sindaopcpb.org.br\/index.php\/wp-json\/wp\/v2\/media?parent=55770"}],"wp:term":[{"taxonomy":"category","embeddable":true,"href":"https:\/\/sindaopcpb.org.br\/index.php\/wp-json\/wp\/v2\/categories?post=55770"},{"taxonomy":"post_tag","embeddable":true,"href":"https:\/\/sindaopcpb.org.br\/index.php\/wp-json\/wp\/v2\/tags?post=55770"}],"curies":[{"name":"wp","href":"https:\/\/api.w.org\/{rel}","templated":true}]}}