{"id":55760,"date":"2025-03-26T10:52:03","date_gmt":"2025-03-26T13:52:03","guid":{"rendered":"https:\/\/www.pbagora.com.br\/?p=892822"},"modified":"2025-03-26T10:52:03","modified_gmt":"2025-03-26T13:52:03","slug":"venezuelano-motorista-por-aplicativo-foragido-por-roubo-de-veiculo-e-preso-em-joao-pessoa","status":"publish","type":"post","link":"https:\/\/sindaopcpb.org.br\/index.php\/2025\/03\/26\/venezuelano-motorista-por-aplicativo-foragido-por-roubo-de-veiculo-e-preso-em-joao-pessoa\/","title":{"rendered":"Venezuelano, motorista por aplicativo foragido por roubo de ve\u00edculo \u00e9 preso em Jo\u00e3o Pessoa"},"content":{"rendered":"<p><img width=\"800\" height=\"600\" src=\"https:\/\/pbagora.s3.amazonaws.com\/2024\/12\/12065020\/policia-civil-central.webp\" class=\"attachment-large size-large wp-post-image\" alt=\"\" style=\"margin-bottom: 20px;\" decoding=\"async\" loading=\"lazy\" srcset=\"https:\/\/pbagora.s3.amazonaws.com\/2024\/12\/12065020\/policia-civil-central.webp 800w, https:\/\/pbagora.s3.amazonaws.com\/2024\/12\/12065020\/policia-civil-central-300x225.webp 300w, https:\/\/pbagora.s3.amazonaws.com\/2024\/12\/12065020\/policia-civil-central-150x113.webp 150w, https:\/\/pbagora.s3.amazonaws.com\/2024\/12\/12065020\/policia-civil-central-768x576.webp 768w, https:\/\/pbagora.s3.amazonaws.com\/2024\/12\/12065020\/policia-civil-central-200x150.webp 200w, https:\/\/pbagora.s3.amazonaws.com\/2024\/12\/12065020\/policia-civil-central-260x195.webp 260w, https:\/\/pbagora.s3.amazonaws.com\/2024\/12\/12065020\/policia-civil-central-380x285.webp 380w, https:\/\/pbagora.s3.amazonaws.com\/2024\/12\/12065020\/policia-civil-central-80x60.webp 80w, https:\/\/pbagora.s3.amazonaws.com\/2024\/12\/12065020\/policia-civil-central-600x450.webp 600w, https:\/\/pbagora.s3.amazonaws.com\/2024\/12\/12065020\/policia-civil-central-520x390.webp 520w, https:\/\/pbagora.s3.amazonaws.com\/2024\/12\/12065020\/policia-civil-central-760x570.webp 760w\" sizes=\"auto, (max-width: 800px) 100vw, 800px\" \/><\/p>\n<p>A Pol\u00edcia Civil da Para\u00edba, por meio da Delegacia de Roubos e Furtos de Ve\u00edculos e Cargas (DRFVC), prendeu no in\u00edcio desta semana um homem foragido da Justi\u00e7a pelo crime de roubo de ve\u00edculo. O suspeito de 43 anos, \u00e9 natural da Venezuela e trabalhava como motorista por aplicativo em Jo\u00e3o Pessoa.<\/p>\n\n\n\n<p>A pris\u00e3o ocorreu no bairro de Mangabeira, zona sul da capital, ap\u00f3s dilig\u00eancias realizadas pelas equipes da DRFVC. Contra o suspeito, havia um mandado de pris\u00e3o em aberto, e ele foi localizado e detido sem resist\u00eancia.<\/p>\n\n\n\n<p>De acordo com a Pol\u00edcia Civil, o preso foi encaminhado para a Central de Pol\u00edcia, onde aguarda os procedimentos legais.<\/p>\n\n\n\n<p><strong><em>PB Agora<\/em><\/strong><\/p>\n","protected":false},"excerpt":{"rendered":"<p><img decoding=\"async\" width=\"800\" height=\"600\" src=\"https:\/\/pbagora.s3.amazonaws.com\/2024\/12\/12065020\/policia-civil-central.webp\" class=\"attachment-large size-large wp-post-image\" alt=\"\" loading=\"lazy\"><\/p>\n<p>A Pol\u00edcia Civil da Para\u00edba, por meio da Delegacia de Roubos e Furtos de Ve\u00edculos e Cargas (DRFVC),\u2026<\/p>\n","protected":false},"author":123457,"featured_media":0,"comment_status":"closed","ping_status":"closed","sticky":false,"template":"","format":"standard","meta":{"advgb_blocks_editor_width":"","advgb_blocks_columns_visual_guide":"","footnotes":""},"categories":[34],"tags":[35,10839,10842],"class_list":["post-55760","post","type-post","status-publish","format-standard","hentry","category-g1","tag-g1","tag-policial","tag-principal3"],"author_meta":{"display_name":"Reda\u00e7\u00e3o","author_link":"https:\/\/sindaopcpb.org.br\/author\/redacao\/"},"featured_img":null,"coauthors":[],"tax_additional":{"categories":{"linked":["<a href=\"https:\/\/sindaopcpb.org.br\/g1\/\" class=\"advgb-post-tax-term\">G1<\/a>"],"unlinked":["<span class=\"advgb-post-tax-term\">G1<\/span>"]},"tags":{"linked":["<a href=\"https:\/\/sindaopcpb.org.br\/g1\/\" class=\"advgb-post-tax-term\">g1<\/a>","<a href=\"https:\/\/sindaopcpb.org.br\/g1\/\" class=\"advgb-post-tax-term\">Policial<\/a>","<a href=\"https:\/\/sindaopcpb.org.br\/g1\/\" class=\"advgb-post-tax-term\">Principal3<\/a>"],"unlinked":["<span class=\"advgb-post-tax-term\">g1<\/span>","<span class=\"advgb-post-tax-term\">Policial<\/span>","<span class=\"advgb-post-tax-term\">Principal3<\/span>"]}},"comment_count":"0","relative_dates":{"created":"Publicado 1 ano atr\u00e1s","modified":"Atualizado 1 ano atr\u00e1s"},"absolute_dates":{"created":"Publicado em 26 de mar\u00e7o de 2025","modified":"Atualizado em 26 de mar\u00e7o de 2025"},"absolute_dates_time":{"created":"Publicado em 26 de mar\u00e7o de 2025 10:52","modified":"Atualizado em 26 de mar\u00e7o de 2025 10:52"},"featured_img_caption":"","series_order":"","_links":{"self":[{"href":"https:\/\/sindaopcpb.org.br\/index.php\/wp-json\/wp\/v2\/posts\/55760","targetHints":{"allow":["GET"]}}],"collection":[{"href":"https:\/\/sindaopcpb.org.br\/index.php\/wp-json\/wp\/v2\/posts"}],"about":[{"href":"https:\/\/sindaopcpb.org.br\/index.php\/wp-json\/wp\/v2\/types\/post"}],"author":[{"embeddable":true,"href":"https:\/\/sindaopcpb.org.br\/index.php\/wp-json\/wp\/v2\/users\/123457"}],"replies":[{"embeddable":true,"href":"https:\/\/sindaopcpb.org.br\/index.php\/wp-json\/wp\/v2\/comments?post=55760"}],"version-history":[{"count":1,"href":"https:\/\/sindaopcpb.org.br\/index.php\/wp-json\/wp\/v2\/posts\/55760\/revisions"}],"predecessor-version":[{"id":55761,"href":"https:\/\/sindaopcpb.org.br\/index.php\/wp-json\/wp\/v2\/posts\/55760\/revisions\/55761"}],"wp:attachment":[{"href":"https:\/\/sindaopcpb.org.br\/index.php\/wp-json\/wp\/v2\/media?parent=55760"}],"wp:term":[{"taxonomy":"category","embeddable":true,"href":"https:\/\/sindaopcpb.org.br\/index.php\/wp-json\/wp\/v2\/categories?post=55760"},{"taxonomy":"post_tag","embeddable":true,"href":"https:\/\/sindaopcpb.org.br\/index.php\/wp-json\/wp\/v2\/tags?post=55760"}],"curies":[{"name":"wp","href":"https:\/\/api.w.org\/{rel}","templated":true}]}}