{"id":55752,"date":"2025-03-26T10:53:07","date_gmt":"2025-03-26T13:53:07","guid":{"rendered":"https:\/\/www.pbagora.com.br\/?p=892820"},"modified":"2025-03-26T10:53:07","modified_gmt":"2025-03-26T13:53:07","slug":"em-jp-policia-prende-estelionatario-que-se-apresentava-como-juiz-e-policial-federal","status":"publish","type":"post","link":"https:\/\/sindaopcpb.org.br\/index.php\/2025\/03\/26\/em-jp-policia-prende-estelionatario-que-se-apresentava-como-juiz-e-policial-federal\/","title":{"rendered":"EM JP: pol\u00edcia prende estelionat\u00e1rio que se apresentava como juiz e policial federal"},"content":{"rendered":"<p><img width=\"683\" height=\"386\" src=\"https:\/\/pbagora.s3.amazonaws.com\/2024\/12\/04161713\/Policia-Civil-PB-1-683x386-1.jpg\" class=\"attachment-large size-large wp-post-image\" alt=\"\" style=\"margin-bottom: 20px;\" decoding=\"async\" loading=\"lazy\" srcset=\"https:\/\/pbagora.s3.amazonaws.com\/2024\/12\/04161713\/Policia-Civil-PB-1-683x386-1.jpg 683w, https:\/\/pbagora.s3.amazonaws.com\/2024\/12\/04161713\/Policia-Civil-PB-1-683x386-1-300x170.jpg 300w, https:\/\/pbagora.s3.amazonaws.com\/2024\/12\/04161713\/Policia-Civil-PB-1-683x386-1-150x85.jpg 150w, https:\/\/pbagora.s3.amazonaws.com\/2024\/12\/04161713\/Policia-Civil-PB-1-683x386-1-380x215.jpg 380w, https:\/\/pbagora.s3.amazonaws.com\/2024\/12\/04161713\/Policia-Civil-PB-1-683x386-1-80x46.jpg 80w, https:\/\/pbagora.s3.amazonaws.com\/2024\/12\/04161713\/Policia-Civil-PB-1-683x386-1-600x339.jpg 600w\" sizes=\"auto, (max-width: 683px) 100vw, 683px\" \/><\/p>\n<p>A Pol\u00edcia Civil da Para\u00edba, por meio da Delegacia de Roubos e Furtos de Ve\u00edculos e Cargas (DRFVC), prendeu nessa ter\u00e7a-feira (25), um homem investigado por aplicar v\u00e1rias fraudes no com\u00e9rcio de Jo\u00e3o Pessoa. Ele costumava se apresentar com juiz de Direito e policial federal, quando cometia os crimes.<\/p>\n\n\n\n<p>O homem estava na condi\u00e7\u00e3o de foragido da justi\u00e7a e foi localizado pelas equipes da DRFVC, que cumpriram o mandado de pris\u00e3o existente em desfavor do criminoso. A pris\u00e3o foi comunicada \u00e0 justi\u00e7a, para as medidas cab\u00edveis.<\/p>\n\n\n\n<p><strong><em>PB Agora<\/em><\/strong><\/p>\n","protected":false},"excerpt":{"rendered":"<p><img loading=\"lazy\" decoding=\"async\" width=\"683\" height=\"386\" src=\"https:\/\/pbagora.s3.amazonaws.com\/2024\/12\/04161713\/Policia-Civil-PB-1-683x386-1.jpg\" class=\"attachment-large size-large wp-post-image\" alt=\"\"><\/p>\n<p>A Pol\u00edcia Civil da Para\u00edba, por meio da Delegacia de Roubos e Furtos de Ve\u00edculos e Cargas (DRFVC),\u2026<\/p>\n","protected":false},"author":123457,"featured_media":0,"comment_status":"closed","ping_status":"closed","sticky":false,"template":"","format":"standard","meta":{"advgb_blocks_editor_width":"","advgb_blocks_columns_visual_guide":"","footnotes":""},"categories":[34],"tags":[35,10839,10842],"class_list":["post-55752","post","type-post","status-publish","format-standard","hentry","category-g1","tag-g1","tag-policial","tag-principal3"],"author_meta":{"display_name":"Reda\u00e7\u00e3o","author_link":"https:\/\/sindaopcpb.org.br\/author\/redacao\/"},"featured_img":null,"coauthors":[],"tax_additional":{"categories":{"linked":["<a href=\"https:\/\/sindaopcpb.org.br\/g1\/\" class=\"advgb-post-tax-term\">G1<\/a>"],"unlinked":["<span class=\"advgb-post-tax-term\">G1<\/span>"]},"tags":{"linked":["<a href=\"https:\/\/sindaopcpb.org.br\/g1\/\" class=\"advgb-post-tax-term\">g1<\/a>","<a href=\"https:\/\/sindaopcpb.org.br\/g1\/\" class=\"advgb-post-tax-term\">Policial<\/a>","<a href=\"https:\/\/sindaopcpb.org.br\/g1\/\" class=\"advgb-post-tax-term\">Principal3<\/a>"],"unlinked":["<span class=\"advgb-post-tax-term\">g1<\/span>","<span class=\"advgb-post-tax-term\">Policial<\/span>","<span class=\"advgb-post-tax-term\">Principal3<\/span>"]}},"comment_count":"0","relative_dates":{"created":"Publicado 1 ano atr\u00e1s","modified":"Atualizado 1 ano atr\u00e1s"},"absolute_dates":{"created":"Publicado em 26 de mar\u00e7o de 2025","modified":"Atualizado em 26 de mar\u00e7o de 2025"},"absolute_dates_time":{"created":"Publicado em 26 de mar\u00e7o de 2025 10:53","modified":"Atualizado em 26 de mar\u00e7o de 2025 10:53"},"featured_img_caption":"","series_order":"","_links":{"self":[{"href":"https:\/\/sindaopcpb.org.br\/index.php\/wp-json\/wp\/v2\/posts\/55752","targetHints":{"allow":["GET"]}}],"collection":[{"href":"https:\/\/sindaopcpb.org.br\/index.php\/wp-json\/wp\/v2\/posts"}],"about":[{"href":"https:\/\/sindaopcpb.org.br\/index.php\/wp-json\/wp\/v2\/types\/post"}],"author":[{"embeddable":true,"href":"https:\/\/sindaopcpb.org.br\/index.php\/wp-json\/wp\/v2\/users\/123457"}],"replies":[{"embeddable":true,"href":"https:\/\/sindaopcpb.org.br\/index.php\/wp-json\/wp\/v2\/comments?post=55752"}],"version-history":[{"count":2,"href":"https:\/\/sindaopcpb.org.br\/index.php\/wp-json\/wp\/v2\/posts\/55752\/revisions"}],"predecessor-version":[{"id":55765,"href":"https:\/\/sindaopcpb.org.br\/index.php\/wp-json\/wp\/v2\/posts\/55752\/revisions\/55765"}],"wp:attachment":[{"href":"https:\/\/sindaopcpb.org.br\/index.php\/wp-json\/wp\/v2\/media?parent=55752"}],"wp:term":[{"taxonomy":"category","embeddable":true,"href":"https:\/\/sindaopcpb.org.br\/index.php\/wp-json\/wp\/v2\/categories?post=55752"},{"taxonomy":"post_tag","embeddable":true,"href":"https:\/\/sindaopcpb.org.br\/index.php\/wp-json\/wp\/v2\/tags?post=55752"}],"curies":[{"name":"wp","href":"https:\/\/api.w.org\/{rel}","templated":true}]}}