{"id":55703,"date":"2025-03-25T07:03:17","date_gmt":"2025-03-25T10:03:17","guid":{"rendered":"https:\/\/www.pbagora.com.br\/?p=892587"},"modified":"2025-03-25T09:03:17","modified_gmt":"2025-03-25T12:03:17","slug":"jovem-e-morto-a-tiros-enquanto-tocava-teclado-na-zona-rural-de-santa-rita","status":"publish","type":"post","link":"https:\/\/sindaopcpb.org.br\/index.php\/2025\/03\/25\/jovem-e-morto-a-tiros-enquanto-tocava-teclado-na-zona-rural-de-santa-rita\/","title":{"rendered":"Jovem \u00e9 morto a tiros enquanto tocava teclado, na Zona Rural de Santa Rita"},"content":{"rendered":"<p><img width=\"687\" height=\"463\" src=\"https:\/\/pbagora.s3.amazonaws.com\/2023\/11\/20055507\/csm_homicidios_homem_morto_a_tiros_homicidio_ipc_numol_gemol_carro_verinho_paparazzo_rtc_0419776e49.jpg\" class=\"attachment-large size-large wp-post-image\" alt=\"\" style=\"margin-bottom: 20px;\" decoding=\"async\" loading=\"lazy\" srcset=\"https:\/\/pbagora.s3.amazonaws.com\/2023\/11\/20055507\/csm_homicidios_homem_morto_a_tiros_homicidio_ipc_numol_gemol_carro_verinho_paparazzo_rtc_0419776e49.jpg 687w, https:\/\/pbagora.s3.amazonaws.com\/2023\/11\/20055507\/csm_homicidios_homem_morto_a_tiros_homicidio_ipc_numol_gemol_carro_verinho_paparazzo_rtc_0419776e49-300x202.jpg 300w, https:\/\/pbagora.s3.amazonaws.com\/2023\/11\/20055507\/csm_homicidios_homem_morto_a_tiros_homicidio_ipc_numol_gemol_carro_verinho_paparazzo_rtc_0419776e49-150x101.jpg 150w, https:\/\/pbagora.s3.amazonaws.com\/2023\/11\/20055507\/csm_homicidios_homem_morto_a_tiros_homicidio_ipc_numol_gemol_carro_verinho_paparazzo_rtc_0419776e49-380x256.jpg 380w, https:\/\/pbagora.s3.amazonaws.com\/2023\/11\/20055507\/csm_homicidios_homem_morto_a_tiros_homicidio_ipc_numol_gemol_carro_verinho_paparazzo_rtc_0419776e49-80x54.jpg 80w, https:\/\/pbagora.s3.amazonaws.com\/2023\/11\/20055507\/csm_homicidios_homem_morto_a_tiros_homicidio_ipc_numol_gemol_carro_verinho_paparazzo_rtc_0419776e49-600x404.jpg 600w\" sizes=\"auto, (max-width: 687px) 100vw, 687px\" \/><\/p>\n<p><\/p>\n\n\n\n<p>Um jovem foi morto a tiros, na noite de ontem (24), em Forte Velho, na Zona Rural de Santa Rita, na Grande Jo\u00e3o Pessoa. A autoria e motiva\u00e7\u00e3o do crime s\u00e3o desconhecidas.<\/p>\n\n\n\n<p>De acordo com os dados iniciais, a v\u00edtima estava tocando teclado quando foi surpreendida pelos suspeitos que invadiram a resid\u00eancia onde estava.<\/p>\n\n\n\n<p>Familiares informaram que o jovem n\u00e3o tinha envolvimento com o \u2018mundo do crime\u2019 e era trabalhador. A Pol\u00edcia Civil deve investigar o crime.<\/p>\n\n\n\n<p>Reda\u00e7\u00e3o<\/p>\n","protected":false},"excerpt":{"rendered":"<p><img loading=\"lazy\" decoding=\"async\" width=\"687\" height=\"463\" src=\"https:\/\/pbagora.s3.amazonaws.com\/2023\/11\/20055507\/csm_homicidios_homem_morto_a_tiros_homicidio_ipc_numol_gemol_carro_verinho_paparazzo_rtc_0419776e49.jpg\" class=\"attachment-large size-large wp-post-image\" alt=\"\"><\/p>\n<p>Um jovem foi morto a tiros, na noite de ontem (24), em Forte Velho, na Zona Rural de\u2026<\/p>\n","protected":false},"author":123457,"featured_media":0,"comment_status":"closed","ping_status":"closed","sticky":false,"template":"","format":"standard","meta":{"advgb_blocks_editor_width":"","advgb_blocks_columns_visual_guide":"","footnotes":""},"categories":[34],"tags":[35,10839,10848],"class_list":["post-55703","post","type-post","status-publish","format-standard","hentry","category-g1","tag-g1","tag-policial","tag-rodape-01"],"author_meta":{"display_name":"Reda\u00e7\u00e3o","author_link":"https:\/\/sindaopcpb.org.br\/author\/redacao\/"},"featured_img":null,"coauthors":[],"tax_additional":{"categories":{"linked":["<a href=\"https:\/\/sindaopcpb.org.br\/g1\/\" class=\"advgb-post-tax-term\">G1<\/a>"],"unlinked":["<span class=\"advgb-post-tax-term\">G1<\/span>"]},"tags":{"linked":["<a href=\"https:\/\/sindaopcpb.org.br\/g1\/\" class=\"advgb-post-tax-term\">g1<\/a>","<a href=\"https:\/\/sindaopcpb.org.br\/g1\/\" class=\"advgb-post-tax-term\">Policial<\/a>","<a href=\"https:\/\/sindaopcpb.org.br\/g1\/\" class=\"advgb-post-tax-term\">Rodape 01<\/a>"],"unlinked":["<span class=\"advgb-post-tax-term\">g1<\/span>","<span class=\"advgb-post-tax-term\">Policial<\/span>","<span class=\"advgb-post-tax-term\">Rodape 01<\/span>"]}},"comment_count":"0","relative_dates":{"created":"Publicado 1 ano atr\u00e1s","modified":"Atualizado 1 ano atr\u00e1s"},"absolute_dates":{"created":"Publicado em 25 de mar\u00e7o de 2025","modified":"Atualizado em 25 de mar\u00e7o de 2025"},"absolute_dates_time":{"created":"Publicado em 25 de mar\u00e7o de 2025 07:03","modified":"Atualizado em 25 de mar\u00e7o de 2025 09:03"},"featured_img_caption":"","series_order":"","_links":{"self":[{"href":"https:\/\/sindaopcpb.org.br\/index.php\/wp-json\/wp\/v2\/posts\/55703","targetHints":{"allow":["GET"]}}],"collection":[{"href":"https:\/\/sindaopcpb.org.br\/index.php\/wp-json\/wp\/v2\/posts"}],"about":[{"href":"https:\/\/sindaopcpb.org.br\/index.php\/wp-json\/wp\/v2\/types\/post"}],"author":[{"embeddable":true,"href":"https:\/\/sindaopcpb.org.br\/index.php\/wp-json\/wp\/v2\/users\/123457"}],"replies":[{"embeddable":true,"href":"https:\/\/sindaopcpb.org.br\/index.php\/wp-json\/wp\/v2\/comments?post=55703"}],"version-history":[{"count":3,"href":"https:\/\/sindaopcpb.org.br\/index.php\/wp-json\/wp\/v2\/posts\/55703\/revisions"}],"predecessor-version":[{"id":55717,"href":"https:\/\/sindaopcpb.org.br\/index.php\/wp-json\/wp\/v2\/posts\/55703\/revisions\/55717"}],"wp:attachment":[{"href":"https:\/\/sindaopcpb.org.br\/index.php\/wp-json\/wp\/v2\/media?parent=55703"}],"wp:term":[{"taxonomy":"category","embeddable":true,"href":"https:\/\/sindaopcpb.org.br\/index.php\/wp-json\/wp\/v2\/categories?post=55703"},{"taxonomy":"post_tag","embeddable":true,"href":"https:\/\/sindaopcpb.org.br\/index.php\/wp-json\/wp\/v2\/tags?post=55703"}],"curies":[{"name":"wp","href":"https:\/\/api.w.org\/{rel}","templated":true}]}}