{"id":55687,"date":"2025-03-24T14:45:54","date_gmt":"2025-03-24T17:45:54","guid":{"rendered":"https:\/\/www.pbagora.com.br\/?p=892478"},"modified":"2025-03-24T14:45:54","modified_gmt":"2025-03-24T17:45:54","slug":"vigilante-e-baleado-e-arremessado-em-area-de-mata-apos-reagir-a-assalto-em-supermercado-de-jp","status":"publish","type":"post","link":"https:\/\/sindaopcpb.org.br\/index.php\/2025\/03\/24\/vigilante-e-baleado-e-arremessado-em-area-de-mata-apos-reagir-a-assalto-em-supermercado-de-jp\/","title":{"rendered":"Vigilante \u00e9 baleado e arremessado em \u00e1rea de mata ap\u00f3s reagir a assalto em supermercado de JP"},"content":{"rendered":"<p><img width=\"971\" height=\"450\" src=\"https:\/\/pbagora.s3.amazonaws.com\/2025\/03\/24124533\/imagens_Captura-de-tela-2025-03-24-115315.avif\" class=\"attachment-large size-large wp-post-image\" alt=\"\" style=\"margin-bottom: 20px;\" decoding=\"async\" srcset=\"https:\/\/pbagora.s3.amazonaws.com\/2025\/03\/24124533\/imagens_Captura-de-tela-2025-03-24-115315.avif 971w, https:\/\/pbagora.s3.amazonaws.com\/2025\/03\/24124533\/imagens_Captura-de-tela-2025-03-24-115315-300x139.avif 300w, https:\/\/pbagora.s3.amazonaws.com\/2025\/03\/24124533\/imagens_Captura-de-tela-2025-03-24-115315-150x70.avif 150w, https:\/\/pbagora.s3.amazonaws.com\/2025\/03\/24124533\/imagens_Captura-de-tela-2025-03-24-115315-768x356.avif 768w, https:\/\/pbagora.s3.amazonaws.com\/2025\/03\/24124533\/imagens_Captura-de-tela-2025-03-24-115315-380x176.avif 380w, https:\/\/pbagora.s3.amazonaws.com\/2025\/03\/24124533\/imagens_Captura-de-tela-2025-03-24-115315-800x371.avif 800w, https:\/\/pbagora.s3.amazonaws.com\/2025\/03\/24124533\/imagens_Captura-de-tela-2025-03-24-115315-80x37.avif 80w, https:\/\/pbagora.s3.amazonaws.com\/2025\/03\/24124533\/imagens_Captura-de-tela-2025-03-24-115315-760x352.avif 760w, https:\/\/pbagora.s3.amazonaws.com\/2025\/03\/24124533\/imagens_Captura-de-tela-2025-03-24-115315-600x278.avif 600w\" sizes=\"(max-width: 971px) 100vw, 971px\" \/><\/p>\n<p>Um vigilante foi baleado ao reagir a uma tentativa de assalto em um supermercado de Jo\u00e3o Pessoa, na noite desse domingo (23). Ferido, ele foi jogado pelos criminosos em uma \u00e1rea de mata ao lado do estabelecimento e passou a madrugada agonizando at\u00e9 ser encontrado na manh\u00e3 desta asgeunda-feira (24)<\/p>\n\n\n\n<p>De acordo com a Pol\u00edcia Militar, o vigilante fazia sua ronda quando foi surpreendido por dois assaltantes encapuzados dentro do supermercado. Ao anunciar o assalto, os criminosos foram confrontados pelo seguran\u00e7a, que sacou sua arma e reagiu. Houve troca de tiros e ele acabou sendo atingido por dois disparos: um na regi\u00e3o p\u00e9lvica e outro de rasp\u00e3o na coxa esquerda.<\/p>\n\n\n\n<p>Ap\u00f3s ser baleado, os assaltantes decidiram se livrar do vigilante e o jogaram por cima do muro do supermercado. Ele caiu em uma \u00e1rea de mata e, devido \u00e0s dores e \u00e0 perda de sangue, n\u00e3o conseguiu se movimentar nem pedir socorro. Sem celular para comunica\u00e7\u00e3o, ele permaneceu no local por cerca de nove horas.<\/p>\n\n\n\n<p>Somente por volta das 6h da manh\u00e3, funcion\u00e1rios do supermercado notaram sua aus\u00eancia e iniciaram buscas. O vigilante foi encontrado em estado grave, com sinais de desidrata\u00e7\u00e3o e perda excessiva de sangue. O Corpo de Bombeiros e a Pol\u00edcia Militar foram acionados para o resgate, e a v\u00edtima foi levada \u00e0s pressas para o Hospital de Trauma de Jo\u00e3o Pessoa, onde segue internada.<\/p>\n\n\n\n<p>No local do crime, a pol\u00edcia apreendeu uma arma de fogo que ser\u00e1 submetida \u00e0 per\u00edcia. C\u00e2meras de seguran\u00e7a do supermercado est\u00e3o sendo analisadas para ajudar na identifica\u00e7\u00e3o dos criminosos, que fugiram ap\u00f3s o ataque e seguem foragidos. A Pol\u00edcia Civil investiga o caso.<\/p>\n\n\n\n<p><strong><em>PB Agora<\/em><\/strong><\/p>\n","protected":false},"excerpt":{"rendered":"<p><img loading=\"lazy\" decoding=\"async\" width=\"971\" height=\"450\" src=\"https:\/\/pbagora.s3.amazonaws.com\/2025\/03\/24124533\/imagens_Captura-de-tela-2025-03-24-115315.avif\" class=\"attachment-large size-large wp-post-image\" alt=\"\"><\/p>\n<p>Um vigilante foi baleado ao reagir a uma tentativa de assalto em um supermercado de Jo\u00e3o Pessoa, na\u2026<\/p>\n","protected":false},"author":123457,"featured_media":0,"comment_status":"closed","ping_status":"closed","sticky":false,"template":"","format":"standard","meta":{"advgb_blocks_editor_width":"","advgb_blocks_columns_visual_guide":"","footnotes":""},"categories":[34],"tags":[10840,35,10839],"class_list":["post-55687","post","type-post","status-publish","format-standard","hentry","category-g1","tag-destaque-centro-03","tag-g1","tag-policial"],"author_meta":{"display_name":"Reda\u00e7\u00e3o","author_link":"https:\/\/sindaopcpb.org.br\/author\/redacao\/"},"featured_img":null,"coauthors":[],"tax_additional":{"categories":{"linked":["<a href=\"https:\/\/sindaopcpb.org.br\/g1\/\" class=\"advgb-post-tax-term\">G1<\/a>"],"unlinked":["<span class=\"advgb-post-tax-term\">G1<\/span>"]},"tags":{"linked":["<a href=\"https:\/\/sindaopcpb.org.br\/g1\/\" class=\"advgb-post-tax-term\">Destaque Centro 03<\/a>","<a href=\"https:\/\/sindaopcpb.org.br\/g1\/\" class=\"advgb-post-tax-term\">g1<\/a>","<a href=\"https:\/\/sindaopcpb.org.br\/g1\/\" class=\"advgb-post-tax-term\">Policial<\/a>"],"unlinked":["<span class=\"advgb-post-tax-term\">Destaque Centro 03<\/span>","<span class=\"advgb-post-tax-term\">g1<\/span>","<span class=\"advgb-post-tax-term\">Policial<\/span>"]}},"comment_count":"0","relative_dates":{"created":"Publicado 1 ano atr\u00e1s","modified":"Atualizado 1 ano atr\u00e1s"},"absolute_dates":{"created":"Publicado em 24 de mar\u00e7o de 2025","modified":"Atualizado em 24 de mar\u00e7o de 2025"},"absolute_dates_time":{"created":"Publicado em 24 de mar\u00e7o de 2025 14:45","modified":"Atualizado em 24 de mar\u00e7o de 2025 14:45"},"featured_img_caption":"","series_order":"","_links":{"self":[{"href":"https:\/\/sindaopcpb.org.br\/index.php\/wp-json\/wp\/v2\/posts\/55687","targetHints":{"allow":["GET"]}}],"collection":[{"href":"https:\/\/sindaopcpb.org.br\/index.php\/wp-json\/wp\/v2\/posts"}],"about":[{"href":"https:\/\/sindaopcpb.org.br\/index.php\/wp-json\/wp\/v2\/types\/post"}],"author":[{"embeddable":true,"href":"https:\/\/sindaopcpb.org.br\/index.php\/wp-json\/wp\/v2\/users\/123457"}],"replies":[{"embeddable":true,"href":"https:\/\/sindaopcpb.org.br\/index.php\/wp-json\/wp\/v2\/comments?post=55687"}],"version-history":[{"count":3,"href":"https:\/\/sindaopcpb.org.br\/index.php\/wp-json\/wp\/v2\/posts\/55687\/revisions"}],"predecessor-version":[{"id":55700,"href":"https:\/\/sindaopcpb.org.br\/index.php\/wp-json\/wp\/v2\/posts\/55687\/revisions\/55700"}],"wp:attachment":[{"href":"https:\/\/sindaopcpb.org.br\/index.php\/wp-json\/wp\/v2\/media?parent=55687"}],"wp:term":[{"taxonomy":"category","embeddable":true,"href":"https:\/\/sindaopcpb.org.br\/index.php\/wp-json\/wp\/v2\/categories?post=55687"},{"taxonomy":"post_tag","embeddable":true,"href":"https:\/\/sindaopcpb.org.br\/index.php\/wp-json\/wp\/v2\/tags?post=55687"}],"curies":[{"name":"wp","href":"https:\/\/api.w.org\/{rel}","templated":true}]}}