{"id":55679,"date":"2025-03-24T13:12:05","date_gmt":"2025-03-24T16:12:05","guid":{"rendered":"https:\/\/www.pbagora.com.br\/?p=892493"},"modified":"2025-03-24T15:00:05","modified_gmt":"2025-03-24T18:00:05","slug":"defesa-contesta-transferencia-de-medico-e-aponta-risco-de-suicidio","status":"publish","type":"post","link":"https:\/\/sindaopcpb.org.br\/index.php\/2025\/03\/24\/defesa-contesta-transferencia-de-medico-e-aponta-risco-de-suicidio\/","title":{"rendered":"Defesa contesta transfer\u00eancia de m\u00e9dico e aponta risco de suic\u00eddio"},"content":{"rendered":"<p><img width=\"326\" height=\"217\" src=\"https:\/\/pbagora.s3.amazonaws.com\/2025\/03\/24130651\/Captura-de-tela-2025-03-21-150835.png\" class=\"attachment-large size-large wp-post-image\" alt=\"\" style=\"margin-bottom: 20px;\" decoding=\"async\" srcset=\"https:\/\/pbagora.s3.amazonaws.com\/2025\/03\/24130651\/Captura-de-tela-2025-03-21-150835.png 326w, https:\/\/pbagora.s3.amazonaws.com\/2025\/03\/24130651\/Captura-de-tela-2025-03-21-150835-300x200.png 300w, https:\/\/pbagora.s3.amazonaws.com\/2025\/03\/24130651\/Captura-de-tela-2025-03-21-150835-150x100.png 150w, https:\/\/pbagora.s3.amazonaws.com\/2025\/03\/24130651\/Captura-de-tela-2025-03-21-150835-80x53.png 80w\" sizes=\"(max-width: 326px) 100vw, 326px\" \/><\/p>\n<p>O advogado A\u00e9cio Farias contestou, nesta segunda-feira (24), a decis\u00e3o da Justi\u00e7a que autorizou a transfer\u00eancia do pediatra Fernando Cunha Lima, preso preventivamente desde 7 de mar\u00e7o, de Pernambuco para a Para\u00edba. O m\u00e9dico est\u00e1 sendo acusado de praticar estupros contra crian\u00e7as, o que gerou grande repercuss\u00e3o na m\u00eddia e no meio jur\u00eddico.<\/p>\n\n\n\n<p>Ao programa <em>Arapuan Verdade<\/em>,  A\u00e9cio Farias expressou sua preocupa\u00e7\u00e3o com a seguran\u00e7a do m\u00e9dico, afirmando que a transfer\u00eancia pode colocar sua vida em risco. O caso, de grande impacto p\u00fablico, tem gerado fortes rea\u00e7\u00f5es, especialmente no estado da Para\u00edba, onde o m\u00e9dico possui uma grande notoriedade.<\/p>\n\n\n\n<p>Farias revelou tamb\u00e9m que teve acesso a laudos psiqui\u00e1tricos que indicam um poss\u00edvel comportamento suicida por parte de Fernando Cunha Lima. &#8220;N\u00e3o sou profeta do apocalipse, mas se algo acontecer com o meu cliente, n\u00e3o foi por falta de aviso&#8221;, alertou o advogado, deixando claro que est\u00e1 preocupado com as condi\u00e7\u00f5es em que o m\u00e9dico ser\u00e1 mantido no novo local de cust\u00f3dia.<\/p>\n\n\n\n<p>O advogado, conhecido por sua postura firme em casos de grande repercuss\u00e3o, reiterou que sua prioridade \u00e9 garantir a integridade f\u00edsica e mental de seu cliente, ao mesmo tempo em que questionou a decis\u00e3o judicial de permitir a transfer\u00eancia para outro estado, onde as tens\u00f5es em torno do caso est\u00e3o crescendo.<\/p>\n\n\n\n<p>A decis\u00e3o de transferir o m\u00e9dico para a Para\u00edba agora \u00e9 alvo de novos questionamentos, ap\u00f3s o alerta do advogado sobre a seguran\u00e7a e o estado emocional do acusado.<\/p>\n\n\n\n<p><strong><em>Reda\u00e7\u00e3o<\/em><\/strong><\/p>\n\n\n\n<p><\/p>\n","protected":false},"excerpt":{"rendered":"<p><img loading=\"lazy\" decoding=\"async\" width=\"326\" height=\"217\" src=\"https:\/\/pbagora.s3.amazonaws.com\/2025\/03\/24130651\/Captura-de-tela-2025-03-21-150835.png\" class=\"attachment-large size-large wp-post-image\" alt=\"\"><\/p>\n<p>O advogado A\u00e9cio Farias contestou, nesta segunda-feira (24), a decis\u00e3o da Justi\u00e7a que autorizou a transfer\u00eancia do pediatra\u2026<\/p>\n","protected":false},"author":123457,"featured_media":0,"comment_status":"closed","ping_status":"closed","sticky":false,"template":"","format":"standard","meta":{"advgb_blocks_editor_width":"","advgb_blocks_columns_visual_guide":"","footnotes":""},"categories":[34],"tags":[35,10839,10846],"class_list":["post-55679","post","type-post","status-publish","format-standard","hentry","category-g1","tag-g1","tag-policial","tag-rodape-02"],"author_meta":{"display_name":"Reda\u00e7\u00e3o","author_link":"https:\/\/sindaopcpb.org.br\/author\/redacao\/"},"featured_img":null,"coauthors":[],"tax_additional":{"categories":{"linked":["<a href=\"https:\/\/sindaopcpb.org.br\/g1\/\" class=\"advgb-post-tax-term\">G1<\/a>"],"unlinked":["<span class=\"advgb-post-tax-term\">G1<\/span>"]},"tags":{"linked":["<a href=\"https:\/\/sindaopcpb.org.br\/g1\/\" class=\"advgb-post-tax-term\">g1<\/a>","<a href=\"https:\/\/sindaopcpb.org.br\/g1\/\" class=\"advgb-post-tax-term\">Policial<\/a>","<a href=\"https:\/\/sindaopcpb.org.br\/g1\/\" class=\"advgb-post-tax-term\">Rodape 02<\/a>"],"unlinked":["<span class=\"advgb-post-tax-term\">g1<\/span>","<span class=\"advgb-post-tax-term\">Policial<\/span>","<span class=\"advgb-post-tax-term\">Rodape 02<\/span>"]}},"comment_count":"0","relative_dates":{"created":"Publicado 1 ano atr\u00e1s","modified":"Atualizado 1 ano atr\u00e1s"},"absolute_dates":{"created":"Publicado em 24 de mar\u00e7o de 2025","modified":"Atualizado em 24 de mar\u00e7o de 2025"},"absolute_dates_time":{"created":"Publicado em 24 de mar\u00e7o de 2025 13:12","modified":"Atualizado em 24 de mar\u00e7o de 2025 15:00"},"featured_img_caption":"","series_order":"","_links":{"self":[{"href":"https:\/\/sindaopcpb.org.br\/index.php\/wp-json\/wp\/v2\/posts\/55679","targetHints":{"allow":["GET"]}}],"collection":[{"href":"https:\/\/sindaopcpb.org.br\/index.php\/wp-json\/wp\/v2\/posts"}],"about":[{"href":"https:\/\/sindaopcpb.org.br\/index.php\/wp-json\/wp\/v2\/types\/post"}],"author":[{"embeddable":true,"href":"https:\/\/sindaopcpb.org.br\/index.php\/wp-json\/wp\/v2\/users\/123457"}],"replies":[{"embeddable":true,"href":"https:\/\/sindaopcpb.org.br\/index.php\/wp-json\/wp\/v2\/comments?post=55679"}],"version-history":[{"count":4,"href":"https:\/\/sindaopcpb.org.br\/index.php\/wp-json\/wp\/v2\/posts\/55679\/revisions"}],"predecessor-version":[{"id":55699,"href":"https:\/\/sindaopcpb.org.br\/index.php\/wp-json\/wp\/v2\/posts\/55679\/revisions\/55699"}],"wp:attachment":[{"href":"https:\/\/sindaopcpb.org.br\/index.php\/wp-json\/wp\/v2\/media?parent=55679"}],"wp:term":[{"taxonomy":"category","embeddable":true,"href":"https:\/\/sindaopcpb.org.br\/index.php\/wp-json\/wp\/v2\/categories?post=55679"},{"taxonomy":"post_tag","embeddable":true,"href":"https:\/\/sindaopcpb.org.br\/index.php\/wp-json\/wp\/v2\/tags?post=55679"}],"curies":[{"name":"wp","href":"https:\/\/api.w.org\/{rel}","templated":true}]}}