{"id":55633,"date":"2025-03-22T09:40:08","date_gmt":"2025-03-22T12:40:08","guid":{"rendered":"https:\/\/www.pbagora.com.br\/?p=892275"},"modified":"2025-03-22T09:40:08","modified_gmt":"2025-03-22T12:40:08","slug":"acidente-envolvendo-carro-e-moto-deixa-uma-pessoa-ferida-na-avenida-epitacio-pessoa-em-jp","status":"publish","type":"post","link":"https:\/\/sindaopcpb.org.br\/index.php\/2025\/03\/22\/acidente-envolvendo-carro-e-moto-deixa-uma-pessoa-ferida-na-avenida-epitacio-pessoa-em-jp\/","title":{"rendered":"Acidente envolvendo carro e moto deixa uma pessoa ferida na Avenida Epit\u00e1cio Pessoa, em JP"},"content":{"rendered":"<p><img width=\"460\" height=\"305\" src=\"https:\/\/pbagora.s3.amazonaws.com\/2022\/03\/03074650\/samu-06012019180129334.jpeg\" class=\"attachment-large size-large wp-post-image\" alt=\"\" style=\"margin-bottom: 20px;\" decoding=\"async\" loading=\"lazy\" srcset=\"https:\/\/pbagora.s3.amazonaws.com\/2022\/03\/03074650\/samu-06012019180129334.jpeg 460w, https:\/\/pbagora.s3.amazonaws.com\/2022\/03\/03074650\/samu-06012019180129334-300x199.jpeg 300w, https:\/\/pbagora.s3.amazonaws.com\/2022\/03\/03074650\/samu-06012019180129334-150x99.jpeg 150w, https:\/\/pbagora.s3.amazonaws.com\/2022\/03\/03074650\/samu-06012019180129334-380x252.jpeg 380w, https:\/\/pbagora.s3.amazonaws.com\/2022\/03\/03074650\/samu-06012019180129334-80x53.jpeg 80w\" sizes=\"auto, (max-width: 460px) 100vw, 460px\" \/><\/p>\n<p>Na noite desta sexta-feira (21), um acidente entre um carro e uma moto deixou uma pessoa ferida na Avenida Epit\u00e1cio Pessoa. De acordo com relatos colhidos no local, uma manobra realizada pela condutora do ve\u00edculo teria ocasionado o acidente. <\/p>\n\n\n\n<p>Segundo informa\u00e7\u00f5es de testemunhas, a mulher que conduzia o ve\u00edculo seguia pela Avenida Epit\u00e1cio Pessoa quando resolveu entrar em um posto de combust\u00edveis bloqueando o trajeto do motociclista. Com o impacto, a motocicleta ficou pacialmente por baixo do carro. <\/p>\n\n\n\n<p>Uma unidade do Servi\u00e7o de Atendimento M\u00e9dico de Urg\u00eancia (SAMU) foi acionado e, de acordo com os socorristas, o motociclista apresentava fraturas na clav\u00edcula, les\u00f5es no tornozelo e edemas na cabe\u00e7a. Entretanto, ainda de acordo com o servi\u00e7o m\u00e9dico, a v\u00edtima n\u00e3o apresentava ferimentos graves e foi levada para o Hospital de Emerg\u00eancia e Trauma.<\/p>\n\n\n\n<p>A motorista n\u00e3o se feriu.<\/p>\n\n\n\n<p><\/p>\n\n\n\n<p><strong><em>PB Agora<\/em><\/strong><\/p>\n","protected":false},"excerpt":{"rendered":"<p><img decoding=\"async\" width=\"460\" height=\"305\" src=\"https:\/\/pbagora.s3.amazonaws.com\/2022\/03\/03074650\/samu-06012019180129334.jpeg\" class=\"attachment-large size-large wp-post-image\" alt=\"\" loading=\"lazy\"><\/p>\n<p>Na noite desta sexta-feira (21), um acidente entre um carro e uma moto deixou uma pessoa ferida na\u2026<\/p>\n","protected":false},"author":123457,"featured_media":0,"comment_status":"closed","ping_status":"closed","sticky":false,"template":"","format":"standard","meta":{"advgb_blocks_editor_width":"","advgb_blocks_columns_visual_guide":"","footnotes":""},"categories":[34],"tags":[10841,35,10839],"class_list":["post-55633","post","type-post","status-publish","format-standard","hentry","category-g1","tag-destaque-centro-02","tag-g1","tag-policial"],"author_meta":{"display_name":"Reda\u00e7\u00e3o","author_link":"https:\/\/sindaopcpb.org.br\/author\/redacao\/"},"featured_img":null,"coauthors":[],"tax_additional":{"categories":{"linked":["<a href=\"https:\/\/sindaopcpb.org.br\/g1\/\" class=\"advgb-post-tax-term\">G1<\/a>"],"unlinked":["<span class=\"advgb-post-tax-term\">G1<\/span>"]},"tags":{"linked":["<a href=\"https:\/\/sindaopcpb.org.br\/g1\/\" class=\"advgb-post-tax-term\">Destaque Centro 02<\/a>","<a href=\"https:\/\/sindaopcpb.org.br\/g1\/\" class=\"advgb-post-tax-term\">g1<\/a>","<a href=\"https:\/\/sindaopcpb.org.br\/g1\/\" class=\"advgb-post-tax-term\">Policial<\/a>"],"unlinked":["<span class=\"advgb-post-tax-term\">Destaque Centro 02<\/span>","<span class=\"advgb-post-tax-term\">g1<\/span>","<span class=\"advgb-post-tax-term\">Policial<\/span>"]}},"comment_count":"0","relative_dates":{"created":"Publicado 1 ano atr\u00e1s","modified":"Atualizado 1 ano atr\u00e1s"},"absolute_dates":{"created":"Publicado em 22 de mar\u00e7o de 2025","modified":"Atualizado em 22 de mar\u00e7o de 2025"},"absolute_dates_time":{"created":"Publicado em 22 de mar\u00e7o de 2025 09:40","modified":"Atualizado em 22 de mar\u00e7o de 2025 09:40"},"featured_img_caption":"","series_order":"","_links":{"self":[{"href":"https:\/\/sindaopcpb.org.br\/index.php\/wp-json\/wp\/v2\/posts\/55633","targetHints":{"allow":["GET"]}}],"collection":[{"href":"https:\/\/sindaopcpb.org.br\/index.php\/wp-json\/wp\/v2\/posts"}],"about":[{"href":"https:\/\/sindaopcpb.org.br\/index.php\/wp-json\/wp\/v2\/types\/post"}],"author":[{"embeddable":true,"href":"https:\/\/sindaopcpb.org.br\/index.php\/wp-json\/wp\/v2\/users\/123457"}],"replies":[{"embeddable":true,"href":"https:\/\/sindaopcpb.org.br\/index.php\/wp-json\/wp\/v2\/comments?post=55633"}],"version-history":[{"count":1,"href":"https:\/\/sindaopcpb.org.br\/index.php\/wp-json\/wp\/v2\/posts\/55633\/revisions"}],"predecessor-version":[{"id":55634,"href":"https:\/\/sindaopcpb.org.br\/index.php\/wp-json\/wp\/v2\/posts\/55633\/revisions\/55634"}],"wp:attachment":[{"href":"https:\/\/sindaopcpb.org.br\/index.php\/wp-json\/wp\/v2\/media?parent=55633"}],"wp:term":[{"taxonomy":"category","embeddable":true,"href":"https:\/\/sindaopcpb.org.br\/index.php\/wp-json\/wp\/v2\/categories?post=55633"},{"taxonomy":"post_tag","embeddable":true,"href":"https:\/\/sindaopcpb.org.br\/index.php\/wp-json\/wp\/v2\/tags?post=55633"}],"curies":[{"name":"wp","href":"https:\/\/api.w.org\/{rel}","templated":true}]}}