{"id":55578,"date":"2025-03-21T06:20:16","date_gmt":"2025-03-21T09:20:16","guid":{"rendered":"https:\/\/www.pbagora.com.br\/?p=892102"},"modified":"2025-03-21T09:20:16","modified_gmt":"2025-03-21T12:20:16","slug":"governo-da-paraiba-deve-definir-convocacao-da-3a-turma-do-curso-de-formacao-da-pc-ate-abril","status":"publish","type":"post","link":"https:\/\/sindaopcpb.org.br\/index.php\/2025\/03\/21\/governo-da-paraiba-deve-definir-convocacao-da-3a-turma-do-curso-de-formacao-da-pc-ate-abril\/","title":{"rendered":"Governo da Para\u00edba deve definir convoca\u00e7\u00e3o da 3\u00aa turma do Curso de Forma\u00e7\u00e3o da PC at\u00e9 abril"},"content":{"rendered":"<p><img width=\"611\" height=\"408\" src=\"https:\/\/pbagora.s3.amazonaws.com\/2024\/11\/27090947\/Captura-de-tela-2024-11-27-090846.png\" class=\"attachment-large size-large wp-post-image\" alt=\"\" style=\"margin-bottom: 20px;\" decoding=\"async\" loading=\"lazy\" srcset=\"https:\/\/pbagora.s3.amazonaws.com\/2024\/11\/27090947\/Captura-de-tela-2024-11-27-090846.png 611w, https:\/\/pbagora.s3.amazonaws.com\/2024\/11\/27090947\/Captura-de-tela-2024-11-27-090846-300x200.png 300w, https:\/\/pbagora.s3.amazonaws.com\/2024\/11\/27090947\/Captura-de-tela-2024-11-27-090846-150x100.png 150w, https:\/\/pbagora.s3.amazonaws.com\/2024\/11\/27090947\/Captura-de-tela-2024-11-27-090846-380x254.png 380w, https:\/\/pbagora.s3.amazonaws.com\/2024\/11\/27090947\/Captura-de-tela-2024-11-27-090846-80x53.png 80w, https:\/\/pbagora.s3.amazonaws.com\/2024\/11\/27090947\/Captura-de-tela-2024-11-27-090846-600x401.png 600w\" sizes=\"auto, (max-width: 611px) 100vw, 611px\" \/><\/p>\n<p><\/p>\n\n\n\n<p>Uma audi\u00eancia de concilia\u00e7\u00e3o realizada ontem (20), na 4\u00aa Vara da Fazenda P\u00fablica da Capital, determinou que o Estado da Para\u00edba tem at\u00e9 o dia 20 de abril de 2025 para informar a data prevista para a convoca\u00e7\u00e3o da 3\u00aa turma do Curso de Forma\u00e7\u00e3o do Concurso da Pol\u00edcia Civil. A sess\u00e3o foi conduzida pelo juiz Ant\u00f4nio Carneiro de Paiva J\u00fanior, titular da unidade.<\/p>\n\n\n\n<p>A a\u00e7\u00e3o civil p\u00fablica foi protocolada pelo Minist\u00e9rio P\u00fablico da Para\u00edba (MPPB), ap\u00f3s a constata\u00e7\u00e3o de um d\u00e9ficit de 5,6 mil policiais civis no Estado, mesmo ap\u00f3s a realiza\u00e7\u00e3o do concurso p\u00fablico de 2021, que ofertou 1.400 vagas. O certame teve a validade prorrogada at\u00e9 2027 pelo governador Jo\u00e3o Azev\u00eado.<\/p>\n\n\n\n<p>&#8220;Estamos tentando, atrav\u00e9s de uma concilia\u00e7\u00e3o, aproveitar o m\u00e1ximo de candidatos aprovados, maximizando a estrutura\u00e7\u00e3o e a efici\u00eancia da Pol\u00edcia Civil do Estado. Hoje foram obtidos importantes avan\u00e7os, restando definidas algumas provid\u00eancias&#8221;, disse o juiz Ant\u00f4nio Carneiro.<\/p>\n\n\n\n<p>De acordo com o secret\u00e1rio de Estado da Seguran\u00e7a e da Defesa Social, Jean Nunes, o Governo j\u00e1 concluiu as forma\u00e7\u00f5es da 1\u00aa e 2\u00aa turmas e est\u00e1 finalizando ajustes para a convoca\u00e7\u00e3o da 3\u00aa turma. \u201cA convoca\u00e7\u00e3o est\u00e1 dentro do cronograma de a\u00e7\u00f5es do Governo e da Secretaria de Seguran\u00e7a e Defesa Social. Estamos apenas finalizando ajustes para anunciar esta data\u201d, declarou.<\/p>\n\n\n\n<p>Participaram da audi\u00eancia o procurador-geral do Estado, F\u00e1bio Brito; o delegado-geral da Pol\u00edcia Civil, Andr\u00e9 Rabelo; o promotor de Justi\u00e7a membro do N\u00facleo de Controle Externo da Atividade Policial (Ncap\/MPPB), T\u00falio Neves, al\u00e9m de representantes dos aprovados no concurso.<\/p>\n\n\n\n<p>Reda\u00e7\u00e3o com MP<\/p>\n","protected":false},"excerpt":{"rendered":"<p><img decoding=\"async\" width=\"611\" height=\"408\" src=\"https:\/\/pbagora.s3.amazonaws.com\/2024\/11\/27090947\/Captura-de-tela-2024-11-27-090846.png\" class=\"attachment-large size-large wp-post-image\" alt=\"\" loading=\"lazy\"><\/p>\n<p>Uma audi\u00eancia de concilia\u00e7\u00e3o realizada ontem (20), na 4\u00aa Vara da Fazenda P\u00fablica da Capital, determinou que o\u2026<\/p>\n","protected":false},"author":123457,"featured_media":0,"comment_status":"closed","ping_status":"closed","sticky":false,"template":"","format":"standard","meta":{"advgb_blocks_editor_width":"","advgb_blocks_columns_visual_guide":"","footnotes":""},"categories":[34],"tags":[10852,35,10839],"class_list":["post-55578","post","type-post","status-publish","format-standard","hentry","category-g1","tag-destaque-final-01","tag-g1","tag-policial"],"author_meta":{"display_name":"Reda\u00e7\u00e3o","author_link":"https:\/\/sindaopcpb.org.br\/author\/redacao\/"},"featured_img":null,"coauthors":[],"tax_additional":{"categories":{"linked":["<a href=\"https:\/\/sindaopcpb.org.br\/g1\/\" class=\"advgb-post-tax-term\">G1<\/a>"],"unlinked":["<span class=\"advgb-post-tax-term\">G1<\/span>"]},"tags":{"linked":["<a href=\"https:\/\/sindaopcpb.org.br\/g1\/\" class=\"advgb-post-tax-term\">Destaque Final 01<\/a>","<a href=\"https:\/\/sindaopcpb.org.br\/g1\/\" class=\"advgb-post-tax-term\">g1<\/a>","<a href=\"https:\/\/sindaopcpb.org.br\/g1\/\" class=\"advgb-post-tax-term\">Policial<\/a>"],"unlinked":["<span class=\"advgb-post-tax-term\">Destaque Final 01<\/span>","<span class=\"advgb-post-tax-term\">g1<\/span>","<span class=\"advgb-post-tax-term\">Policial<\/span>"]}},"comment_count":"0","relative_dates":{"created":"Publicado 1 ano atr\u00e1s","modified":"Atualizado 1 ano atr\u00e1s"},"absolute_dates":{"created":"Publicado em 21 de mar\u00e7o de 2025","modified":"Atualizado em 21 de mar\u00e7o de 2025"},"absolute_dates_time":{"created":"Publicado em 21 de mar\u00e7o de 2025 06:20","modified":"Atualizado em 21 de mar\u00e7o de 2025 09:20"},"featured_img_caption":"","series_order":"","_links":{"self":[{"href":"https:\/\/sindaopcpb.org.br\/index.php\/wp-json\/wp\/v2\/posts\/55578","targetHints":{"allow":["GET"]}}],"collection":[{"href":"https:\/\/sindaopcpb.org.br\/index.php\/wp-json\/wp\/v2\/posts"}],"about":[{"href":"https:\/\/sindaopcpb.org.br\/index.php\/wp-json\/wp\/v2\/types\/post"}],"author":[{"embeddable":true,"href":"https:\/\/sindaopcpb.org.br\/index.php\/wp-json\/wp\/v2\/users\/123457"}],"replies":[{"embeddable":true,"href":"https:\/\/sindaopcpb.org.br\/index.php\/wp-json\/wp\/v2\/comments?post=55578"}],"version-history":[{"count":3,"href":"https:\/\/sindaopcpb.org.br\/index.php\/wp-json\/wp\/v2\/posts\/55578\/revisions"}],"predecessor-version":[{"id":55592,"href":"https:\/\/sindaopcpb.org.br\/index.php\/wp-json\/wp\/v2\/posts\/55578\/revisions\/55592"}],"wp:attachment":[{"href":"https:\/\/sindaopcpb.org.br\/index.php\/wp-json\/wp\/v2\/media?parent=55578"}],"wp:term":[{"taxonomy":"category","embeddable":true,"href":"https:\/\/sindaopcpb.org.br\/index.php\/wp-json\/wp\/v2\/categories?post=55578"},{"taxonomy":"post_tag","embeddable":true,"href":"https:\/\/sindaopcpb.org.br\/index.php\/wp-json\/wp\/v2\/tags?post=55578"}],"curies":[{"name":"wp","href":"https:\/\/api.w.org\/{rel}","templated":true}]}}