{"id":55574,"date":"2025-03-20T17:55:07","date_gmt":"2025-03-20T20:55:07","guid":{"rendered":"https:\/\/www.pbagora.com.br\/?p=892079"},"modified":"2025-03-20T17:55:07","modified_gmt":"2025-03-20T20:55:07","slug":"sete-farmacias-sao-autuadas-em-campina-grande-por-irregularidades","status":"publish","type":"post","link":"https:\/\/sindaopcpb.org.br\/index.php\/2025\/03\/20\/sete-farmacias-sao-autuadas-em-campina-grande-por-irregularidades\/","title":{"rendered":"Sete farm\u00e1cias s\u00e3o autuadas em Campina Grande por irregularidades"},"content":{"rendered":"<p><img width=\"654\" height=\"332\" src=\"https:\/\/pbagora.s3.amazonaws.com\/2025\/03\/20172033\/Captura-de-tela-2025-03-20-172012.png\" class=\"attachment-large size-large wp-post-image\" alt=\"\" style=\"margin-bottom: 20px;\" decoding=\"async\" srcset=\"https:\/\/pbagora.s3.amazonaws.com\/2025\/03\/20172033\/Captura-de-tela-2025-03-20-172012.png 654w, https:\/\/pbagora.s3.amazonaws.com\/2025\/03\/20172033\/Captura-de-tela-2025-03-20-172012-300x152.png 300w, https:\/\/pbagora.s3.amazonaws.com\/2025\/03\/20172033\/Captura-de-tela-2025-03-20-172012-150x76.png 150w, https:\/\/pbagora.s3.amazonaws.com\/2025\/03\/20172033\/Captura-de-tela-2025-03-20-172012-380x193.png 380w, https:\/\/pbagora.s3.amazonaws.com\/2025\/03\/20172033\/Captura-de-tela-2025-03-20-172012-80x42.png 80w, https:\/\/pbagora.s3.amazonaws.com\/2025\/03\/20172033\/Captura-de-tela-2025-03-20-172012-600x305.png 600w\" sizes=\"(max-width: 654px) 100vw, 654px\" \/><\/p>\n<p>O Programa de Prote\u00e7\u00e3o e Defesa do Consumidor (MP-Procon), vinculado ao Minist\u00e9rio P\u00fablico da Para\u00edba (MPPB), realizou uma fiscaliza\u00e7\u00e3o em 33 farm\u00e1cias em Campina Grande nas \u00faltimas semanas, resultando em sete autua\u00e7\u00f5es por diversas infra\u00e7\u00f5es.<\/p>\n\n\n\n<p>A principal irregularidade identificada foi a aus\u00eancia de um farmac\u00eautico durante o hor\u00e1rio de funcionamento, contrariando a Lei Federal n\u00ba 13.021\/2014, que determina a presen\u00e7a desse profissional em tempo integral. Outras falhas encontradas foram a falta do Certificado de Aprova\u00e7\u00e3o do Corpo de Bombeiros atualizado, a aus\u00eancia do C\u00f3digo de Defesa do Consumidor em local vis\u00edvel e problemas na precifica\u00e7\u00e3o dos produtos.<\/p>\n\n\n\n<p>O promotor Osvaldo Lopes Barbosa ressaltou a import\u00e2ncia da presen\u00e7a do farmac\u00eautico para garantir a seguran\u00e7a no uso de medicamentos e enfatizou que as farm\u00e1cias devem cumprir rigorosamente as normas estabelecidas para proteger os consumidores de eventuais riscos.<\/p>\n\n\n\n<p>Os estabelecimentos autuados t\u00eam um prazo de 10 dias \u00fateis para apresentar defesa, e as penalidades podem ser aplicadas conforme o C\u00f3digo de Defesa do Consumidor.<\/p>\n","protected":false},"excerpt":{"rendered":"<p><img loading=\"lazy\" decoding=\"async\" width=\"654\" height=\"332\" src=\"https:\/\/pbagora.s3.amazonaws.com\/2025\/03\/20172033\/Captura-de-tela-2025-03-20-172012.png\" class=\"attachment-large size-large wp-post-image\" alt=\"\"><\/p>\n<p>O Programa de Prote\u00e7\u00e3o e Defesa do Consumidor (MP-Procon), vinculado ao Minist\u00e9rio P\u00fablico da Para\u00edba (MPPB), realizou uma\u2026<\/p>\n","protected":false},"author":123457,"featured_media":0,"comment_status":"closed","ping_status":"closed","sticky":false,"template":"","format":"standard","meta":{"advgb_blocks_editor_width":"","advgb_blocks_columns_visual_guide":"","footnotes":""},"categories":[34],"tags":[10841,35,10839],"class_list":["post-55574","post","type-post","status-publish","format-standard","hentry","category-g1","tag-destaque-centro-02","tag-g1","tag-policial"],"author_meta":{"display_name":"Reda\u00e7\u00e3o","author_link":"https:\/\/sindaopcpb.org.br\/author\/redacao\/"},"featured_img":null,"coauthors":[],"tax_additional":{"categories":{"linked":["<a href=\"https:\/\/sindaopcpb.org.br\/g1\/\" class=\"advgb-post-tax-term\">G1<\/a>"],"unlinked":["<span class=\"advgb-post-tax-term\">G1<\/span>"]},"tags":{"linked":["<a href=\"https:\/\/sindaopcpb.org.br\/g1\/\" class=\"advgb-post-tax-term\">Destaque Centro 02<\/a>","<a href=\"https:\/\/sindaopcpb.org.br\/g1\/\" class=\"advgb-post-tax-term\">g1<\/a>","<a href=\"https:\/\/sindaopcpb.org.br\/g1\/\" class=\"advgb-post-tax-term\">Policial<\/a>"],"unlinked":["<span class=\"advgb-post-tax-term\">Destaque Centro 02<\/span>","<span class=\"advgb-post-tax-term\">g1<\/span>","<span class=\"advgb-post-tax-term\">Policial<\/span>"]}},"comment_count":"0","relative_dates":{"created":"Publicado 1 ano atr\u00e1s","modified":"Atualizado 1 ano atr\u00e1s"},"absolute_dates":{"created":"Publicado em 20 de mar\u00e7o de 2025","modified":"Atualizado em 20 de mar\u00e7o de 2025"},"absolute_dates_time":{"created":"Publicado em 20 de mar\u00e7o de 2025 17:55","modified":"Atualizado em 20 de mar\u00e7o de 2025 17:55"},"featured_img_caption":"","series_order":"","_links":{"self":[{"href":"https:\/\/sindaopcpb.org.br\/index.php\/wp-json\/wp\/v2\/posts\/55574","targetHints":{"allow":["GET"]}}],"collection":[{"href":"https:\/\/sindaopcpb.org.br\/index.php\/wp-json\/wp\/v2\/posts"}],"about":[{"href":"https:\/\/sindaopcpb.org.br\/index.php\/wp-json\/wp\/v2\/types\/post"}],"author":[{"embeddable":true,"href":"https:\/\/sindaopcpb.org.br\/index.php\/wp-json\/wp\/v2\/users\/123457"}],"replies":[{"embeddable":true,"href":"https:\/\/sindaopcpb.org.br\/index.php\/wp-json\/wp\/v2\/comments?post=55574"}],"version-history":[{"count":3,"href":"https:\/\/sindaopcpb.org.br\/index.php\/wp-json\/wp\/v2\/posts\/55574\/revisions"}],"predecessor-version":[{"id":55586,"href":"https:\/\/sindaopcpb.org.br\/index.php\/wp-json\/wp\/v2\/posts\/55574\/revisions\/55586"}],"wp:attachment":[{"href":"https:\/\/sindaopcpb.org.br\/index.php\/wp-json\/wp\/v2\/media?parent=55574"}],"wp:term":[{"taxonomy":"category","embeddable":true,"href":"https:\/\/sindaopcpb.org.br\/index.php\/wp-json\/wp\/v2\/categories?post=55574"},{"taxonomy":"post_tag","embeddable":true,"href":"https:\/\/sindaopcpb.org.br\/index.php\/wp-json\/wp\/v2\/tags?post=55574"}],"curies":[{"name":"wp","href":"https:\/\/api.w.org\/{rel}","templated":true}]}}