{"id":55566,"date":"2025-03-20T09:31:18","date_gmt":"2025-03-20T12:31:18","guid":{"rendered":"https:\/\/www.pbagora.com.br\/?p=891965"},"modified":"2025-03-20T11:21:18","modified_gmt":"2025-03-20T14:21:18","slug":"confusao-de-transito-em-jp-personal-trainer-quebra-janelas-de-carro-e-agride-motorista-de-aplicativo","status":"publish","type":"post","link":"https:\/\/sindaopcpb.org.br\/index.php\/2025\/03\/20\/confusao-de-transito-em-jp-personal-trainer-quebra-janelas-de-carro-e-agride-motorista-de-aplicativo\/","title":{"rendered":"Confus\u00e3o de tr\u00e2nsito em JP: personal trainer quebra janelas de carro e agride motorista de aplicativo"},"content":{"rendered":"<p><img width=\"1024\" height=\"576\" src=\"https:\/\/pbagora.s3.amazonaws.com\/2025\/03\/20093049\/8d1ec5431601cc01a6fae895434ce0a6-1024x576-1.webp\" class=\"attachment-large size-large wp-post-image\" alt=\"\" style=\"margin-bottom: 20px;\" decoding=\"async\" loading=\"lazy\" srcset=\"https:\/\/pbagora.s3.amazonaws.com\/2025\/03\/20093049\/8d1ec5431601cc01a6fae895434ce0a6-1024x576-1.webp 1024w, https:\/\/pbagora.s3.amazonaws.com\/2025\/03\/20093049\/8d1ec5431601cc01a6fae895434ce0a6-1024x576-1-300x169.webp 300w, https:\/\/pbagora.s3.amazonaws.com\/2025\/03\/20093049\/8d1ec5431601cc01a6fae895434ce0a6-1024x576-1-150x84.webp 150w, https:\/\/pbagora.s3.amazonaws.com\/2025\/03\/20093049\/8d1ec5431601cc01a6fae895434ce0a6-1024x576-1-768x432.webp 768w, https:\/\/pbagora.s3.amazonaws.com\/2025\/03\/20093049\/8d1ec5431601cc01a6fae895434ce0a6-1024x576-1-380x214.webp 380w, https:\/\/pbagora.s3.amazonaws.com\/2025\/03\/20093049\/8d1ec5431601cc01a6fae895434ce0a6-1024x576-1-800x450.webp 800w, https:\/\/pbagora.s3.amazonaws.com\/2025\/03\/20093049\/8d1ec5431601cc01a6fae895434ce0a6-1024x576-1-80x46.webp 80w, https:\/\/pbagora.s3.amazonaws.com\/2025\/03\/20093049\/8d1ec5431601cc01a6fae895434ce0a6-1024x576-1-760x428.webp 760w, https:\/\/pbagora.s3.amazonaws.com\/2025\/03\/20093049\/8d1ec5431601cc01a6fae895434ce0a6-1024x576-1-600x338.webp 600w\" sizes=\"auto, (max-width: 1024px) 100vw, 1024px\" \/><\/p>\n<p>Uma discuss\u00e3o de tr\u00e2nsito na noite dessa quarta-feira (19) no bairro Jos\u00e9 Am\u00e9rico, em Jo\u00e3o Pessoa, ganhou grande repercuss\u00e3o ap\u00f3s um motorista de aplicativo ter as janelas de seu carro quebradas e ser agredido por uma personal trainer.<\/p>\n\n\n\n<p>O caso ocorreu na Avenida Hilton Souto Maior, ap\u00f3s uma colis\u00e3o entre os ve\u00edculos durante uma ultrapassagem. Segundo relato do motorista, ao descer do carro para resolver a situa\u00e7\u00e3o, a mulher saiu do ve\u00edculo exaltada, portando um taco de baseball. Em meio \u00e0 discuss\u00e3o, ela quebrou os vidros do carro do condutor e o agrediu com socos no rosto.<\/p>\n\n\n\n<p>A confus\u00e3o foi registrada por pedestres e outros motoristas que passavam pelo local. Ap\u00f3s as agress\u00f5es, o motorista se dirigiu \u00e0 Central de Pol\u00edcia para formalizar um boletim de ocorr\u00eancia.<\/p>\n\n\n\n<p>A personal j\u00e1 havia se envolvido em outro epis\u00f3dio de briga no tr\u00e2nsito. Em dezembro de 2024, ela foi espancada com um capacete por um motociclista ap\u00f3s uma briga na Avenida Beira Rio. Na \u00e9poca, ela denunciou o caso \u00e0 imprensa, alegando ter sido v\u00edtima de viol\u00eancia injustificada.<\/p>\n\n\n\n<p>\u00c0 imprensa a mulher evitou comentar o epis\u00f3dio mais recente e afirmou que ainda est\u00e1 traumatizada e abalada pelo ocorrido em dezembro.<\/p>\n\n\n\n<p><strong><em>PB Agora<\/em><\/strong><\/p>\n","protected":false},"excerpt":{"rendered":"<p><img loading=\"lazy\" decoding=\"async\" width=\"1024\" height=\"576\" src=\"https:\/\/pbagora.s3.amazonaws.com\/2025\/03\/20093049\/8d1ec5431601cc01a6fae895434ce0a6-1024x576-1.webp\" class=\"attachment-large size-large wp-post-image\" alt=\"\"><\/p>\n<p>Uma discuss\u00e3o de tr\u00e2nsito na noite dessa quarta-feira (19) no bairro Jos\u00e9 Am\u00e9rico, em Jo\u00e3o Pessoa, ganhou grande\u2026<\/p>\n","protected":false},"author":123457,"featured_media":0,"comment_status":"closed","ping_status":"closed","sticky":false,"template":"","format":"standard","meta":{"advgb_blocks_editor_width":"","advgb_blocks_columns_visual_guide":"","footnotes":""},"categories":[34],"tags":[35,10839,10846],"class_list":["post-55566","post","type-post","status-publish","format-standard","hentry","category-g1","tag-g1","tag-policial","tag-rodape-02"],"author_meta":{"display_name":"Reda\u00e7\u00e3o","author_link":"https:\/\/sindaopcpb.org.br\/author\/redacao\/"},"featured_img":null,"coauthors":[],"tax_additional":{"categories":{"linked":["<a href=\"https:\/\/sindaopcpb.org.br\/g1\/\" class=\"advgb-post-tax-term\">G1<\/a>"],"unlinked":["<span class=\"advgb-post-tax-term\">G1<\/span>"]},"tags":{"linked":["<a href=\"https:\/\/sindaopcpb.org.br\/g1\/\" class=\"advgb-post-tax-term\">g1<\/a>","<a href=\"https:\/\/sindaopcpb.org.br\/g1\/\" class=\"advgb-post-tax-term\">Policial<\/a>","<a href=\"https:\/\/sindaopcpb.org.br\/g1\/\" class=\"advgb-post-tax-term\">Rodape 02<\/a>"],"unlinked":["<span class=\"advgb-post-tax-term\">g1<\/span>","<span class=\"advgb-post-tax-term\">Policial<\/span>","<span class=\"advgb-post-tax-term\">Rodape 02<\/span>"]}},"comment_count":"0","relative_dates":{"created":"Publicado 1 ano atr\u00e1s","modified":"Atualizado 1 ano atr\u00e1s"},"absolute_dates":{"created":"Publicado em 20 de mar\u00e7o de 2025","modified":"Atualizado em 20 de mar\u00e7o de 2025"},"absolute_dates_time":{"created":"Publicado em 20 de mar\u00e7o de 2025 09:31","modified":"Atualizado em 20 de mar\u00e7o de 2025 11:21"},"featured_img_caption":"","series_order":"","_links":{"self":[{"href":"https:\/\/sindaopcpb.org.br\/index.php\/wp-json\/wp\/v2\/posts\/55566","targetHints":{"allow":["GET"]}}],"collection":[{"href":"https:\/\/sindaopcpb.org.br\/index.php\/wp-json\/wp\/v2\/posts"}],"about":[{"href":"https:\/\/sindaopcpb.org.br\/index.php\/wp-json\/wp\/v2\/types\/post"}],"author":[{"embeddable":true,"href":"https:\/\/sindaopcpb.org.br\/index.php\/wp-json\/wp\/v2\/users\/123457"}],"replies":[{"embeddable":true,"href":"https:\/\/sindaopcpb.org.br\/index.php\/wp-json\/wp\/v2\/comments?post=55566"}],"version-history":[{"count":3,"href":"https:\/\/sindaopcpb.org.br\/index.php\/wp-json\/wp\/v2\/posts\/55566\/revisions"}],"predecessor-version":[{"id":55577,"href":"https:\/\/sindaopcpb.org.br\/index.php\/wp-json\/wp\/v2\/posts\/55566\/revisions\/55577"}],"wp:attachment":[{"href":"https:\/\/sindaopcpb.org.br\/index.php\/wp-json\/wp\/v2\/media?parent=55566"}],"wp:term":[{"taxonomy":"category","embeddable":true,"href":"https:\/\/sindaopcpb.org.br\/index.php\/wp-json\/wp\/v2\/categories?post=55566"},{"taxonomy":"post_tag","embeddable":true,"href":"https:\/\/sindaopcpb.org.br\/index.php\/wp-json\/wp\/v2\/tags?post=55566"}],"curies":[{"name":"wp","href":"https:\/\/api.w.org\/{rel}","templated":true}]}}