{"id":55554,"date":"2025-03-20T06:16:29","date_gmt":"2025-03-20T09:16:29","guid":{"rendered":"https:\/\/www.pbagora.com.br\/?p=891916"},"modified":"2025-03-20T06:16:29","modified_gmt":"2025-03-20T09:16:29","slug":"policia-prende-em-jp-foragido-suspeito-de-ataque-contra-ex-companheira-em-2011","status":"publish","type":"post","link":"https:\/\/sindaopcpb.org.br\/index.php\/2025\/03\/20\/policia-prende-em-jp-foragido-suspeito-de-ataque-contra-ex-companheira-em-2011\/","title":{"rendered":"Pol\u00edcia prende em JP foragido suspeito de ataque contra ex-companheira em 2011"},"content":{"rendered":"<p><img width=\"922\" height=\"413\" src=\"https:\/\/pbagora.s3.amazonaws.com\/2025\/03\/20061623\/Sem-titulo-15.jpg\" class=\"attachment-large size-large wp-post-image\" alt=\"\" style=\"margin-bottom: 20px;\" decoding=\"async\" srcset=\"https:\/\/pbagora.s3.amazonaws.com\/2025\/03\/20061623\/Sem-titulo-15.jpg 922w, https:\/\/pbagora.s3.amazonaws.com\/2025\/03\/20061623\/Sem-titulo-15-300x134.jpg 300w, https:\/\/pbagora.s3.amazonaws.com\/2025\/03\/20061623\/Sem-titulo-15-150x67.jpg 150w, https:\/\/pbagora.s3.amazonaws.com\/2025\/03\/20061623\/Sem-titulo-15-768x344.jpg 768w, https:\/\/pbagora.s3.amazonaws.com\/2025\/03\/20061623\/Sem-titulo-15-380x170.jpg 380w, https:\/\/pbagora.s3.amazonaws.com\/2025\/03\/20061623\/Sem-titulo-15-800x358.jpg 800w, https:\/\/pbagora.s3.amazonaws.com\/2025\/03\/20061623\/Sem-titulo-15-80x36.jpg 80w, https:\/\/pbagora.s3.amazonaws.com\/2025\/03\/20061623\/Sem-titulo-15-760x340.jpg 760w, https:\/\/pbagora.s3.amazonaws.com\/2025\/03\/20061623\/Sem-titulo-15-600x269.jpg 600w\" sizes=\"(max-width: 922px) 100vw, 922px\" \/><\/p>\n<p><\/p>\n\n\n\n<p>A pol\u00edcia paraibana prendeu na tarde de ontem (19), Ant\u00f4nio de Ara\u00fajo, um homem de 60 anos, que estava foragido desde 2015, ap\u00f3s ser condenado por tentativa de feminic\u00eddio contra sua ex-companheira, Jaqueline Freire, em 2011. A pris\u00e3o aconteceu no bairro de Mana\u00edra, em Jo\u00e3o Pessoa, e o acusado foi imediatamente levado ao Instituto de Medicina Legal (IML) para exame de corpo de delito, antes de ser encaminhado \u00e0 Penitenci\u00e1ria M\u00e9dia de Mangabeira, onde cumprir\u00e1 o restante de sua pena.<\/p>\n\n\n\n<p>Entenda o caso \u2013 O crime aconteceu em dezembro de 2011, quando, ap\u00f3s a separa\u00e7\u00e3o, Ant\u00f4nio agrediu fisicamente Jaqueline, chegando a esfaque\u00e1-la e, em seguida, a colocou dentro de um carro, dizendo que iria mat\u00e1-la. Durante o trajeto, quando o ve\u00edculo diminuiu a velocidade, a v\u00edtima conseguiu pular do carro em movimento, ferida, sendo rapidamente socorrida por pessoas que presenciaram a cena. Ap\u00f3s o incidente, Ant\u00f4nio fugiu, mas foi posteriormente capturado em 2015 e condenado a 10 anos e 8 meses de pris\u00e3o. No entanto, ele cumpria parte da pena em regime semiaberto, com uso de tornozeleira eletr\u00f4nica, que foi rompida, resultando em sua fuga.<\/p>\n\n\n\n<p>A pris\u00e3o de Ant\u00f4nio s\u00f3 foi poss\u00edvel gra\u00e7as ao trabalho da For\u00e7a Regional, que estava \u00e0 procura do homem h\u00e1 algum tempo. De acordo com o sargento Cardoso, respons\u00e1vel pela captura, o acusado estava vivendo sozinho em uma kitnet no bairro de Mana\u00edra e foi surpreendido pela a\u00e7\u00e3o policial. Ele n\u00e3o informou se estava trabalhando, mas alegou ser funcion\u00e1rio p\u00fablico estadual.<\/p>\n\n\n\n<p>Reda\u00e7\u00e3o<\/p>\n","protected":false},"excerpt":{"rendered":"<p><img loading=\"lazy\" decoding=\"async\" width=\"922\" height=\"413\" src=\"https:\/\/pbagora.s3.amazonaws.com\/2025\/03\/20061623\/Sem-titulo-15.jpg\" class=\"attachment-large size-large wp-post-image\" alt=\"\"><\/p>\n<p>A pol\u00edcia paraibana prendeu na tarde de ontem (19), Ant\u00f4nio de Ara\u00fajo, um homem de 60 anos, que\u2026<\/p>\n","protected":false},"author":123457,"featured_media":0,"comment_status":"closed","ping_status":"closed","sticky":false,"template":"","format":"standard","meta":{"advgb_blocks_editor_width":"","advgb_blocks_columns_visual_guide":"","footnotes":""},"categories":[34],"tags":[35,10839,10842],"class_list":["post-55554","post","type-post","status-publish","format-standard","hentry","category-g1","tag-g1","tag-policial","tag-principal3"],"author_meta":{"display_name":"Reda\u00e7\u00e3o","author_link":"https:\/\/sindaopcpb.org.br\/author\/redacao\/"},"featured_img":null,"coauthors":[],"tax_additional":{"categories":{"linked":["<a href=\"https:\/\/sindaopcpb.org.br\/g1\/\" class=\"advgb-post-tax-term\">G1<\/a>"],"unlinked":["<span class=\"advgb-post-tax-term\">G1<\/span>"]},"tags":{"linked":["<a href=\"https:\/\/sindaopcpb.org.br\/g1\/\" class=\"advgb-post-tax-term\">g1<\/a>","<a href=\"https:\/\/sindaopcpb.org.br\/g1\/\" class=\"advgb-post-tax-term\">Policial<\/a>","<a href=\"https:\/\/sindaopcpb.org.br\/g1\/\" class=\"advgb-post-tax-term\">Principal3<\/a>"],"unlinked":["<span class=\"advgb-post-tax-term\">g1<\/span>","<span class=\"advgb-post-tax-term\">Policial<\/span>","<span class=\"advgb-post-tax-term\">Principal3<\/span>"]}},"comment_count":"0","relative_dates":{"created":"Publicado 1 ano atr\u00e1s","modified":"Atualizado 1 ano atr\u00e1s"},"absolute_dates":{"created":"Publicado em 20 de mar\u00e7o de 2025","modified":"Atualizado em 20 de mar\u00e7o de 2025"},"absolute_dates_time":{"created":"Publicado em 20 de mar\u00e7o de 2025 06:16","modified":"Atualizado em 20 de mar\u00e7o de 2025 06:16"},"featured_img_caption":"","series_order":"","_links":{"self":[{"href":"https:\/\/sindaopcpb.org.br\/index.php\/wp-json\/wp\/v2\/posts\/55554","targetHints":{"allow":["GET"]}}],"collection":[{"href":"https:\/\/sindaopcpb.org.br\/index.php\/wp-json\/wp\/v2\/posts"}],"about":[{"href":"https:\/\/sindaopcpb.org.br\/index.php\/wp-json\/wp\/v2\/types\/post"}],"author":[{"embeddable":true,"href":"https:\/\/sindaopcpb.org.br\/index.php\/wp-json\/wp\/v2\/users\/123457"}],"replies":[{"embeddable":true,"href":"https:\/\/sindaopcpb.org.br\/index.php\/wp-json\/wp\/v2\/comments?post=55554"}],"version-history":[{"count":3,"href":"https:\/\/sindaopcpb.org.br\/index.php\/wp-json\/wp\/v2\/posts\/55554\/revisions"}],"predecessor-version":[{"id":55569,"href":"https:\/\/sindaopcpb.org.br\/index.php\/wp-json\/wp\/v2\/posts\/55554\/revisions\/55569"}],"wp:attachment":[{"href":"https:\/\/sindaopcpb.org.br\/index.php\/wp-json\/wp\/v2\/media?parent=55554"}],"wp:term":[{"taxonomy":"category","embeddable":true,"href":"https:\/\/sindaopcpb.org.br\/index.php\/wp-json\/wp\/v2\/categories?post=55554"},{"taxonomy":"post_tag","embeddable":true,"href":"https:\/\/sindaopcpb.org.br\/index.php\/wp-json\/wp\/v2\/tags?post=55554"}],"curies":[{"name":"wp","href":"https:\/\/api.w.org\/{rel}","templated":true}]}}