{"id":55482,"date":"2025-03-17T08:02:44","date_gmt":"2025-03-17T11:02:44","guid":{"rendered":"https:\/\/www.pbagora.com.br\/?p=891365"},"modified":"2025-03-17T08:02:44","modified_gmt":"2025-03-17T11:02:44","slug":"apos-fim-do-prazo-de-prisao-familia-de-paraibano-preso-na-franca-segue-sem-noticias","status":"publish","type":"post","link":"https:\/\/sindaopcpb.org.br\/index.php\/2025\/03\/17\/apos-fim-do-prazo-de-prisao-familia-de-paraibano-preso-na-franca-segue-sem-noticias\/","title":{"rendered":"Ap\u00f3s fim do prazo de pris\u00e3o, fam\u00edlia de paraibano preso na Fran\u00e7a segue sem not\u00edcias"},"content":{"rendered":"<p><img width=\"984\" height=\"984\" src=\"https:\/\/pbagora.s3.amazonaws.com\/2025\/03\/17080217\/PARA.avif\" class=\"attachment-large size-large wp-post-image\" alt=\"\" style=\"margin-bottom: 20px;\" decoding=\"async\" srcset=\"https:\/\/pbagora.s3.amazonaws.com\/2025\/03\/17080217\/PARA.avif 984w, https:\/\/pbagora.s3.amazonaws.com\/2025\/03\/17080217\/PARA-300x300.avif 300w, https:\/\/pbagora.s3.amazonaws.com\/2025\/03\/17080217\/PARA-150x150.avif 150w, https:\/\/pbagora.s3.amazonaws.com\/2025\/03\/17080217\/PARA-768x768.avif 768w, https:\/\/pbagora.s3.amazonaws.com\/2025\/03\/17080217\/PARA-80x80.avif 80w, https:\/\/pbagora.s3.amazonaws.com\/2025\/03\/17080217\/PARA-110x110.avif 110w, https:\/\/pbagora.s3.amazonaws.com\/2025\/03\/17080217\/PARA-380x380.avif 380w, https:\/\/pbagora.s3.amazonaws.com\/2025\/03\/17080217\/PARA-800x800.avif 800w, https:\/\/pbagora.s3.amazonaws.com\/2025\/03\/17080217\/PARA-160x160.avif 160w, https:\/\/pbagora.s3.amazonaws.com\/2025\/03\/17080217\/PARA-760x760.avif 760w, https:\/\/pbagora.s3.amazonaws.com\/2025\/03\/17080217\/PARA-600x600.avif 600w\" sizes=\"(max-width: 984px) 100vw, 984px\" \/><\/p>\n<p>Um prazo angustiante. Dez dias ap\u00f3s a data prevista para o fim de sua pris\u00e3o na Fran\u00e7a, a fam\u00edlia de Andr\u00e9 Alves do Nascimento, natural de&nbsp;<a href=\"https:\/\/g1.globo.com\/pb\/paraiba\/cidade\/campina-grande\/\">Campina Grande<\/a>, segue sem informa\u00e7\u00f5es sobre sua situa\u00e7\u00e3o.<\/p>\n\n\n\n<p>O brasileiro, dado como desaparecido e depois&nbsp;<a href=\"https:\/\/g1.globo.com\/pb\/paraiba\/noticia\/2025\/01\/13\/brasileiro-que-estava-desaparecido-em-paris-e-localizado-pela-interpol-e-esta-preso-por-trafico-de-drogas.ghtml\">localizado pela Interpol em uma pris\u00e3o de Paris<\/a>&nbsp;sob acusa\u00e7\u00e3o de tr\u00e1fico de drogas, deveria ter sido libertado no dia 6 de mar\u00e7o.<\/p>\n\n\n\n<p>Os &nbsp;familiares afirmam que n\u00e3o conseguem contato com ele desde janeiro e n\u00e3o receberam atualiza\u00e7\u00f5es sobre seu paradeiro ou condi\u00e7\u00e3o judicial.<\/p>\n\n\n\n<p>O Itamaraty disse que &#8220;o Minist\u00e9rio das Rela\u00e7\u00f5es Exteriores n\u00e3o fornece informa\u00e7\u00f5es sobre casos individuais de assist\u00eancia a cidad\u00e3os brasileiros&#8221;.<\/p>\n\n\n\n<p>A falta de comunica\u00e7\u00e3o se agrava pelo fato de que apenas o pr\u00f3prio detento pode realizar liga\u00e7\u00f5es, e essas chamadas s\u00e3o restritas a um tempo limitado. &#8220;Ele sempre ligava por 15 minutos, mas agora nem isso. Na \u00faltima vez, ele pediu para minha m\u00e3e ficar tranquila e pediu desculpas por ter feito algo errado&#8221;, contou a irm\u00e3.<\/p>\n\n\n\n<p><em><strong>Reda\u00e7\u00e3o<\/strong><\/em><\/p>\n","protected":false},"excerpt":{"rendered":"<p><img loading=\"lazy\" decoding=\"async\" width=\"984\" height=\"984\" src=\"https:\/\/pbagora.s3.amazonaws.com\/2025\/03\/17080217\/PARA.avif\" class=\"attachment-large size-large wp-post-image\" alt=\"\"><\/p>\n<p>Um prazo angustiante. Dez dias ap\u00f3s a data prevista para o fim de sua pris\u00e3o na Fran\u00e7a, a\u2026<\/p>\n","protected":false},"author":123457,"featured_media":0,"comment_status":"closed","ping_status":"closed","sticky":false,"template":"","format":"standard","meta":{"advgb_blocks_editor_width":"","advgb_blocks_columns_visual_guide":"","footnotes":""},"categories":[34],"tags":[10841,35,10839],"class_list":["post-55482","post","type-post","status-publish","format-standard","hentry","category-g1","tag-destaque-centro-02","tag-g1","tag-policial"],"author_meta":{"display_name":"Reda\u00e7\u00e3o","author_link":"https:\/\/sindaopcpb.org.br\/author\/redacao\/"},"featured_img":null,"coauthors":[],"tax_additional":{"categories":{"linked":["<a href=\"https:\/\/sindaopcpb.org.br\/g1\/\" class=\"advgb-post-tax-term\">G1<\/a>"],"unlinked":["<span class=\"advgb-post-tax-term\">G1<\/span>"]},"tags":{"linked":["<a href=\"https:\/\/sindaopcpb.org.br\/g1\/\" class=\"advgb-post-tax-term\">Destaque Centro 02<\/a>","<a href=\"https:\/\/sindaopcpb.org.br\/g1\/\" class=\"advgb-post-tax-term\">g1<\/a>","<a href=\"https:\/\/sindaopcpb.org.br\/g1\/\" class=\"advgb-post-tax-term\">Policial<\/a>"],"unlinked":["<span class=\"advgb-post-tax-term\">Destaque Centro 02<\/span>","<span class=\"advgb-post-tax-term\">g1<\/span>","<span class=\"advgb-post-tax-term\">Policial<\/span>"]}},"comment_count":"0","relative_dates":{"created":"Publicado 1 ano atr\u00e1s","modified":"Atualizado 1 ano atr\u00e1s"},"absolute_dates":{"created":"Publicado em 17 de mar\u00e7o de 2025","modified":"Atualizado em 17 de mar\u00e7o de 2025"},"absolute_dates_time":{"created":"Publicado em 17 de mar\u00e7o de 2025 08:02","modified":"Atualizado em 17 de mar\u00e7o de 2025 08:02"},"featured_img_caption":"","series_order":"","_links":{"self":[{"href":"https:\/\/sindaopcpb.org.br\/index.php\/wp-json\/wp\/v2\/posts\/55482","targetHints":{"allow":["GET"]}}],"collection":[{"href":"https:\/\/sindaopcpb.org.br\/index.php\/wp-json\/wp\/v2\/posts"}],"about":[{"href":"https:\/\/sindaopcpb.org.br\/index.php\/wp-json\/wp\/v2\/types\/post"}],"author":[{"embeddable":true,"href":"https:\/\/sindaopcpb.org.br\/index.php\/wp-json\/wp\/v2\/users\/123457"}],"replies":[{"embeddable":true,"href":"https:\/\/sindaopcpb.org.br\/index.php\/wp-json\/wp\/v2\/comments?post=55482"}],"version-history":[{"count":2,"href":"https:\/\/sindaopcpb.org.br\/index.php\/wp-json\/wp\/v2\/posts\/55482\/revisions"}],"predecessor-version":[{"id":55489,"href":"https:\/\/sindaopcpb.org.br\/index.php\/wp-json\/wp\/v2\/posts\/55482\/revisions\/55489"}],"wp:attachment":[{"href":"https:\/\/sindaopcpb.org.br\/index.php\/wp-json\/wp\/v2\/media?parent=55482"}],"wp:term":[{"taxonomy":"category","embeddable":true,"href":"https:\/\/sindaopcpb.org.br\/index.php\/wp-json\/wp\/v2\/categories?post=55482"},{"taxonomy":"post_tag","embeddable":true,"href":"https:\/\/sindaopcpb.org.br\/index.php\/wp-json\/wp\/v2\/tags?post=55482"}],"curies":[{"name":"wp","href":"https:\/\/api.w.org\/{rel}","templated":true}]}}