{"id":55454,"date":"2025-03-15T08:55:45","date_gmt":"2025-03-15T11:55:45","guid":{"rendered":"https:\/\/www.pbagora.com.br\/?p=891188"},"modified":"2025-03-15T11:31:45","modified_gmt":"2025-03-15T14:31:45","slug":"operacao-policial-apreende-mais-17-tabletes-de-cocaina-pura-em-monteiro","status":"publish","type":"post","link":"https:\/\/sindaopcpb.org.br\/index.php\/2025\/03\/15\/operacao-policial-apreende-mais-17-tabletes-de-cocaina-pura-em-monteiro\/","title":{"rendered":"Opera\u00e7\u00e3o policial apreende mais 17 tabletes de coca\u00edna pura em Monteiro"},"content":{"rendered":"<p><img width=\"1024\" height=\"576\" src=\"https:\/\/pbagora.s3.amazonaws.com\/2025\/03\/15085228\/WhatsApp-Image-2025-03-15-at-08.51.23-1024x576.jpeg\" class=\"attachment-large size-large wp-post-image\" alt=\"\" style=\"margin-bottom: 20px;\" decoding=\"async\" loading=\"lazy\" srcset=\"https:\/\/pbagora.s3.amazonaws.com\/2025\/03\/15085228\/WhatsApp-Image-2025-03-15-at-08.51.23-1024x576.jpeg 1024w, https:\/\/pbagora.s3.amazonaws.com\/2025\/03\/15085228\/WhatsApp-Image-2025-03-15-at-08.51.23-300x169.jpeg 300w, https:\/\/pbagora.s3.amazonaws.com\/2025\/03\/15085228\/WhatsApp-Image-2025-03-15-at-08.51.23-150x84.jpeg 150w, https:\/\/pbagora.s3.amazonaws.com\/2025\/03\/15085228\/WhatsApp-Image-2025-03-15-at-08.51.23-768x432.jpeg 768w, https:\/\/pbagora.s3.amazonaws.com\/2025\/03\/15085228\/WhatsApp-Image-2025-03-15-at-08.51.23-1536x864.jpeg 1536w, https:\/\/pbagora.s3.amazonaws.com\/2025\/03\/15085228\/WhatsApp-Image-2025-03-15-at-08.51.23-2048x1152.jpeg 2048w, https:\/\/pbagora.s3.amazonaws.com\/2025\/03\/15085228\/WhatsApp-Image-2025-03-15-at-08.51.23-380x214.jpeg 380w, https:\/\/pbagora.s3.amazonaws.com\/2025\/03\/15085228\/WhatsApp-Image-2025-03-15-at-08.51.23-800x450.jpeg 800w, https:\/\/pbagora.s3.amazonaws.com\/2025\/03\/15085228\/WhatsApp-Image-2025-03-15-at-08.51.23-1160x653.jpeg 1160w, https:\/\/pbagora.s3.amazonaws.com\/2025\/03\/15085228\/WhatsApp-Image-2025-03-15-at-08.51.23-80x46.jpeg 80w, https:\/\/pbagora.s3.amazonaws.com\/2025\/03\/15085228\/WhatsApp-Image-2025-03-15-at-08.51.23-3072x1728.jpeg 3072w, https:\/\/pbagora.s3.amazonaws.com\/2025\/03\/15085228\/WhatsApp-Image-2025-03-15-at-08.51.23-760x428.jpeg 760w, https:\/\/pbagora.s3.amazonaws.com\/2025\/03\/15085228\/WhatsApp-Image-2025-03-15-at-08.51.23-600x338.jpeg 600w, https:\/\/pbagora.s3.amazonaws.com\/2025\/03\/15085228\/WhatsApp-Image-2025-03-15-at-08.51.23-scaled.jpeg 2560w\" sizes=\"auto, (max-width: 1024px) 100vw, 1024px\" \/><\/p>\n<p>Uma investiga\u00e7\u00e3o da Pol\u00edcia Civil da Para\u00edba, por meio da Delegacia de Repress\u00e3o ao Crime Organizado (DRACO), resultou na apreens\u00e3o de 17 tabletes de coca\u00edna pura nessa sexta-feira, 14 de mar\u00e7o, no munic\u00edpio de Monteiro. O trabalho de captura do investigado contou com atua\u00e7\u00e3o importante da Unintelpol\/PCPB, do Canil\/PCPB e da Pol\u00edcia Rodovi\u00e1ria Federal (PRF).<\/p>\n\n\n\n<p>A DRACO estava investigando o caso h\u00e1 mais de dois meses. As pol\u00edcias descobriram que o alvo investigado vinha da Bahia para a Para\u00edba com a droga. Ao passar por Monteiro (PB), o carro em que ele estava foi abordado pelos policiais e inspecionado. Os pacotes de coca\u00edna estavam escondidos dentro do ve\u00edculo.<\/p>\n\n\n\n<p>Com base nos valores estipulados pelo tr\u00e1fico, estima-se que o volume de coca\u00edna apreendido custa em torno de R$ 2 milh\u00f5es, conforme declarou o pr\u00f3prio investigado preso na opera\u00e7\u00e3o. A droga foi encaminhada ao IPC da Pol\u00edcia Civil, para ser analisada.<\/p>\n\n\n\n<p>A pris\u00e3o foi comunicada \u00e0 justi\u00e7a.<\/p>\n\n\n\n<p><strong><em>Ascom\/Pol\u00edcia Civil<\/em><\/strong><\/p>\n","protected":false},"excerpt":{"rendered":"<p><img decoding=\"async\" width=\"1024\" height=\"576\" src=\"https:\/\/pbagora.s3.amazonaws.com\/2025\/03\/15085228\/WhatsApp-Image-2025-03-15-at-08.51.23-1024x576.jpeg\" class=\"attachment-large size-large wp-post-image\" alt=\"\" loading=\"lazy\"><\/p>\n<p>Uma investiga\u00e7\u00e3o da Pol\u00edcia Civil da Para\u00edba, por meio da Delegacia de Repress\u00e3o ao Crime Organizado (DRACO), resultou\u2026<\/p>\n","protected":false},"author":123457,"featured_media":0,"comment_status":"closed","ping_status":"closed","sticky":false,"template":"","format":"standard","meta":{"advgb_blocks_editor_width":"","advgb_blocks_columns_visual_guide":"","footnotes":""},"categories":[34],"tags":[10841,35,10839],"class_list":["post-55454","post","type-post","status-publish","format-standard","hentry","category-g1","tag-destaque-centro-02","tag-g1","tag-policial"],"author_meta":{"display_name":"Reda\u00e7\u00e3o","author_link":"https:\/\/sindaopcpb.org.br\/author\/redacao\/"},"featured_img":null,"coauthors":[],"tax_additional":{"categories":{"linked":["<a href=\"https:\/\/sindaopcpb.org.br\/g1\/\" class=\"advgb-post-tax-term\">G1<\/a>"],"unlinked":["<span class=\"advgb-post-tax-term\">G1<\/span>"]},"tags":{"linked":["<a href=\"https:\/\/sindaopcpb.org.br\/g1\/\" class=\"advgb-post-tax-term\">Destaque Centro 02<\/a>","<a href=\"https:\/\/sindaopcpb.org.br\/g1\/\" class=\"advgb-post-tax-term\">g1<\/a>","<a href=\"https:\/\/sindaopcpb.org.br\/g1\/\" class=\"advgb-post-tax-term\">Policial<\/a>"],"unlinked":["<span class=\"advgb-post-tax-term\">Destaque Centro 02<\/span>","<span class=\"advgb-post-tax-term\">g1<\/span>","<span class=\"advgb-post-tax-term\">Policial<\/span>"]}},"comment_count":"0","relative_dates":{"created":"Publicado 1 ano atr\u00e1s","modified":"Atualizado 1 ano atr\u00e1s"},"absolute_dates":{"created":"Publicado em 15 de mar\u00e7o de 2025","modified":"Atualizado em 15 de mar\u00e7o de 2025"},"absolute_dates_time":{"created":"Publicado em 15 de mar\u00e7o de 2025 08:55","modified":"Atualizado em 15 de mar\u00e7o de 2025 11:31"},"featured_img_caption":"","series_order":"","_links":{"self":[{"href":"https:\/\/sindaopcpb.org.br\/index.php\/wp-json\/wp\/v2\/posts\/55454","targetHints":{"allow":["GET"]}}],"collection":[{"href":"https:\/\/sindaopcpb.org.br\/index.php\/wp-json\/wp\/v2\/posts"}],"about":[{"href":"https:\/\/sindaopcpb.org.br\/index.php\/wp-json\/wp\/v2\/types\/post"}],"author":[{"embeddable":true,"href":"https:\/\/sindaopcpb.org.br\/index.php\/wp-json\/wp\/v2\/users\/123457"}],"replies":[{"embeddable":true,"href":"https:\/\/sindaopcpb.org.br\/index.php\/wp-json\/wp\/v2\/comments?post=55454"}],"version-history":[{"count":2,"href":"https:\/\/sindaopcpb.org.br\/index.php\/wp-json\/wp\/v2\/posts\/55454\/revisions"}],"predecessor-version":[{"id":55462,"href":"https:\/\/sindaopcpb.org.br\/index.php\/wp-json\/wp\/v2\/posts\/55454\/revisions\/55462"}],"wp:attachment":[{"href":"https:\/\/sindaopcpb.org.br\/index.php\/wp-json\/wp\/v2\/media?parent=55454"}],"wp:term":[{"taxonomy":"category","embeddable":true,"href":"https:\/\/sindaopcpb.org.br\/index.php\/wp-json\/wp\/v2\/categories?post=55454"},{"taxonomy":"post_tag","embeddable":true,"href":"https:\/\/sindaopcpb.org.br\/index.php\/wp-json\/wp\/v2\/tags?post=55454"}],"curies":[{"name":"wp","href":"https:\/\/api.w.org\/{rel}","templated":true}]}}