{"id":55437,"date":"2025-03-14T12:20:47","date_gmt":"2025-03-14T15:20:47","guid":{"rendered":"https:\/\/www.pbagora.com.br\/?p=891098"},"modified":"2025-03-14T18:00:47","modified_gmt":"2025-03-14T21:00:47","slug":"ministerio-publico-pede-manutencao-de-prisao-preventiva-e-transferencia-de-fernando-cunha-lima-para-a-paraiba","status":"publish","type":"post","link":"https:\/\/sindaopcpb.org.br\/index.php\/2025\/03\/14\/ministerio-publico-pede-manutencao-de-prisao-preventiva-e-transferencia-de-fernando-cunha-lima-para-a-paraiba\/","title":{"rendered":"MP pede manuten\u00e7\u00e3o de pris\u00e3o preventiva e transfer\u00eancia de Fernando Cunha Lima para a Para\u00edba"},"content":{"rendered":"<p><img width=\"792\" height=\"443\" src=\"https:\/\/pbagora.s3.amazonaws.com\/2025\/03\/07160857\/FERNANDO-CUNHA-LIMA.jpg\" class=\"attachment-large size-large wp-post-image\" alt=\"\" style=\"margin-bottom: 20px;\" decoding=\"async\" srcset=\"https:\/\/pbagora.s3.amazonaws.com\/2025\/03\/07160857\/FERNANDO-CUNHA-LIMA.jpg 792w, https:\/\/pbagora.s3.amazonaws.com\/2025\/03\/07160857\/FERNANDO-CUNHA-LIMA-300x168.jpg 300w, https:\/\/pbagora.s3.amazonaws.com\/2025\/03\/07160857\/FERNANDO-CUNHA-LIMA-150x84.jpg 150w, https:\/\/pbagora.s3.amazonaws.com\/2025\/03\/07160857\/FERNANDO-CUNHA-LIMA-768x430.jpg 768w, https:\/\/pbagora.s3.amazonaws.com\/2025\/03\/07160857\/FERNANDO-CUNHA-LIMA-380x213.jpg 380w, https:\/\/pbagora.s3.amazonaws.com\/2025\/03\/07160857\/FERNANDO-CUNHA-LIMA-80x46.jpg 80w, https:\/\/pbagora.s3.amazonaws.com\/2025\/03\/07160857\/FERNANDO-CUNHA-LIMA-760x425.jpg 760w, https:\/\/pbagora.s3.amazonaws.com\/2025\/03\/07160857\/FERNANDO-CUNHA-LIMA-600x336.jpg 600w\" sizes=\"(max-width: 792px) 100vw, 792px\" \/><\/p>\n<p>O Minist\u00e9rio P\u00fablico da Para\u00edba se manifestou, nesta sexta-feira (14\/03), pela manuten\u00e7\u00e3o da pris\u00e3o preventiva e indeferimento do pedido de pris\u00e3o domiciliar do m\u00e9dico pediatra Fernando Paredes Cunha Lima, denunciado pelo crime de estupro de vulner\u00e1vel contra quatro crian\u00e7as. Na manifesta\u00e7\u00e3o, o MPPB pediu ainda o deferimento da transfer\u00eancia do m\u00e9dico de Pernambuco para a Para\u00edba, postulada pelos assistentes de acusa\u00e7\u00e3o.<\/p>\n\n\n\n<p>No documento assinado pelos promotores de Justi\u00e7a Bruno Leonardo Lins e Judith Maria de Almeida Lemos Evangelista, o MP se manifestou pelo indeferimento do pedido formulado pela defesa do r\u00e9u de substitui\u00e7\u00e3o da pris\u00e3o preventiva pela pris\u00e3o domiciliar com pedido subsidi\u00e1rio de executar a pris\u00e3o preventiva no Recife.<\/p>\n\n\n\n<p>O Minist\u00e9rio P\u00fablico tamb\u00e9m pediu a imediata intima\u00e7\u00e3o das partes (assistentes de acusa\u00e7\u00e3o e r\u00e9u) para apresentarem suas alega\u00e7\u00f5es finais, independentemente da apresenta\u00e7\u00e3o de novos pleitos defensivos, uma vez que a instru\u00e7\u00e3o do processo est\u00e1 encerrada desde novembro de 2024.<\/p>\n\n\n\n<p><strong>A\u00e7\u00e3o<\/strong><\/p>\n\n\n\n<p>O MPPB denunciou o m\u00e9dico, em agosto do ano passado, pela pr\u00e1tica do crime previsto no artigo 217A do C\u00f3digo Penal (estupro de vulner\u00e1vel) contra quatro v\u00edtimas. A den\u00fancia pediu, al\u00e9m da condena\u00e7\u00e3o pelo crime, o pagamento de 400 sal\u00e1rios m\u00ednimos a cada v\u00edtima a t\u00edtulo de repara\u00e7\u00e3o de danos.<\/p>\n\n\n\n<p>Na \u00e9poca, o MPPB tamb\u00e9m requereu a pris\u00e3o preventiva do acusado, que foi inicialmente indeferida pelo ju\u00edzo da 4\u00aa Vara Criminal da Capital. O Minist\u00e9rio P\u00fablico interp\u00f4s recurso da decis\u00e3o e a C\u00e2mara Criminal do Tribunal de Justi\u00e7a decretou a pris\u00e3o preventiva do pediatra, em novembro passado. O acusado permaneceu quatro meses foragido, tendo sido preso pela Pol\u00edcia Civil da Para\u00edba, na sexta-feira (7\/03), em Pernambuco.<\/p>\n\n\n\n<p>Em dezembro passado, o MPPB apresentou uma nova den\u00fancia contra o m\u00e9dico pediatra pelo estupro de mais duas crian\u00e7as, que eram suas pacientes.<\/p>\n\n\n\n<p><strong><em>Ascom\/MPPB<\/em><\/strong><\/p>\n","protected":false},"excerpt":{"rendered":"<p><img loading=\"lazy\" decoding=\"async\" width=\"792\" height=\"443\" src=\"https:\/\/pbagora.s3.amazonaws.com\/2025\/03\/07160857\/FERNANDO-CUNHA-LIMA.jpg\" class=\"attachment-large size-large wp-post-image\" alt=\"\"><\/p>\n<p>O Minist\u00e9rio P\u00fablico da Para\u00edba se manifestou, nesta sexta-feira (14\/03), pela manuten\u00e7\u00e3o da pris\u00e3o preventiva e indeferimento do\u2026<\/p>\n","protected":false},"author":123457,"featured_media":0,"comment_status":"closed","ping_status":"closed","sticky":false,"template":"","format":"standard","meta":{"advgb_blocks_editor_width":"","advgb_blocks_columns_visual_guide":"","footnotes":""},"categories":[34],"tags":[10841,35,10839],"class_list":["post-55437","post","type-post","status-publish","format-standard","hentry","category-g1","tag-destaque-centro-02","tag-g1","tag-policial"],"author_meta":{"display_name":"Reda\u00e7\u00e3o","author_link":"https:\/\/sindaopcpb.org.br\/author\/redacao\/"},"featured_img":null,"coauthors":[],"tax_additional":{"categories":{"linked":["<a href=\"https:\/\/sindaopcpb.org.br\/g1\/\" class=\"advgb-post-tax-term\">G1<\/a>"],"unlinked":["<span class=\"advgb-post-tax-term\">G1<\/span>"]},"tags":{"linked":["<a href=\"https:\/\/sindaopcpb.org.br\/g1\/\" class=\"advgb-post-tax-term\">Destaque Centro 02<\/a>","<a href=\"https:\/\/sindaopcpb.org.br\/g1\/\" class=\"advgb-post-tax-term\">g1<\/a>","<a href=\"https:\/\/sindaopcpb.org.br\/g1\/\" class=\"advgb-post-tax-term\">Policial<\/a>"],"unlinked":["<span class=\"advgb-post-tax-term\">Destaque Centro 02<\/span>","<span class=\"advgb-post-tax-term\">g1<\/span>","<span class=\"advgb-post-tax-term\">Policial<\/span>"]}},"comment_count":"0","relative_dates":{"created":"Publicado 1 ano atr\u00e1s","modified":"Atualizado 1 ano atr\u00e1s"},"absolute_dates":{"created":"Publicado em 14 de mar\u00e7o de 2025","modified":"Atualizado em 14 de mar\u00e7o de 2025"},"absolute_dates_time":{"created":"Publicado em 14 de mar\u00e7o de 2025 12:20","modified":"Atualizado em 14 de mar\u00e7o de 2025 18:00"},"featured_img_caption":"","series_order":"","_links":{"self":[{"href":"https:\/\/sindaopcpb.org.br\/index.php\/wp-json\/wp\/v2\/posts\/55437","targetHints":{"allow":["GET"]}}],"collection":[{"href":"https:\/\/sindaopcpb.org.br\/index.php\/wp-json\/wp\/v2\/posts"}],"about":[{"href":"https:\/\/sindaopcpb.org.br\/index.php\/wp-json\/wp\/v2\/types\/post"}],"author":[{"embeddable":true,"href":"https:\/\/sindaopcpb.org.br\/index.php\/wp-json\/wp\/v2\/users\/123457"}],"replies":[{"embeddable":true,"href":"https:\/\/sindaopcpb.org.br\/index.php\/wp-json\/wp\/v2\/comments?post=55437"}],"version-history":[{"count":4,"href":"https:\/\/sindaopcpb.org.br\/index.php\/wp-json\/wp\/v2\/posts\/55437\/revisions"}],"predecessor-version":[{"id":55452,"href":"https:\/\/sindaopcpb.org.br\/index.php\/wp-json\/wp\/v2\/posts\/55437\/revisions\/55452"}],"wp:attachment":[{"href":"https:\/\/sindaopcpb.org.br\/index.php\/wp-json\/wp\/v2\/media?parent=55437"}],"wp:term":[{"taxonomy":"category","embeddable":true,"href":"https:\/\/sindaopcpb.org.br\/index.php\/wp-json\/wp\/v2\/categories?post=55437"},{"taxonomy":"post_tag","embeddable":true,"href":"https:\/\/sindaopcpb.org.br\/index.php\/wp-json\/wp\/v2\/tags?post=55437"}],"curies":[{"name":"wp","href":"https:\/\/api.w.org\/{rel}","templated":true}]}}