{"id":55434,"date":"2025-03-14T12:26:59","date_gmt":"2025-03-14T15:26:59","guid":{"rendered":"https:\/\/www.pbagora.com.br\/?p=891100"},"modified":"2025-03-14T14:50:59","modified_gmt":"2025-03-14T17:50:59","slug":"preso-em-operacao-contra-trafico-de-drogas-ex-prefeito-de-vista-serrana-fica-em-silencio-na-delegacia","status":"publish","type":"post","link":"https:\/\/sindaopcpb.org.br\/index.php\/2025\/03\/14\/preso-em-operacao-contra-trafico-de-drogas-ex-prefeito-de-vista-serrana-fica-em-silencio-na-delegacia\/","title":{"rendered":"Preso em opera\u00e7\u00e3o contra tr\u00e1fico de drogas, ex-prefeito de Vista Serrana fica em sil\u00eancio na delegacia"},"content":{"rendered":"<p><img width=\"551\" height=\"350\" src=\"https:\/\/pbagora.s3.amazonaws.com\/2025\/03\/14122638\/Captura-de-tela-2025-03-14-122520.png\" class=\"attachment-large size-large wp-post-image\" alt=\"\" style=\"margin-bottom: 20px;\" decoding=\"async\" loading=\"lazy\" srcset=\"https:\/\/pbagora.s3.amazonaws.com\/2025\/03\/14122638\/Captura-de-tela-2025-03-14-122520.png 551w, https:\/\/pbagora.s3.amazonaws.com\/2025\/03\/14122638\/Captura-de-tela-2025-03-14-122520-300x191.png 300w, https:\/\/pbagora.s3.amazonaws.com\/2025\/03\/14122638\/Captura-de-tela-2025-03-14-122520-150x95.png 150w, https:\/\/pbagora.s3.amazonaws.com\/2025\/03\/14122638\/Captura-de-tela-2025-03-14-122520-380x241.png 380w, https:\/\/pbagora.s3.amazonaws.com\/2025\/03\/14122638\/Captura-de-tela-2025-03-14-122520-80x50.png 80w\" sizes=\"auto, (max-width: 551px) 100vw, 551px\" \/><\/p>\n<p>Na manh\u00e3 desta sexta-feira (14), o ex-prefeito de Vista Serrana, S\u00e9rgio de Levi, foi preso durante uma opera\u00e7\u00e3o de combate ao tr\u00e1fico de drogas. Ele chegou em sil\u00eancio \u00e0 sede da Pol\u00edcia Civil em Patos, no Sert\u00e3o paraibano. O pol\u00edtico \u00e9 suspeito de financiar, com recursos desviados da prefeitura, uma planta\u00e7\u00e3o de mais de 60 mil p\u00e9s de maconha.<\/p>\n\n\n\n<p>A opera\u00e7\u00e3o &#8216;Cacimba Nova&#8217; cumpriu mandados nos munic\u00edpios de Vista Serrana, Condado, Pombal, Sousa e Paulista. A a\u00e7\u00e3o foi deflagrada ap\u00f3s a localiza\u00e7\u00e3o e destrui\u00e7\u00e3o de uma planta\u00e7\u00e3o com mais de 60 mil p\u00e9s de maconha em Malta, no Sert\u00e3o, em outubro do ano passado. A partir disso, as investiga\u00e7\u00f5es apontaram a exist\u00eancia de uma organiza\u00e7\u00e3o criminosa.<\/p>\n\n\n\n<p>S\u00e9rgio de Levi foi prefeito de Vista Serrana entre 2017 e 2023, eleito e reeleito pelo MDB. Anteriormente, ele tamb\u00e9m foi vereador pelo PSB entre 2008 e 2012, conforme registrado no sistema do Tribunal Superior Eleitoral (TSE).<\/p>\n\n\n\n<p><strong><em>Reda\u00e7\u00e3o<\/em><\/strong><\/p>\n","protected":false},"excerpt":{"rendered":"<p><img loading=\"lazy\" decoding=\"async\" width=\"551\" height=\"350\" src=\"https:\/\/pbagora.s3.amazonaws.com\/2025\/03\/14122638\/Captura-de-tela-2025-03-14-122520.png\" class=\"attachment-large size-large wp-post-image\" alt=\"\"><\/p>\n<p>Na manh\u00e3 desta sexta-feira (14), o ex-prefeito de Vista Serrana, S\u00e9rgio de Levi, foi preso durante uma opera\u00e7\u00e3o\u2026<\/p>\n","protected":false},"author":123457,"featured_media":0,"comment_status":"closed","ping_status":"closed","sticky":false,"template":"","format":"standard","meta":{"advgb_blocks_editor_width":"","advgb_blocks_columns_visual_guide":"","footnotes":""},"categories":[34],"tags":[10852,35,10839],"class_list":["post-55434","post","type-post","status-publish","format-standard","hentry","category-g1","tag-destaque-final-01","tag-g1","tag-policial"],"author_meta":{"display_name":"Reda\u00e7\u00e3o","author_link":"https:\/\/sindaopcpb.org.br\/author\/redacao\/"},"featured_img":null,"coauthors":[],"tax_additional":{"categories":{"linked":["<a href=\"https:\/\/sindaopcpb.org.br\/g1\/\" class=\"advgb-post-tax-term\">G1<\/a>"],"unlinked":["<span class=\"advgb-post-tax-term\">G1<\/span>"]},"tags":{"linked":["<a href=\"https:\/\/sindaopcpb.org.br\/g1\/\" class=\"advgb-post-tax-term\">Destaque Final 01<\/a>","<a href=\"https:\/\/sindaopcpb.org.br\/g1\/\" class=\"advgb-post-tax-term\">g1<\/a>","<a href=\"https:\/\/sindaopcpb.org.br\/g1\/\" class=\"advgb-post-tax-term\">Policial<\/a>"],"unlinked":["<span class=\"advgb-post-tax-term\">Destaque Final 01<\/span>","<span class=\"advgb-post-tax-term\">g1<\/span>","<span class=\"advgb-post-tax-term\">Policial<\/span>"]}},"comment_count":"0","relative_dates":{"created":"Publicado 1 ano atr\u00e1s","modified":"Atualizado 1 ano atr\u00e1s"},"absolute_dates":{"created":"Publicado em 14 de mar\u00e7o de 2025","modified":"Atualizado em 14 de mar\u00e7o de 2025"},"absolute_dates_time":{"created":"Publicado em 14 de mar\u00e7o de 2025 12:26","modified":"Atualizado em 14 de mar\u00e7o de 2025 14:50"},"featured_img_caption":"","series_order":"","_links":{"self":[{"href":"https:\/\/sindaopcpb.org.br\/index.php\/wp-json\/wp\/v2\/posts\/55434","targetHints":{"allow":["GET"]}}],"collection":[{"href":"https:\/\/sindaopcpb.org.br\/index.php\/wp-json\/wp\/v2\/posts"}],"about":[{"href":"https:\/\/sindaopcpb.org.br\/index.php\/wp-json\/wp\/v2\/types\/post"}],"author":[{"embeddable":true,"href":"https:\/\/sindaopcpb.org.br\/index.php\/wp-json\/wp\/v2\/users\/123457"}],"replies":[{"embeddable":true,"href":"https:\/\/sindaopcpb.org.br\/index.php\/wp-json\/wp\/v2\/comments?post=55434"}],"version-history":[{"count":3,"href":"https:\/\/sindaopcpb.org.br\/index.php\/wp-json\/wp\/v2\/posts\/55434\/revisions"}],"predecessor-version":[{"id":55449,"href":"https:\/\/sindaopcpb.org.br\/index.php\/wp-json\/wp\/v2\/posts\/55434\/revisions\/55449"}],"wp:attachment":[{"href":"https:\/\/sindaopcpb.org.br\/index.php\/wp-json\/wp\/v2\/media?parent=55434"}],"wp:term":[{"taxonomy":"category","embeddable":true,"href":"https:\/\/sindaopcpb.org.br\/index.php\/wp-json\/wp\/v2\/categories?post=55434"},{"taxonomy":"post_tag","embeddable":true,"href":"https:\/\/sindaopcpb.org.br\/index.php\/wp-json\/wp\/v2\/tags?post=55434"}],"curies":[{"name":"wp","href":"https:\/\/api.w.org\/{rel}","templated":true}]}}