{"id":5541,"date":"2022-10-25T14:44:20","date_gmt":"2022-10-25T17:44:20","guid":{"rendered":"https:\/\/g1.globo.com\/pb\/paraiba\/eleicoes\/2022\/noticia\/2022\/10\/25\/populacao-de-joao-pessoa-vai-ter-todas-as-73-linhas-de-onibus-a-disposicao-no-2o-turno.ghtml"},"modified":"2022-10-25T14:44:20","modified_gmt":"2022-10-25T17:44:20","slug":"populacao-de-joao-pessoa-vai-ter-todas-as-73-linhas-de-onibus-a-disposicao-no-2o-turno","status":"publish","type":"post","link":"https:\/\/sindaopcpb.org.br\/index.php\/2022\/10\/25\/populacao-de-joao-pessoa-vai-ter-todas-as-73-linhas-de-onibus-a-disposicao-no-2o-turno\/","title":{"rendered":"Popula\u00e7\u00e3o de Jo\u00e3o Pessoa vai ter todas as 73 linhas de \u00f4nibus a disposi\u00e7\u00e3o no 2\u00ba turno"},"content":{"rendered":"   <img src=\"https:\/\/s2.glbimg.com\/njE68pS1Pv-nQl5zChIPGYFSJIU=\/i.s3.glbimg.com\/v1\/AUTH_59edd422c0c84a879bd37670ae4f538a\/internal_photos\/bs\/2021\/D\/n\/nG0qKXQYqAXajei2wBCw\/pmjp-onibus.jpg\" \/><br \/>   Passagens ser\u00e3o gratuitas das 6h \u00e0s 20h. \u00d4nibus em Jo\u00e3o Pessoa vai ter tarifa gratuita\nSecom\/PMJP\nA Superintend\u00eancia Executiva de Mobilidade Urbana de Jo\u00e3o Pessoa (Semob-JP) divulgou nesta ter\u00e7a-feira (25) o esquema especial de \u00f4nibus para o pr\u00f3ximo domingo (30), quando ser\u00e1 realizado o segundo turno das elei\u00e7\u00f5es 2022. Para dar assist\u00eancia ao p\u00fablico votante, todas as 73 linhas que circulam em dias \u00fateis tamb\u00e9m estar\u00e3o em opera\u00e7\u00e3o no dia do pleito. \nEntre 6h e 20h, as passagens ser\u00e3o gratuitas. E justo por causa disso a expectativa \u00e9 de que o n\u00famero de passageiros aumente. Assim, as linhas 3200, 1500, 5100, 401, 504 e 523 ser\u00e3o refor\u00e7adas com um total de 60 viagens a mais do que o habitual. Ser\u00e3o ao todo 1.100 viagens.\nRegras\nPara ter acesso ao passe gratuito, o embarque deve ser feito pela porta da frente do ve\u00edculo e o usu\u00e1rio deve utilizar o Cart\u00e3o Cidad\u00e3o Passe Legal. Caso n\u00e3o tenha o cart\u00e3o, o usu\u00e1rio ter\u00e1 a catraca liberada para entrada apresentando o T\u00edtulo de Eleitor ou aplicativo e-t\u00edtulo.\nAl\u00e9m da opera\u00e7\u00e3o do transporte p\u00fablico, o \u00f3rg\u00e3o de tr\u00e2nsito tamb\u00e9m elaborou o plano operacional com atua\u00e7\u00e3o de 80 agentes de mobilidade em torno dos pontos onde h\u00e1 expectativa de maior movimenta\u00e7\u00e3o ao longo do dia de vota\u00e7\u00e3o, bem como durante a apura\u00e7\u00e3o, no in\u00edcio da noite.\nPontos de interdi\u00e7\u00e3o no tr\u00e2nsito de Jo\u00e3o Pessoa nas Elei\u00e7\u00f5es 2022\nF\u00f3rum Eleitoral \u2013 haver\u00e1 o isolamento total da Rua Professor Batista Leite. Na Rua Deputado Odon Bezerra, haver\u00e1 isolamento das vagas de estacionamento localizadas entre a Funda\u00e7\u00e3o de Atendimento Comunit\u00e1rio (FAC) e a Secretaria Municipal de Turismo (Setur), direcionando o uso para ve\u00edculos do TRE\nTRE-PB \u2013 haver\u00e1 a interdi\u00e7\u00e3o da Avenida Princesa Isabel com a Avenida Monsenhor Walfredo Leal. Na Avenida Pedro I, a faixa da esquerda estar\u00e1 isolada e a da direita estar\u00e1 livre para circula\u00e7\u00e3o\nIFPB \u2013 ser\u00e1 bloqueada a Avenida Primeiro de Maio, no trecho entre as ruas Generino Maciel e Carmelo Rufo\nCol\u00e9gio Papa Paulo VI \u2013 ser\u00e1 bloqueado o trecho da Avenida Jos\u00e9 Tavares, localizado entre as avenidas Cruz das Armas, Centen\u00e1rio e Benjamim Lira.\nCol\u00e9gio Ol\u00edvio Ribeiro Campos \u2013 ser\u00e1 implantada m\u00e3o \u00fanica de circula\u00e7\u00e3o na Rua Esmeraldo Gomes Vieira\nCol\u00e9gio ECIT Prof. Ol\u00edvio Pinto \u2013 ser\u00e1 implantada m\u00e3o \u00fanica de circula\u00e7\u00e3o na Rua Ulisses Alves Pequeno\nEEEIEF Professora Maria Bronzeado Machado \u2013 ser\u00e1 implantada m\u00e3o \u00fanica de circula\u00e7\u00e3o na Rua Adauto Dantas\nEMEIEF David Trindade \u2013 ser\u00e1 implantada m\u00e3o \u00fanica de circula\u00e7\u00e3o na Rua Jos\u00e9 Mendon\u00e7a de Ara\u00fajo e na Rua Roseane de F\u00e1tima Clemente\nEscola Cenecista Jo\u00e3o R\u00e9gis Amorim \u2013 ser\u00e1 implantada m\u00e3o \u00fanica de circula\u00e7\u00e3o na Rua Adauto Toledo e Rua Professora Odete da Silveira\nV\u00eddeos mais assistidos da Para\u00edba ","protected":false},"excerpt":{"rendered":"<p>      Passagens ser\u00e3o gratuitas das 6h \u00e0s 20h. \u00d4nibus em Jo\u00e3o Pessoa vai ter tarifa gratuita<br \/>\nSecom\/PMJP<br \/>\nA Superintend\u00eancia Executiva de Mobilidade Urbana de Jo\u00e3o Pessoa (Semob-JP) divulgou nesta ter\u00e7a-feira (25) o esquema especial de \u00f4nibus para o pr\u00f3x&#8230;<\/p>\n","protected":false},"author":2,"featured_media":0,"comment_status":"closed","ping_status":"closed","sticky":false,"template":"","format":"standard","meta":{"advgb_blocks_editor_width":"","advgb_blocks_columns_visual_guide":"","footnotes":""},"categories":[34],"tags":[35],"class_list":["post-5541","post","type-post","status-publish","format-standard","hentry","category-g1","tag-g1"],"author_meta":{"display_name":"g1 &gt; Para\u00edba","author_link":"https:\/\/sindaopcpb.org.br\/author\/g1-paraiba\/"},"featured_img":null,"coauthors":[],"tax_additional":{"categories":{"linked":["<a href=\"https:\/\/sindaopcpb.org.br\/g1\/\" class=\"advgb-post-tax-term\">G1<\/a>"],"unlinked":["<span class=\"advgb-post-tax-term\">G1<\/span>"]},"tags":{"linked":["<a href=\"https:\/\/sindaopcpb.org.br\/g1\/\" class=\"advgb-post-tax-term\">g1<\/a>"],"unlinked":["<span class=\"advgb-post-tax-term\">g1<\/span>"]}},"comment_count":"0","relative_dates":{"created":"Publicado 4 anos atr\u00e1s","modified":"Atualizado 4 anos atr\u00e1s"},"absolute_dates":{"created":"Publicado em 25 de outubro de 2022","modified":"Atualizado em 25 de outubro de 2022"},"absolute_dates_time":{"created":"Publicado em 25 de outubro de 2022 14:44","modified":"Atualizado em 25 de outubro de 2022 14:44"},"featured_img_caption":"","series_order":"","_links":{"self":[{"href":"https:\/\/sindaopcpb.org.br\/index.php\/wp-json\/wp\/v2\/posts\/5541","targetHints":{"allow":["GET"]}}],"collection":[{"href":"https:\/\/sindaopcpb.org.br\/index.php\/wp-json\/wp\/v2\/posts"}],"about":[{"href":"https:\/\/sindaopcpb.org.br\/index.php\/wp-json\/wp\/v2\/types\/post"}],"author":[{"embeddable":true,"href":"https:\/\/sindaopcpb.org.br\/index.php\/wp-json\/wp\/v2\/users\/2"}],"replies":[{"embeddable":true,"href":"https:\/\/sindaopcpb.org.br\/index.php\/wp-json\/wp\/v2\/comments?post=5541"}],"version-history":[{"count":1,"href":"https:\/\/sindaopcpb.org.br\/index.php\/wp-json\/wp\/v2\/posts\/5541\/revisions"}],"predecessor-version":[{"id":5542,"href":"https:\/\/sindaopcpb.org.br\/index.php\/wp-json\/wp\/v2\/posts\/5541\/revisions\/5542"}],"wp:attachment":[{"href":"https:\/\/sindaopcpb.org.br\/index.php\/wp-json\/wp\/v2\/media?parent=5541"}],"wp:term":[{"taxonomy":"category","embeddable":true,"href":"https:\/\/sindaopcpb.org.br\/index.php\/wp-json\/wp\/v2\/categories?post=5541"},{"taxonomy":"post_tag","embeddable":true,"href":"https:\/\/sindaopcpb.org.br\/index.php\/wp-json\/wp\/v2\/tags?post=5541"}],"curies":[{"name":"wp","href":"https:\/\/api.w.org\/{rel}","templated":true}]}}