{"id":55135,"date":"2025-03-05T11:09:20","date_gmt":"2025-03-05T14:09:20","guid":{"rendered":"https:\/\/www.pbagora.com.br\/?p=889723"},"modified":"2025-03-05T14:09:20","modified_gmt":"2025-03-05T17:09:20","slug":"operacao-conjunta-em-jp-resulta-em-apreensao-de-drogas-e-prisao-de-suspeito-de-homicidio","status":"publish","type":"post","link":"https:\/\/sindaopcpb.org.br\/index.php\/2025\/03\/05\/operacao-conjunta-em-jp-resulta-em-apreensao-de-drogas-e-prisao-de-suspeito-de-homicidio\/","title":{"rendered":"Opera\u00e7\u00e3o conjunta em JP resulta em apreens\u00e3o de drogas e pris\u00e3o de suspeito de homic\u00eddio"},"content":{"rendered":"<p><img width=\"683\" height=\"388\" src=\"https:\/\/pbagora.s3.amazonaws.com\/20210112143234\/civil-e-militar.jpg\" class=\"attachment-large size-large wp-post-image\" alt=\"\" style=\"margin-bottom: 20px;\" decoding=\"async\" loading=\"lazy\" \/><\/p>\n<p>Uma opera\u00e7\u00e3o conjunta entre a Pol\u00edcia Civil, Pol\u00edcia Militar, Draco, GOI, Desarme e Guarda Civil Metropolitana resultou na apreens\u00e3o de 80 tabletes de maconha e 1,4 kg de crack, na tarde de ontem (04), no bairro Valentina, em Jo\u00e3o Pessoa. Durante a a\u00e7\u00e3o, um homem foi preso, sendo alvo de um mandado de pris\u00e3o por homic\u00eddio expedido pela Justi\u00e7a de Patos, no Sert\u00e3o da Para\u00edba.<\/p>\n\n\n\n<p>De acordo com o delegado Rafael Bian, a investiga\u00e7\u00e3o revelou que o suspeito era respons\u00e1vel pelo recebimento e distribui\u00e7\u00e3o de drogas provenientes do Sert\u00e3o para a capital. A movimenta\u00e7\u00e3o criminosa aumentou nos dias que antecederam o Carnaval, o que levou as for\u00e7as de seguran\u00e7a a intensificar o monitoramento na regi\u00e3o. A opera\u00e7\u00e3o culminou na apreens\u00e3o dos entorpecentes armazenados em tabletes dentro da resid\u00eancia do suspeito.<\/p>\n\n\n\n<p>Al\u00e9m da apreens\u00e3o das drogas, o homem tamb\u00e9m foi preso por tr\u00e1fico de drogas. Ele, que estava foragido desde 2014, responder\u00e1 tamb\u00e9m pelo homic\u00eddio cometido em Patos. Ap\u00f3s a pris\u00e3o, o suspeito foi encaminhado para audi\u00eancia de cust\u00f3dia, marcada para esta quarta-feira (06), no F\u00f3rum de Jo\u00e3o Pessoa.<\/p>\n\n\n\n<p><strong><em>PB Agora<\/em><\/strong><\/p>\n\n\n\n<p><\/p>\n","protected":false},"excerpt":{"rendered":"<p><img loading=\"lazy\" decoding=\"async\" width=\"683\" height=\"388\" src=\"https:\/\/pbagora.s3.amazonaws.com\/20210112143234\/civil-e-militar.jpg\" class=\"attachment-large size-large wp-post-image\" alt=\"\"><\/p>\n<p>Uma opera\u00e7\u00e3o conjunta entre a Pol\u00edcia Civil, Pol\u00edcia Militar, Draco, GOI, Desarme e Guarda Civil Metropolitana resultou na\u2026<\/p>\n","protected":false},"author":123457,"featured_media":0,"comment_status":"closed","ping_status":"closed","sticky":false,"template":"","format":"standard","meta":{"advgb_blocks_editor_width":"","advgb_blocks_columns_visual_guide":"","footnotes":""},"categories":[34],"tags":[10852,35,10839],"class_list":["post-55135","post","type-post","status-publish","format-standard","hentry","category-g1","tag-destaque-final-01","tag-g1","tag-policial"],"author_meta":{"display_name":"Reda\u00e7\u00e3o","author_link":"https:\/\/sindaopcpb.org.br\/author\/redacao\/"},"featured_img":null,"coauthors":[],"tax_additional":{"categories":{"linked":["<a href=\"https:\/\/sindaopcpb.org.br\/g1\/\" class=\"advgb-post-tax-term\">G1<\/a>"],"unlinked":["<span class=\"advgb-post-tax-term\">G1<\/span>"]},"tags":{"linked":["<a href=\"https:\/\/sindaopcpb.org.br\/g1\/\" class=\"advgb-post-tax-term\">Destaque Final 01<\/a>","<a href=\"https:\/\/sindaopcpb.org.br\/g1\/\" class=\"advgb-post-tax-term\">g1<\/a>","<a href=\"https:\/\/sindaopcpb.org.br\/g1\/\" class=\"advgb-post-tax-term\">Policial<\/a>"],"unlinked":["<span class=\"advgb-post-tax-term\">Destaque Final 01<\/span>","<span class=\"advgb-post-tax-term\">g1<\/span>","<span class=\"advgb-post-tax-term\">Policial<\/span>"]}},"comment_count":"0","relative_dates":{"created":"Publicado 1 ano atr\u00e1s","modified":"Atualizado 1 ano atr\u00e1s"},"absolute_dates":{"created":"Publicado em 5 de mar\u00e7o de 2025","modified":"Atualizado em 5 de mar\u00e7o de 2025"},"absolute_dates_time":{"created":"Publicado em 5 de mar\u00e7o de 2025 11:09","modified":"Atualizado em 5 de mar\u00e7o de 2025 14:09"},"featured_img_caption":"","series_order":"","_links":{"self":[{"href":"https:\/\/sindaopcpb.org.br\/index.php\/wp-json\/wp\/v2\/posts\/55135","targetHints":{"allow":["GET"]}}],"collection":[{"href":"https:\/\/sindaopcpb.org.br\/index.php\/wp-json\/wp\/v2\/posts"}],"about":[{"href":"https:\/\/sindaopcpb.org.br\/index.php\/wp-json\/wp\/v2\/types\/post"}],"author":[{"embeddable":true,"href":"https:\/\/sindaopcpb.org.br\/index.php\/wp-json\/wp\/v2\/users\/123457"}],"replies":[{"embeddable":true,"href":"https:\/\/sindaopcpb.org.br\/index.php\/wp-json\/wp\/v2\/comments?post=55135"}],"version-history":[{"count":2,"href":"https:\/\/sindaopcpb.org.br\/index.php\/wp-json\/wp\/v2\/posts\/55135\/revisions"}],"predecessor-version":[{"id":55143,"href":"https:\/\/sindaopcpb.org.br\/index.php\/wp-json\/wp\/v2\/posts\/55135\/revisions\/55143"}],"wp:attachment":[{"href":"https:\/\/sindaopcpb.org.br\/index.php\/wp-json\/wp\/v2\/media?parent=55135"}],"wp:term":[{"taxonomy":"category","embeddable":true,"href":"https:\/\/sindaopcpb.org.br\/index.php\/wp-json\/wp\/v2\/categories?post=55135"},{"taxonomy":"post_tag","embeddable":true,"href":"https:\/\/sindaopcpb.org.br\/index.php\/wp-json\/wp\/v2\/tags?post=55135"}],"curies":[{"name":"wp","href":"https:\/\/api.w.org\/{rel}","templated":true}]}}