{"id":5502,"date":"2022-10-24T16:39:04","date_gmt":"2022-10-24T19:39:04","guid":{"rendered":"https:\/\/g1.globo.com\/pb\/paraiba\/noticia\/2022\/10\/24\/paraiba-tem-quase-100percent-do-publico-alvo-vacinado-no-dia-nacional-de-combate-a-poliomielite.ghtml"},"modified":"2022-10-24T16:39:04","modified_gmt":"2022-10-24T19:39:04","slug":"paraiba-tem-quase-100-do-publico-alvo-vacinado-no-dia-nacional-de-combate-a-poliomielite","status":"publish","type":"post","link":"https:\/\/sindaopcpb.org.br\/index.php\/2022\/10\/24\/paraiba-tem-quase-100-do-publico-alvo-vacinado-no-dia-nacional-de-combate-a-poliomielite\/","title":{"rendered":"Para\u00edba tem quase 100% do p\u00fablico-alvo vacinado no dia nacional de combate \u00e0 Poliomielite"},"content":{"rendered":"   <img src=\"https:\/\/s2.glbimg.com\/HDYZ3pMAxoWXeNpysVc9fa6iG18=\/i.s3.glbimg.com\/v1\/AUTH_59edd422c0c84a879bd37670ae4f538a\/internal_photos\/bs\/2022\/H\/g\/pDZEBoQXO54nfk2O2ztw\/sms-dia-d-vacinacao-foto-kleide-teixeira-05-1024x683-1.jpg\" \/><br \/>   Estado tem 99,6% do p\u00fablico-alvo vacinado contra a doen\u00e7a, e \u00e9 o primeiro no ranking de cobertura em territ\u00f3rio nacional, na frente do Amap\u00e1, com 95,6%. Vacina\u00e7\u00e3o contra poliomielite em Jo\u00e3o Pessoa\nKleide Teixeira\/SMS Jo\u00e3o Pessoa\nA Para\u00edba \u00e9 o estado com maior cobertura vacinal contra a Poliomielite no Brasil, com cerca de 99,6%, seguido pelo Amap\u00e1, com 95,6% das crian\u00e7as menores de cinco anos vacinadas contra a doen\u00e7a. Os dois s\u00e3o os \u00fanicos estados de todo o Brasil a cumprirem a meta de 95% do p\u00fablico-alvo imunizado, estabelecido pelo Minist\u00e9rio da Sa\u00fade.\nLEIA TAMB\u00c9M:\n\u00daltimo brasileiro a ter p\u00f3lio vacina filho: \u2018v\u00edrus pode voltar\u2019\nPB \u00e9 1\u00ba estado a alcan\u00e7ar meta contra a poliomielite\nAt\u00e9 esta segunda-feira (24), que \u00e9 o dia nacional de combate a Poliomielite, cerca de 225 mil crian\u00e7as foram vacinadas na Para\u00edba, contando n\u00fameros desde o dia 8 de agosto, data de in\u00edcio da Campanha Nacional de Vacina\u00e7\u00e3o contra a doen\u00e7a. \nNa capital Jo\u00e3o Pessoa, os dados do Minist\u00e9rio da Sa\u00fade d\u00e3o conta de que 94,99% do p\u00fablico-alvo foi imunizado. Mas, em nota, a prefeitura da cidade ressaltou que os 95% j\u00e1 foram alcan\u00e7ados, o que torna a cidade a \u00fanica capital do pa\u00eds a atingir a meta. \nEm rela\u00e7\u00e3o a Campina Grande, o munic\u00edpio chegou aos 95,80% do p\u00fablico-alvo vacinado. \nDos 223 munic\u00edpios paraibanos, apenas 27 n\u00e3o alcan\u00e7aram a meta do Minist\u00e9rio da Sa\u00fade. A cidade de Imaculada, no Sert\u00e3o, com 70% das crian\u00e7as menores de cinco anos imunizadas, foi o local com menor cobertura vacinal no estado.\nCidades que n\u00e3o atingiram a meta de vacina\u00e7\u00e3o contra a poliomielite na PB:\nAlagoinha\nAmparo\nBa\u00eda da Trai\u00e7\u00e3o\nBom Sucesso\nCachoeira dos \u00ecndios\nCara\u00fabas\nCongo\nCubati\nCuit\u00e9\nCurral de Cima\nDami\u00e3o\nDesterro\nEmas\nImaculada\nLivramento\nM\u00e3e d\u2019\u00e1gua\nMato Grosso\nNova Floresta\nNova Palmeira\nPedra Lavrada\nQuixab\u00e1\nRiach\u00e3o\nSantana dos Garrotes\nS\u00e3o Jo\u00e3o do Tigre\nS\u00e3o Jos\u00e9 de Espinharas\nS\u00e3o Jos\u00e9 do Bonfim\nVista Serrana\nDados nacionais\nEm todo o pa\u00eds, 25% do p\u00fablico-alvo ainda precisa ser vacinado. Cerca de 11,5 milh\u00f5es de crian\u00e7as menores de cinco anos aptas a receber o imunizante j\u00e1 passaram por postos em todo o Brasil, o que representa uma cobertura de 70%, de acordo com o Minist\u00e9rio da Sa\u00fade. \nO Programa Nacional de Imuniza\u00e7\u00f5es (PNI) recomenda a vacina\u00e7\u00e3o de crian\u00e7as a partir de 2 meses at\u00e9 menores de 5 anos de idade. Conforme o Calend\u00e1rio Nacional de Vacina\u00e7\u00e3o, o esquema vacinal \u00e9 composto por tr\u00eas doses de Vacina Inativada de Poliomelite (VIP), administradas aos 2, 4 e 6 meses de idade, mais dois refor\u00e7os com a Vacinal Oral de Poliomelite (VOP), aos 15 meses e aos 4 anos de idade.\nO \u00faltimo caso da doen\u00e7a registrado em territ\u00f3rio brasileiro foi em 1989, na cidade de Sousa, no sert\u00e3o paraibano. \nA poliomielite, conhecida como paralisia infantil, \u00e9 uma situa\u00e7\u00e3o de sa\u00fade grave e incapacitante, segundo o Minist\u00e9rio, e a Campanha Nacional de imuniza\u00e7\u00e3o contra a doen\u00e7a segue at\u00e9 31 de outubro.  \nV\u00eddeos mais assistidos do g1 Para\u00edba ","protected":false},"excerpt":{"rendered":"<p>      Estado tem 99,6% do p\u00fablico-alvo vacinado contra a doen\u00e7a, e \u00e9 o primeiro no ranking de cobertura em territ\u00f3rio nacional, na frente do Amap\u00e1, com 95,6%. Vacina\u00e7\u00e3o contra poliomielite em Jo\u00e3o Pessoa<br \/>\nKleide Teixeira\/SMS Jo\u00e3o Pessoa<br \/>\nA Para\u00edba \u00e9 o es&#8230;<\/p>\n","protected":false},"author":2,"featured_media":0,"comment_status":"closed","ping_status":"closed","sticky":false,"template":"","format":"standard","meta":{"advgb_blocks_editor_width":"","advgb_blocks_columns_visual_guide":"","footnotes":""},"categories":[34],"tags":[35],"class_list":["post-5502","post","type-post","status-publish","format-standard","hentry","category-g1","tag-g1"],"author_meta":{"display_name":"g1 &gt; Para\u00edba","author_link":"https:\/\/sindaopcpb.org.br\/author\/g1-paraiba\/"},"featured_img":null,"coauthors":[],"tax_additional":{"categories":{"linked":["<a href=\"https:\/\/sindaopcpb.org.br\/g1\/\" class=\"advgb-post-tax-term\">G1<\/a>"],"unlinked":["<span class=\"advgb-post-tax-term\">G1<\/span>"]},"tags":{"linked":["<a href=\"https:\/\/sindaopcpb.org.br\/g1\/\" class=\"advgb-post-tax-term\">g1<\/a>"],"unlinked":["<span class=\"advgb-post-tax-term\">g1<\/span>"]}},"comment_count":"0","relative_dates":{"created":"Publicado 4 anos atr\u00e1s","modified":"Atualizado 4 anos atr\u00e1s"},"absolute_dates":{"created":"Publicado em 24 de outubro de 2022","modified":"Atualizado em 24 de outubro de 2022"},"absolute_dates_time":{"created":"Publicado em 24 de outubro de 2022 16:39","modified":"Atualizado em 24 de outubro de 2022 16:39"},"featured_img_caption":"","series_order":"","_links":{"self":[{"href":"https:\/\/sindaopcpb.org.br\/index.php\/wp-json\/wp\/v2\/posts\/5502","targetHints":{"allow":["GET"]}}],"collection":[{"href":"https:\/\/sindaopcpb.org.br\/index.php\/wp-json\/wp\/v2\/posts"}],"about":[{"href":"https:\/\/sindaopcpb.org.br\/index.php\/wp-json\/wp\/v2\/types\/post"}],"author":[{"embeddable":true,"href":"https:\/\/sindaopcpb.org.br\/index.php\/wp-json\/wp\/v2\/users\/2"}],"replies":[{"embeddable":true,"href":"https:\/\/sindaopcpb.org.br\/index.php\/wp-json\/wp\/v2\/comments?post=5502"}],"version-history":[{"count":1,"href":"https:\/\/sindaopcpb.org.br\/index.php\/wp-json\/wp\/v2\/posts\/5502\/revisions"}],"predecessor-version":[{"id":5503,"href":"https:\/\/sindaopcpb.org.br\/index.php\/wp-json\/wp\/v2\/posts\/5502\/revisions\/5503"}],"wp:attachment":[{"href":"https:\/\/sindaopcpb.org.br\/index.php\/wp-json\/wp\/v2\/media?parent=5502"}],"wp:term":[{"taxonomy":"category","embeddable":true,"href":"https:\/\/sindaopcpb.org.br\/index.php\/wp-json\/wp\/v2\/categories?post=5502"},{"taxonomy":"post_tag","embeddable":true,"href":"https:\/\/sindaopcpb.org.br\/index.php\/wp-json\/wp\/v2\/tags?post=5502"}],"curies":[{"name":"wp","href":"https:\/\/api.w.org\/{rel}","templated":true}]}}