{"id":54877,"date":"2025-02-24T14:45:39","date_gmt":"2025-02-24T17:45:39","guid":{"rendered":"https:\/\/www.pbagora.com.br\/?p=888591"},"modified":"2025-02-24T14:45:39","modified_gmt":"2025-02-24T17:45:39","slug":"prf-e-policia-civil-apreendem-80kg-de-cocaina-em-operacao-conjunta-no-sertao-da-paraiba","status":"publish","type":"post","link":"https:\/\/sindaopcpb.org.br\/index.php\/2025\/02\/24\/prf-e-policia-civil-apreendem-80kg-de-cocaina-em-operacao-conjunta-no-sertao-da-paraiba\/","title":{"rendered":"PRF e Pol\u00edcia Civil apreendem 80kg de coca\u00edna em opera\u00e7\u00e3o conjunta no Sert\u00e3o da Para\u00edba"},"content":{"rendered":"<p><img width=\"471\" height=\"358\" src=\"https:\/\/pbagora.s3.amazonaws.com\/2025\/02\/24142108\/Captura-de-tela-2025-02-24-142052.png\" class=\"attachment-large size-large wp-post-image\" alt=\"\" style=\"margin-bottom: 20px;\" decoding=\"async\" srcset=\"https:\/\/pbagora.s3.amazonaws.com\/2025\/02\/24142108\/Captura-de-tela-2025-02-24-142052.png 471w, https:\/\/pbagora.s3.amazonaws.com\/2025\/02\/24142108\/Captura-de-tela-2025-02-24-142052-300x228.png 300w, https:\/\/pbagora.s3.amazonaws.com\/2025\/02\/24142108\/Captura-de-tela-2025-02-24-142052-150x114.png 150w, https:\/\/pbagora.s3.amazonaws.com\/2025\/02\/24142108\/Captura-de-tela-2025-02-24-142052-380x289.png 380w, https:\/\/pbagora.s3.amazonaws.com\/2025\/02\/24142108\/Captura-de-tela-2025-02-24-142052-80x60.png 80w\" sizes=\"(max-width: 471px) 100vw, 471px\" \/><\/p>\n<p>A Pol\u00edcia Rodovi\u00e1ria Federal (PRF) em a\u00e7\u00e3o conjunta com a Pol\u00edcia Civil, atrav\u00e9s da Delegacia de Repress\u00e3o ao Crime Organizado \u2013 DRACO, tirou de circula\u00e7\u00e3o 80kg de coca\u00edna que abasteceria organiza\u00e7\u00e3o criminosa no sert\u00e3o paraibano.<\/p>\n\n\n\n<p>Policiais do Setor de Intelig\u00eancia da PRF por meio de troca de informa\u00e7\u00f5es com equipes da Pol\u00edcia Civil, possibilitaram a intercepta\u00e7\u00e3o de um caminh\u00e3o suspeito de estar transportando drogas do estado de S\u00e3o Paulo para o munic\u00edpio de Sousa, no sert\u00e3o paraibano. Diante das evid\u00eancias observadas, foram realizadas dilig\u00eancias para captura do ve\u00edculo.<\/p>\n\n\n\n<p>No in\u00edcio da noite do \u00faltimo domingo (23), no munic\u00edpio de S\u00e3o Jos\u00e9 de Piranhas-PB, o caminh\u00e3o que estava sendo monitorado pela PRF foi abordado pelas equipes policiais. Seguindo os protocolos de abordagem, foi realizada fiscaliza\u00e7\u00e3o no ve\u00edculo. Momento em que foram visualizadas diversas caixas. Diante da suspeita de serem il\u00edcitos no seu interior, as caixas foram abertas. Sendo observado conterem diversos tabletes envoltos em fita adesiva verde com um adesivo de identifica\u00e7\u00e3o do Tio Patinhas. Ficou constatado que o conte\u00fado era de subst\u00e2ncia an\u00e1loga \u00e0 coca\u00edna. Totalizando cerca de 80kG.<\/p>\n\n\n\n<p>O condutor, relatou haver pegado a droga no estado de S\u00e3o Paulo e iria entreg\u00e1-la em Sousa. O entorpecente abasteceria organiza\u00e7\u00e3o criminosa que opera no sert\u00e3o paraibano. Sendo assim, ele foi detido e poder\u00e1 responder criminalmente por tr\u00e1fico de drogas. O entorpecente foi encaminhado para as autoridades cab\u00edveis.<\/p>\n\n\n\n<p>A colabora\u00e7\u00e3o entre os setores de intelig\u00eancia da PRF e da Pol\u00edcia Civil representa um avan\u00e7o crucial no combate ao crime organizado. A troca constante de informa\u00e7\u00f5es e a coordena\u00e7\u00e3o de esfor\u00e7os permitem identificar e desarticular redes criminosas com maior efici\u00eancia, resultando em um aumento significativo da seguran\u00e7a para a sociedade. Essa sinergia n\u00e3o somente otimiza o uso de recursos, evitando a duplica\u00e7\u00e3o de investiga\u00e7\u00f5es e opera\u00e7\u00f5es, mas tamb\u00e9m se traduz em uma economia substancial para os cofres p\u00fablicos. A PRF segue incans\u00e1vel no combate ao crime, com um policiamento cada vez mais orientado por intelig\u00eancia.<\/p>\n","protected":false},"excerpt":{"rendered":"<p><img loading=\"lazy\" decoding=\"async\" width=\"471\" height=\"358\" src=\"https:\/\/pbagora.s3.amazonaws.com\/2025\/02\/24142108\/Captura-de-tela-2025-02-24-142052.png\" class=\"attachment-large size-large wp-post-image\" alt=\"\"><\/p>\n<p>A Pol\u00edcia Rodovi\u00e1ria Federal (PRF) em a\u00e7\u00e3o conjunta com a Pol\u00edcia Civil, atrav\u00e9s da Delegacia de Repress\u00e3o ao\u2026<\/p>\n","protected":false},"author":123457,"featured_media":0,"comment_status":"closed","ping_status":"closed","sticky":false,"template":"","format":"standard","meta":{"advgb_blocks_editor_width":"","advgb_blocks_columns_visual_guide":"","footnotes":""},"categories":[34],"tags":[10845,35,10839],"class_list":["post-54877","post","type-post","status-publish","format-standard","hentry","category-g1","tag-destaque-centro-01","tag-g1","tag-policial"],"author_meta":{"display_name":"Reda\u00e7\u00e3o","author_link":"https:\/\/sindaopcpb.org.br\/author\/redacao\/"},"featured_img":null,"coauthors":[],"tax_additional":{"categories":{"linked":["<a href=\"https:\/\/sindaopcpb.org.br\/g1\/\" class=\"advgb-post-tax-term\">G1<\/a>"],"unlinked":["<span class=\"advgb-post-tax-term\">G1<\/span>"]},"tags":{"linked":["<a href=\"https:\/\/sindaopcpb.org.br\/g1\/\" class=\"advgb-post-tax-term\">Destaque Centro 01<\/a>","<a href=\"https:\/\/sindaopcpb.org.br\/g1\/\" class=\"advgb-post-tax-term\">g1<\/a>","<a href=\"https:\/\/sindaopcpb.org.br\/g1\/\" class=\"advgb-post-tax-term\">Policial<\/a>"],"unlinked":["<span class=\"advgb-post-tax-term\">Destaque Centro 01<\/span>","<span class=\"advgb-post-tax-term\">g1<\/span>","<span class=\"advgb-post-tax-term\">Policial<\/span>"]}},"comment_count":"0","relative_dates":{"created":"Publicado 1 ano atr\u00e1s","modified":"Atualizado 1 ano atr\u00e1s"},"absolute_dates":{"created":"Publicado em 24 de fevereiro de 2025","modified":"Atualizado em 24 de fevereiro de 2025"},"absolute_dates_time":{"created":"Publicado em 24 de fevereiro de 2025 14:45","modified":"Atualizado em 24 de fevereiro de 2025 14:45"},"featured_img_caption":"","series_order":"","_links":{"self":[{"href":"https:\/\/sindaopcpb.org.br\/index.php\/wp-json\/wp\/v2\/posts\/54877","targetHints":{"allow":["GET"]}}],"collection":[{"href":"https:\/\/sindaopcpb.org.br\/index.php\/wp-json\/wp\/v2\/posts"}],"about":[{"href":"https:\/\/sindaopcpb.org.br\/index.php\/wp-json\/wp\/v2\/types\/post"}],"author":[{"embeddable":true,"href":"https:\/\/sindaopcpb.org.br\/index.php\/wp-json\/wp\/v2\/users\/123457"}],"replies":[{"embeddable":true,"href":"https:\/\/sindaopcpb.org.br\/index.php\/wp-json\/wp\/v2\/comments?post=54877"}],"version-history":[{"count":3,"href":"https:\/\/sindaopcpb.org.br\/index.php\/wp-json\/wp\/v2\/posts\/54877\/revisions"}],"predecessor-version":[{"id":54893,"href":"https:\/\/sindaopcpb.org.br\/index.php\/wp-json\/wp\/v2\/posts\/54877\/revisions\/54893"}],"wp:attachment":[{"href":"https:\/\/sindaopcpb.org.br\/index.php\/wp-json\/wp\/v2\/media?parent=54877"}],"wp:term":[{"taxonomy":"category","embeddable":true,"href":"https:\/\/sindaopcpb.org.br\/index.php\/wp-json\/wp\/v2\/categories?post=54877"},{"taxonomy":"post_tag","embeddable":true,"href":"https:\/\/sindaopcpb.org.br\/index.php\/wp-json\/wp\/v2\/tags?post=54877"}],"curies":[{"name":"wp","href":"https:\/\/api.w.org\/{rel}","templated":true}]}}