{"id":54847,"date":"2025-02-23T18:11:35","date_gmt":"2025-02-23T21:11:35","guid":{"rendered":"https:\/\/www.pbagora.com.br\/?p=888450"},"modified":"2025-02-23T18:11:35","modified_gmt":"2025-02-23T21:11:35","slug":"dupla-de-natal-que-roubava-celulares-no-pre-carnaval-em-jp-e-presa-e-oito-telefones-recuperados","status":"publish","type":"post","link":"https:\/\/sindaopcpb.org.br\/index.php\/2025\/02\/23\/dupla-de-natal-que-roubava-celulares-no-pre-carnaval-em-jp-e-presa-e-oito-telefones-recuperados\/","title":{"rendered":"Dupla de Natal que roubava celulares no pr\u00e9-carnaval em JP \u00e9 presa e oito telefones recuperados"},"content":{"rendered":"<p><img width=\"576\" height=\"1024\" src=\"https:\/\/pbagora.s3.amazonaws.com\/2025\/02\/23181110\/celulares-576x1024.jpg\" class=\"attachment-large size-large wp-post-image\" alt=\"\" style=\"margin-bottom: 20px;\" decoding=\"async\" srcset=\"https:\/\/pbagora.s3.amazonaws.com\/2025\/02\/23181110\/celulares-576x1024.jpg 576w, https:\/\/pbagora.s3.amazonaws.com\/2025\/02\/23181110\/celulares-169x300.jpg 169w, https:\/\/pbagora.s3.amazonaws.com\/2025\/02\/23181110\/celulares-84x150.jpg 84w, https:\/\/pbagora.s3.amazonaws.com\/2025\/02\/23181110\/celulares-380x676.jpg 380w, https:\/\/pbagora.s3.amazonaws.com\/2025\/02\/23181110\/celulares-80x142.jpg 80w, https:\/\/pbagora.s3.amazonaws.com\/2025\/02\/23181110\/celulares-45x80.jpg 45w, https:\/\/pbagora.s3.amazonaws.com\/2025\/02\/23181110\/celulares-338x600.jpg 338w, https:\/\/pbagora.s3.amazonaws.com\/2025\/02\/23181110\/celulares.jpg 720w\" sizes=\"(max-width: 576px) 100vw, 576px\" \/><\/p>\n<p>A Pol\u00edcia Civil da Para\u00edba prendeu nesse s\u00e1bado, 22 de fevereiro, dois criminosos que vieram de Natal (RN) para roubar aparelhos celulares em Jo\u00e3o Pessoa, durante os eventos de pr\u00e9-Carnaval. Denominada Opera\u00e7\u00e3o Conex\u00e3o Segura, a investiga\u00e7\u00e3o \u00e9 da 10\u00aa Delegacia Distrital e contou com o apoio da Unintelpol\/PCPB, Pol\u00edcia Civil do Rio Grande do Norte e Pol\u00edcia Rodovi\u00e1ria Federal.<\/p>\n\n\n\n<p>De acordo com o delegado Paulo Josaf\u00e1, os investigadores da 10\u00aa DD j\u00e1 monitoravam o grupo h\u00e1 alguns dias, ap\u00f3s o registro de boletins de ocorr\u00eancia feito por v\u00edtimas de furto\/roubo de celulares em Jo\u00e3o Pessoa.<\/p>\n\n\n\n<p>\u201cNossas equipes descobriram quem eram as pessoas que estavam cometendo esses crimes e passaram a investig\u00e1-las. Nesse s\u00e1bado, quando a dupla de criminosos retornou a Jo\u00e3o Pessoa para cometer novos crimes, foram surpreendidos por nossos policiais, que deram voz de pris\u00e3o em flagrante aos criminosos\u201d, disse o delegado.<\/p>\n\n\n\n<p>Durante as dilig\u00eancias, os policiais apreenderam oito aparelhos celulares, a maioria Iphone. Os propriet\u00e1rios dos telefones j\u00e1 est\u00e3o sendo comunicados da recupera\u00e7\u00e3o dos bens para receb\u00ea-los na delegacia.<\/p>\n\n\n\n<p>10\u00aa DD \u2013 Tamba\u00fa<\/p>\n\n\n\n<p>O superintendente da Pol\u00edcia Civil na regi\u00e3o da grande Jo\u00e3o Pessoa, Cristiano Santana, informou que, com o refor\u00e7o do efetivo policial na PCPB ap\u00f3s o concurso de 2021, a institui\u00e7\u00e3o vem realizando opera\u00e7\u00f5es n\u00e3o apenas no \u00e2mbito das Delegacias Especializadas, mas tamb\u00e9m na esfera das Delegacias Distritais.<\/p>\n\n\n\n<p>\u201cA oxigena\u00e7\u00e3o no quadro de servidores \u00e9 essencial n\u00e3o apenas nas for\u00e7as de seguran\u00e7a, mas em qualquer segmento profissional da sociedade. No caso da Pol\u00edcia Civil, a 10\u00aa Delegacia Distrital recebeu uma equipe de novos policiais extremamente capacitados, prontos e dispostos a contribuir com a seguran\u00e7a p\u00fablica da Para\u00edba. Isso \u00e9 gratificante para quem ama essa profiss\u00e3o e quer defender a sociedade dos grupos criminosos\u201d, elogiou o superintendente.<\/p>\n\n\n\n<p><strong><em>PB Agora<\/em><\/strong><\/p>\n","protected":false},"excerpt":{"rendered":"<p><img loading=\"lazy\" decoding=\"async\" width=\"576\" height=\"1024\" src=\"https:\/\/pbagora.s3.amazonaws.com\/2025\/02\/23181110\/celulares-576x1024.jpg\" class=\"attachment-large size-large wp-post-image\" alt=\"\"><\/p>\n<p>A Pol\u00edcia Civil da Para\u00edba prendeu nesse s\u00e1bado, 22 de fevereiro, dois criminosos que vieram de Natal (RN)\u2026<\/p>\n","protected":false},"author":123457,"featured_media":0,"comment_status":"closed","ping_status":"closed","sticky":false,"template":"","format":"standard","meta":{"advgb_blocks_editor_width":"","advgb_blocks_columns_visual_guide":"","footnotes":""},"categories":[34],"tags":[10845,35,10839],"class_list":["post-54847","post","type-post","status-publish","format-standard","hentry","category-g1","tag-destaque-centro-01","tag-g1","tag-policial"],"author_meta":{"display_name":"Reda\u00e7\u00e3o","author_link":"https:\/\/sindaopcpb.org.br\/author\/redacao\/"},"featured_img":null,"coauthors":[],"tax_additional":{"categories":{"linked":["<a href=\"https:\/\/sindaopcpb.org.br\/g1\/\" class=\"advgb-post-tax-term\">G1<\/a>"],"unlinked":["<span class=\"advgb-post-tax-term\">G1<\/span>"]},"tags":{"linked":["<a href=\"https:\/\/sindaopcpb.org.br\/g1\/\" class=\"advgb-post-tax-term\">Destaque Centro 01<\/a>","<a href=\"https:\/\/sindaopcpb.org.br\/g1\/\" class=\"advgb-post-tax-term\">g1<\/a>","<a href=\"https:\/\/sindaopcpb.org.br\/g1\/\" class=\"advgb-post-tax-term\">Policial<\/a>"],"unlinked":["<span class=\"advgb-post-tax-term\">Destaque Centro 01<\/span>","<span class=\"advgb-post-tax-term\">g1<\/span>","<span class=\"advgb-post-tax-term\">Policial<\/span>"]}},"comment_count":"0","relative_dates":{"created":"Publicado 1 ano atr\u00e1s","modified":"Atualizado 1 ano atr\u00e1s"},"absolute_dates":{"created":"Publicado em 23 de fevereiro de 2025","modified":"Atualizado em 23 de fevereiro de 2025"},"absolute_dates_time":{"created":"Publicado em 23 de fevereiro de 2025 18:11","modified":"Atualizado em 23 de fevereiro de 2025 18:11"},"featured_img_caption":"","series_order":"","_links":{"self":[{"href":"https:\/\/sindaopcpb.org.br\/index.php\/wp-json\/wp\/v2\/posts\/54847","targetHints":{"allow":["GET"]}}],"collection":[{"href":"https:\/\/sindaopcpb.org.br\/index.php\/wp-json\/wp\/v2\/posts"}],"about":[{"href":"https:\/\/sindaopcpb.org.br\/index.php\/wp-json\/wp\/v2\/types\/post"}],"author":[{"embeddable":true,"href":"https:\/\/sindaopcpb.org.br\/index.php\/wp-json\/wp\/v2\/users\/123457"}],"replies":[{"embeddable":true,"href":"https:\/\/sindaopcpb.org.br\/index.php\/wp-json\/wp\/v2\/comments?post=54847"}],"version-history":[{"count":3,"href":"https:\/\/sindaopcpb.org.br\/index.php\/wp-json\/wp\/v2\/posts\/54847\/revisions"}],"predecessor-version":[{"id":54862,"href":"https:\/\/sindaopcpb.org.br\/index.php\/wp-json\/wp\/v2\/posts\/54847\/revisions\/54862"}],"wp:attachment":[{"href":"https:\/\/sindaopcpb.org.br\/index.php\/wp-json\/wp\/v2\/media?parent=54847"}],"wp:term":[{"taxonomy":"category","embeddable":true,"href":"https:\/\/sindaopcpb.org.br\/index.php\/wp-json\/wp\/v2\/categories?post=54847"},{"taxonomy":"post_tag","embeddable":true,"href":"https:\/\/sindaopcpb.org.br\/index.php\/wp-json\/wp\/v2\/tags?post=54847"}],"curies":[{"name":"wp","href":"https:\/\/api.w.org\/{rel}","templated":true}]}}