{"id":54751,"date":"2025-02-20T11:00:49","date_gmt":"2025-02-20T14:00:49","guid":{"rendered":"https:\/\/www.pbagora.com.br\/?p=888025"},"modified":"2025-02-20T11:00:49","modified_gmt":"2025-02-20T14:00:49","slug":"policia-civil-realiza-prisao-de-suspeito-de-praticar-roubo-no-bairro-costa-e-silva-em-joao-pessoa","status":"publish","type":"post","link":"https:\/\/sindaopcpb.org.br\/index.php\/2025\/02\/20\/policia-civil-realiza-prisao-de-suspeito-de-praticar-roubo-no-bairro-costa-e-silva-em-joao-pessoa\/","title":{"rendered":"Pol\u00edcia Civil realiza pris\u00e3o de suspeito de praticar roubo no bairro Costa e Silva em Jo\u00e3o Pessoa"},"content":{"rendered":"<p><img width=\"683\" height=\"386\" src=\"https:\/\/pbagora.s3.amazonaws.com\/2023\/04\/27073301\/csm_Policia-Civil-PB-1-683x386-1_f8a3fdc277.jpg\" class=\"attachment-large size-large wp-post-image\" alt=\"\" style=\"margin-bottom: 20px;\" decoding=\"async\" loading=\"lazy\" srcset=\"https:\/\/pbagora.s3.amazonaws.com\/2023\/04\/27073301\/csm_Policia-Civil-PB-1-683x386-1_f8a3fdc277.jpg 683w, https:\/\/pbagora.s3.amazonaws.com\/2023\/04\/27073301\/csm_Policia-Civil-PB-1-683x386-1_f8a3fdc277-300x170.jpg 300w, https:\/\/pbagora.s3.amazonaws.com\/2023\/04\/27073301\/csm_Policia-Civil-PB-1-683x386-1_f8a3fdc277-150x85.jpg 150w, https:\/\/pbagora.s3.amazonaws.com\/2023\/04\/27073301\/csm_Policia-Civil-PB-1-683x386-1_f8a3fdc277-380x215.jpg 380w, https:\/\/pbagora.s3.amazonaws.com\/2023\/04\/27073301\/csm_Policia-Civil-PB-1-683x386-1_f8a3fdc277-80x46.jpg 80w, https:\/\/pbagora.s3.amazonaws.com\/2023\/04\/27073301\/csm_Policia-Civil-PB-1-683x386-1_f8a3fdc277-600x339.jpg 600w\" sizes=\"auto, (max-width: 683px) 100vw, 683px\" \/><\/p>\n<p>A Pol\u00edcia Civil da Para\u00edba, por meio da 4\u00aa Delegacia Distrital da Capital (DDC), realizou o cumprimento de um mandado de pris\u00e3o preventiva contra um homem de 25 anos, acusado de praticar o crime de roubo majorado, no bairro Costa e Silva, em Jo\u00e3o Pessoa. A captura do indiv\u00edduo aconteceu na manh\u00e3 dessa quarta-feira (19).<\/p>\n\n\n\n<p>O crime aconteceu no dia 26 de janeiro de 2025, pr\u00f3ximo \u00e0 BR-101, no bairro Costa e Silva. O suspeito foi flagrado por c\u00e2meras de seguran\u00e7a parando uma motocicleta pr\u00f3ximo \u00e0 cal\u00e7ada, abordando as v\u00edtimas com uma pistola, e subtraindo o celular de uma delas. Em seguida, o indiv\u00edduo fugiu com o aux\u00edlio de outro homem. Al\u00e9m das imagens, as v\u00edtimas do crime tamb\u00e9m reconheceram o suspeito.<\/p>\n\n\n\n<p>A investiga\u00e7\u00e3o foi desenvolvida a partir da pris\u00e3o do homem que prestou apoio ao acusado. A Pol\u00edcia Rodovi\u00e1ria Federal (PRF) realizou a captura do comparsa e, a partir de novas dilig\u00eancias, foi poss\u00edvel representar pela pris\u00e3o preventiva do autor do roubo.<\/p>\n\n\n\n<p>O preso j\u00e1 estava cumprindo pena de presta\u00e7\u00e3o de servi\u00e7os \u00e0 comunidade, em consequ\u00eancia de outra condena\u00e7\u00e3o. Durante o interrogat\u00f3rio na 4\u00aa DDC, o homem confessou o crime. Ele foi encaminhado \u00e0 Cidade da Pol\u00edcia Civil de Jo\u00e3o Pessoa e encontra-se \u00e0 disposi\u00e7\u00e3o da Justi\u00e7a.<\/p>\n\n\n\n<p><strong><em>PB Agora<\/em><\/strong><\/p>\n","protected":false},"excerpt":{"rendered":"<p><img decoding=\"async\" width=\"683\" height=\"386\" src=\"https:\/\/pbagora.s3.amazonaws.com\/2023\/04\/27073301\/csm_Policia-Civil-PB-1-683x386-1_f8a3fdc277.jpg\" class=\"attachment-large size-large wp-post-image\" alt=\"\" loading=\"lazy\"><\/p>\n<p>A Pol\u00edcia Civil da Para\u00edba, por meio da 4\u00aa Delegacia Distrital da Capital (DDC), realizou o cumprimento de\u2026<\/p>\n","protected":false},"author":123457,"featured_media":0,"comment_status":"closed","ping_status":"closed","sticky":false,"template":"","format":"standard","meta":{"advgb_blocks_editor_width":"","advgb_blocks_columns_visual_guide":"","footnotes":""},"categories":[34],"tags":[10840,35,10839],"class_list":["post-54751","post","type-post","status-publish","format-standard","hentry","category-g1","tag-destaque-centro-03","tag-g1","tag-policial"],"author_meta":{"display_name":"Reda\u00e7\u00e3o","author_link":"https:\/\/sindaopcpb.org.br\/author\/redacao\/"},"featured_img":null,"coauthors":[],"tax_additional":{"categories":{"linked":["<a href=\"https:\/\/sindaopcpb.org.br\/g1\/\" class=\"advgb-post-tax-term\">G1<\/a>"],"unlinked":["<span class=\"advgb-post-tax-term\">G1<\/span>"]},"tags":{"linked":["<a href=\"https:\/\/sindaopcpb.org.br\/g1\/\" class=\"advgb-post-tax-term\">Destaque Centro 03<\/a>","<a href=\"https:\/\/sindaopcpb.org.br\/g1\/\" class=\"advgb-post-tax-term\">g1<\/a>","<a href=\"https:\/\/sindaopcpb.org.br\/g1\/\" class=\"advgb-post-tax-term\">Policial<\/a>"],"unlinked":["<span class=\"advgb-post-tax-term\">Destaque Centro 03<\/span>","<span class=\"advgb-post-tax-term\">g1<\/span>","<span class=\"advgb-post-tax-term\">Policial<\/span>"]}},"comment_count":"0","relative_dates":{"created":"Publicado 1 ano atr\u00e1s","modified":"Atualizado 1 ano atr\u00e1s"},"absolute_dates":{"created":"Publicado em 20 de fevereiro de 2025","modified":"Atualizado em 20 de fevereiro de 2025"},"absolute_dates_time":{"created":"Publicado em 20 de fevereiro de 2025 11:00","modified":"Atualizado em 20 de fevereiro de 2025 11:00"},"featured_img_caption":"","series_order":"","_links":{"self":[{"href":"https:\/\/sindaopcpb.org.br\/index.php\/wp-json\/wp\/v2\/posts\/54751","targetHints":{"allow":["GET"]}}],"collection":[{"href":"https:\/\/sindaopcpb.org.br\/index.php\/wp-json\/wp\/v2\/posts"}],"about":[{"href":"https:\/\/sindaopcpb.org.br\/index.php\/wp-json\/wp\/v2\/types\/post"}],"author":[{"embeddable":true,"href":"https:\/\/sindaopcpb.org.br\/index.php\/wp-json\/wp\/v2\/users\/123457"}],"replies":[{"embeddable":true,"href":"https:\/\/sindaopcpb.org.br\/index.php\/wp-json\/wp\/v2\/comments?post=54751"}],"version-history":[{"count":1,"href":"https:\/\/sindaopcpb.org.br\/index.php\/wp-json\/wp\/v2\/posts\/54751\/revisions"}],"predecessor-version":[{"id":54752,"href":"https:\/\/sindaopcpb.org.br\/index.php\/wp-json\/wp\/v2\/posts\/54751\/revisions\/54752"}],"wp:attachment":[{"href":"https:\/\/sindaopcpb.org.br\/index.php\/wp-json\/wp\/v2\/media?parent=54751"}],"wp:term":[{"taxonomy":"category","embeddable":true,"href":"https:\/\/sindaopcpb.org.br\/index.php\/wp-json\/wp\/v2\/categories?post=54751"},{"taxonomy":"post_tag","embeddable":true,"href":"https:\/\/sindaopcpb.org.br\/index.php\/wp-json\/wp\/v2\/tags?post=54751"}],"curies":[{"name":"wp","href":"https:\/\/api.w.org\/{rel}","templated":true}]}}