{"id":54566,"date":"2025-02-14T10:45:11","date_gmt":"2025-02-14T13:45:11","guid":{"rendered":"https:\/\/www.pbagora.com.br\/?p=887227"},"modified":"2025-02-14T10:45:11","modified_gmt":"2025-02-14T13:45:11","slug":"guarda-civil-metropolitana-de-joao-pessoa-define-esquema-de-seguranca-para-previas-carnavalescas","status":"publish","type":"post","link":"https:\/\/sindaopcpb.org.br\/index.php\/2025\/02\/14\/guarda-civil-metropolitana-de-joao-pessoa-define-esquema-de-seguranca-para-previas-carnavalescas\/","title":{"rendered":"Guarda Civil Metropolitana de Jo\u00e3o Pessoa define esquema de seguran\u00e7a para pr\u00e9vias carnavalescas"},"content":{"rendered":"<p><img width=\"1024\" height=\"576\" src=\"https:\/\/pbagora.s3.amazonaws.com\/2025\/02\/14103426\/f6dc2f55-f7cb-a159-158a-c31f9e723cba-1024x576.jpeg\" class=\"attachment-large size-large wp-post-image\" alt=\"\" style=\"margin-bottom: 20px;\" decoding=\"async\" loading=\"lazy\" srcset=\"https:\/\/pbagora.s3.amazonaws.com\/2025\/02\/14103426\/f6dc2f55-f7cb-a159-158a-c31f9e723cba-1024x576.jpeg 1024w, https:\/\/pbagora.s3.amazonaws.com\/2025\/02\/14103426\/f6dc2f55-f7cb-a159-158a-c31f9e723cba-300x169.jpeg 300w, https:\/\/pbagora.s3.amazonaws.com\/2025\/02\/14103426\/f6dc2f55-f7cb-a159-158a-c31f9e723cba-150x84.jpeg 150w, https:\/\/pbagora.s3.amazonaws.com\/2025\/02\/14103426\/f6dc2f55-f7cb-a159-158a-c31f9e723cba-768x432.jpeg 768w, https:\/\/pbagora.s3.amazonaws.com\/2025\/02\/14103426\/f6dc2f55-f7cb-a159-158a-c31f9e723cba-380x214.jpeg 380w, https:\/\/pbagora.s3.amazonaws.com\/2025\/02\/14103426\/f6dc2f55-f7cb-a159-158a-c31f9e723cba-800x450.jpeg 800w, https:\/\/pbagora.s3.amazonaws.com\/2025\/02\/14103426\/f6dc2f55-f7cb-a159-158a-c31f9e723cba-1160x653.jpeg 1160w, https:\/\/pbagora.s3.amazonaws.com\/2025\/02\/14103426\/f6dc2f55-f7cb-a159-158a-c31f9e723cba-80x46.jpeg 80w, https:\/\/pbagora.s3.amazonaws.com\/2025\/02\/14103426\/f6dc2f55-f7cb-a159-158a-c31f9e723cba-760x428.jpeg 760w, https:\/\/pbagora.s3.amazonaws.com\/2025\/02\/14103426\/f6dc2f55-f7cb-a159-158a-c31f9e723cba-600x338.jpeg 600w, https:\/\/pbagora.s3.amazonaws.com\/2025\/02\/14103426\/f6dc2f55-f7cb-a159-158a-c31f9e723cba.jpeg 1280w\" sizes=\"auto, (max-width: 1024px) 100vw, 1024px\" \/><\/p>\n<p>A Guarda Civil Metropolitana de Jo\u00e3o Pessoa conta com um esquema especial de seguran\u00e7a para a abertura dos shows da Via Folia, nesta sexta-feira (14). Para a noite de abertura, que vai contar com o show do cantor Bell Marques, a Secretaria de Seguran\u00e7a Urbana e Cidadania (Semusb) escalou mais de 100 guardas que atuar\u00e3o no policiamento preventivo, tanto na Avenida Epit\u00e1cio Pessoa quanto nas ruas do entorno da festa. Al\u00e9m disso, haver\u00e1 servidores trabalhando no setor de intelig\u00eancia, policiamento a\u00e9reo e no monitoramento atrav\u00e9s das c\u00e2meras.<\/p>\n\n\n\n<p>\u201cNossa Guarda Civil atua de forma coordenada com as demais For\u00e7as de Seguran\u00e7a do Estado. Todos juntos num s\u00f3 prop\u00f3sito, o de termos uma pr\u00e9via carnavalesca animada, saud\u00e1vel e, sobretudo, segura. Nossos mais de 100 servidores se reunir\u00e3o na tarde desta sexta-feira, na Base da Guarda, no bairro Tambi\u00e1, e seguiremos em comboio para a Avenida Epit\u00e1cio Pessoa, onde nos juntaremos as demais corpora\u00e7\u00f5es para integrarmos um organizado esquema de seguran\u00e7a voltado para o evento\u201d, afirmou Dudu Soares, secret\u00e1rio de Seguran\u00e7a Urbana e Cidadania da Capital.<\/p>\n\n\n\n<p>O esquema de seguran\u00e7a pensado para a pr\u00e9via carnavalesca conta ainda com monitoramento a\u00e9reo, realizado atrav\u00e9s dos drones, e com o \u00f4nibus de videomonitoramento, que j\u00e1 se encontra no corredor da folia. Al\u00e9m de um equipamento moderno de c\u00e2meras de monitoramento, o ve\u00edculo tamb\u00e9m funciona como base m\u00f3vel para reuni\u00f5es e tomada de decis\u00f5es.<\/p>\n\n\n\n<p>\u201cAl\u00e9m dos nossos drones e \u00f4nibus, ainda teremos guardas no Centro Integrado de Comando e Controle (CICC) auxiliando tamb\u00e9m no monitoramento, visto que temos c\u00e2meras durante todo o percurso da Avenida Epit\u00e1cio Pessoa\u201d, explicou o secret\u00e1rio.<\/p>\n\n\n\n<p>As equipes de policiamento preventivo tamb\u00e9m estar\u00e3o dando apoio as fiscaliza\u00e7\u00f5es de som automotivo na regi\u00e3o. Em caso de necessidade, a Guarda Civil Metropolitana de Jo\u00e3o Pessoa pode ser acionada atrav\u00e9s do Disque 153.<\/p>\n\n\n\n<p><strong><em>PB Agora<\/em><\/strong><\/p>\n","protected":false},"excerpt":{"rendered":"<p><img decoding=\"async\" width=\"1024\" height=\"576\" src=\"https:\/\/pbagora.s3.amazonaws.com\/2025\/02\/14103426\/f6dc2f55-f7cb-a159-158a-c31f9e723cba-1024x576.jpeg\" class=\"attachment-large size-large wp-post-image\" alt=\"\" loading=\"lazy\"><\/p>\n<p>A Guarda Civil Metropolitana de Jo\u00e3o Pessoa conta com um esquema especial de seguran\u00e7a para a abertura dos\u2026<\/p>\n","protected":false},"author":123457,"featured_media":0,"comment_status":"closed","ping_status":"closed","sticky":false,"template":"","format":"standard","meta":{"advgb_blocks_editor_width":"","advgb_blocks_columns_visual_guide":"","footnotes":""},"categories":[34],"tags":[10845,35,10839],"class_list":["post-54566","post","type-post","status-publish","format-standard","hentry","category-g1","tag-destaque-centro-01","tag-g1","tag-policial"],"author_meta":{"display_name":"Reda\u00e7\u00e3o","author_link":"https:\/\/sindaopcpb.org.br\/author\/redacao\/"},"featured_img":null,"coauthors":[],"tax_additional":{"categories":{"linked":["<a href=\"https:\/\/sindaopcpb.org.br\/g1\/\" class=\"advgb-post-tax-term\">G1<\/a>"],"unlinked":["<span class=\"advgb-post-tax-term\">G1<\/span>"]},"tags":{"linked":["<a href=\"https:\/\/sindaopcpb.org.br\/g1\/\" class=\"advgb-post-tax-term\">Destaque Centro 01<\/a>","<a href=\"https:\/\/sindaopcpb.org.br\/g1\/\" class=\"advgb-post-tax-term\">g1<\/a>","<a href=\"https:\/\/sindaopcpb.org.br\/g1\/\" class=\"advgb-post-tax-term\">Policial<\/a>"],"unlinked":["<span class=\"advgb-post-tax-term\">Destaque Centro 01<\/span>","<span class=\"advgb-post-tax-term\">g1<\/span>","<span class=\"advgb-post-tax-term\">Policial<\/span>"]}},"comment_count":"0","relative_dates":{"created":"Publicado 1 ano atr\u00e1s","modified":"Atualizado 1 ano atr\u00e1s"},"absolute_dates":{"created":"Publicado em 14 de fevereiro de 2025","modified":"Atualizado em 14 de fevereiro de 2025"},"absolute_dates_time":{"created":"Publicado em 14 de fevereiro de 2025 10:45","modified":"Atualizado em 14 de fevereiro de 2025 10:45"},"featured_img_caption":"","series_order":"","_links":{"self":[{"href":"https:\/\/sindaopcpb.org.br\/index.php\/wp-json\/wp\/v2\/posts\/54566","targetHints":{"allow":["GET"]}}],"collection":[{"href":"https:\/\/sindaopcpb.org.br\/index.php\/wp-json\/wp\/v2\/posts"}],"about":[{"href":"https:\/\/sindaopcpb.org.br\/index.php\/wp-json\/wp\/v2\/types\/post"}],"author":[{"embeddable":true,"href":"https:\/\/sindaopcpb.org.br\/index.php\/wp-json\/wp\/v2\/users\/123457"}],"replies":[{"embeddable":true,"href":"https:\/\/sindaopcpb.org.br\/index.php\/wp-json\/wp\/v2\/comments?post=54566"}],"version-history":[{"count":1,"href":"https:\/\/sindaopcpb.org.br\/index.php\/wp-json\/wp\/v2\/posts\/54566\/revisions"}],"predecessor-version":[{"id":54567,"href":"https:\/\/sindaopcpb.org.br\/index.php\/wp-json\/wp\/v2\/posts\/54566\/revisions\/54567"}],"wp:attachment":[{"href":"https:\/\/sindaopcpb.org.br\/index.php\/wp-json\/wp\/v2\/media?parent=54566"}],"wp:term":[{"taxonomy":"category","embeddable":true,"href":"https:\/\/sindaopcpb.org.br\/index.php\/wp-json\/wp\/v2\/categories?post=54566"},{"taxonomy":"post_tag","embeddable":true,"href":"https:\/\/sindaopcpb.org.br\/index.php\/wp-json\/wp\/v2\/tags?post=54566"}],"curies":[{"name":"wp","href":"https:\/\/api.w.org\/{rel}","templated":true}]}}