{"id":5454,"date":"2022-10-22T19:19:51","date_gmt":"2022-10-22T22:19:51","guid":{"rendered":"https:\/\/g1.globo.com\/pb\/paraiba\/noticia\/2022\/10\/22\/video-mostra-momento-em-que-jovens-morrem-apos-motorista-perder-controle-de-carro-e-capotar-em-joao-pessoa.ghtml"},"modified":"2022-10-22T19:19:51","modified_gmt":"2022-10-22T22:19:51","slug":"video-mostra-momento-em-que-jovens-morrem-apos-motorista-perder-controle-de-carro-e-capotar-em-joao-pessoa","status":"publish","type":"post","link":"https:\/\/sindaopcpb.org.br\/index.php\/2022\/10\/22\/video-mostra-momento-em-que-jovens-morrem-apos-motorista-perder-controle-de-carro-e-capotar-em-joao-pessoa\/","title":{"rendered":"V\u00eddeo mostra momento em que jovens morrem ap\u00f3s motorista perder controle de carro e capotar, em Jo\u00e3o Pessoa"},"content":{"rendered":"  Acidente aconteceu na manh\u00e3 deste s\u00e1bado (22), na Avenida Ruy Carneiro, em Tamba\u00fa, quando o condutor perdeu o controle do ve\u00edculo e bateu em um poste, fazendo o ve\u00edculo capotar.  V\u00eddeo registra momento em que duas pessoas morrem ap\u00f3s motorista perder controle do carro\nUm v\u00eddeo registrou o momento em que o motorista de um carro perdeu o controle da dire\u00e7\u00e3o e bateu contra um poste ao tentar fazer uma curva na Avenida Ruy Carneiro, no bairro de Tamba\u00fa, na zona leste de Jo\u00e3o Pessoa. Assista nas imagens acima.\nNas imagens capturadas por circuito de seguran\u00e7a \u00e9 poss\u00edvel observar que o condutor perde o controle do ve\u00edculo na tentativa de fazer uma curva e, ap\u00f3s o ve\u00edculo perder estabilidade, acabou batendo em um poste, fazendo o ve\u00edculo capotar e girar algumas vezes.\nAs v\u00edtimas foram identificadas como Adriano Henrique da Silva, de 22 anos, que trabalhava como motoboy, e Edvan Carlos, que n\u00e3o teve a idade divulgada.\nUma terceira pessoa estava dentro do ve\u00edculo no momento do acidente e foi socorrida pelo Corpo de Bombeiros para o Hospital de Emerg\u00eancia e Trauma de Jo\u00e3o Pessoa. De acordo com a unidade hospitalar, a v\u00edtima passou por procedimentos m\u00e9dicos de emerg\u00eancia e j\u00e1 recebeu alta m\u00e9dica.\nO vel\u00f3rio de Edvan e Adriano ser\u00e1 feito no domingo (23), no bairro de Cruz das Armas, em Jo\u00e3o Pessoa.\nA Pol\u00edcia Civil segue investigando as motiva\u00e7\u00f5es da causa do acidente.\nV\u00eddeos mais assistidos do g1 Para\u00edba ","protected":false},"excerpt":{"rendered":"<p>  Acidente aconteceu na manh\u00e3 deste s\u00e1bado (22), na Avenida Ruy Carneiro, em Tamba\u00fa, quando o condutor perdeu o controle do ve\u00edculo e bateu em um poste, fazendo o ve\u00edculo capotar.  V\u00eddeo registra momento em que duas pessoas morrem ap\u00f3s motorista perder&#8230;<\/p>\n","protected":false},"author":2,"featured_media":0,"comment_status":"closed","ping_status":"closed","sticky":false,"template":"","format":"standard","meta":{"advgb_blocks_editor_width":"","advgb_blocks_columns_visual_guide":"","footnotes":""},"categories":[34],"tags":[35],"class_list":["post-5454","post","type-post","status-publish","format-standard","hentry","category-g1","tag-g1"],"author_meta":{"display_name":"g1 &gt; Para\u00edba","author_link":"https:\/\/sindaopcpb.org.br\/author\/g1-paraiba\/"},"featured_img":null,"coauthors":[],"tax_additional":{"categories":{"linked":["<a href=\"https:\/\/sindaopcpb.org.br\/g1\/\" class=\"advgb-post-tax-term\">G1<\/a>"],"unlinked":["<span class=\"advgb-post-tax-term\">G1<\/span>"]},"tags":{"linked":["<a href=\"https:\/\/sindaopcpb.org.br\/g1\/\" class=\"advgb-post-tax-term\">g1<\/a>"],"unlinked":["<span class=\"advgb-post-tax-term\">g1<\/span>"]}},"comment_count":"0","relative_dates":{"created":"Publicado 4 anos atr\u00e1s","modified":"Atualizado 4 anos atr\u00e1s"},"absolute_dates":{"created":"Publicado em 22 de outubro de 2022","modified":"Atualizado em 22 de outubro de 2022"},"absolute_dates_time":{"created":"Publicado em 22 de outubro de 2022 19:19","modified":"Atualizado em 22 de outubro de 2022 19:19"},"featured_img_caption":"","series_order":"","_links":{"self":[{"href":"https:\/\/sindaopcpb.org.br\/index.php\/wp-json\/wp\/v2\/posts\/5454","targetHints":{"allow":["GET"]}}],"collection":[{"href":"https:\/\/sindaopcpb.org.br\/index.php\/wp-json\/wp\/v2\/posts"}],"about":[{"href":"https:\/\/sindaopcpb.org.br\/index.php\/wp-json\/wp\/v2\/types\/post"}],"author":[{"embeddable":true,"href":"https:\/\/sindaopcpb.org.br\/index.php\/wp-json\/wp\/v2\/users\/2"}],"replies":[{"embeddable":true,"href":"https:\/\/sindaopcpb.org.br\/index.php\/wp-json\/wp\/v2\/comments?post=5454"}],"version-history":[{"count":1,"href":"https:\/\/sindaopcpb.org.br\/index.php\/wp-json\/wp\/v2\/posts\/5454\/revisions"}],"predecessor-version":[{"id":5455,"href":"https:\/\/sindaopcpb.org.br\/index.php\/wp-json\/wp\/v2\/posts\/5454\/revisions\/5455"}],"wp:attachment":[{"href":"https:\/\/sindaopcpb.org.br\/index.php\/wp-json\/wp\/v2\/media?parent=5454"}],"wp:term":[{"taxonomy":"category","embeddable":true,"href":"https:\/\/sindaopcpb.org.br\/index.php\/wp-json\/wp\/v2\/categories?post=5454"},{"taxonomy":"post_tag","embeddable":true,"href":"https:\/\/sindaopcpb.org.br\/index.php\/wp-json\/wp\/v2\/tags?post=5454"}],"curies":[{"name":"wp","href":"https:\/\/api.w.org\/{rel}","templated":true}]}}