{"id":54538,"date":"2025-02-13T15:28:33","date_gmt":"2025-02-13T18:28:33","guid":{"rendered":"https:\/\/www.pbagora.com.br\/?p=887142"},"modified":"2025-02-13T17:30:33","modified_gmt":"2025-02-13T20:30:33","slug":"efraim-defende-emprestimo-para-o-transparaiba-picuinhas-partidarias-nao-podem-prejudicar-o-estado","status":"publish","type":"post","link":"https:\/\/sindaopcpb.org.br\/index.php\/2025\/02\/13\/efraim-defende-emprestimo-para-o-transparaiba-picuinhas-partidarias-nao-podem-prejudicar-o-estado\/","title":{"rendered":"Efraim defende empr\u00e9stimo para o TransPara\u00edba: \u201cPicuinhas partid\u00e1rias n\u00e3o podem prejudicar o Estado\u201d"},"content":{"rendered":"<p><img width=\"1024\" height=\"682\" src=\"https:\/\/pbagora.s3.amazonaws.com\/2025\/02\/13151448\/WhatsApp-Image-2025-02-13-at-15.09.17-1024x682.jpeg\" class=\"attachment-large size-large wp-post-image\" alt=\"\" style=\"margin-bottom: 20px;\" decoding=\"async\" loading=\"lazy\" srcset=\"https:\/\/pbagora.s3.amazonaws.com\/2025\/02\/13151448\/WhatsApp-Image-2025-02-13-at-15.09.17-1024x682.jpeg 1024w, https:\/\/pbagora.s3.amazonaws.com\/2025\/02\/13151448\/WhatsApp-Image-2025-02-13-at-15.09.17-300x200.jpeg 300w, https:\/\/pbagora.s3.amazonaws.com\/2025\/02\/13151448\/WhatsApp-Image-2025-02-13-at-15.09.17-150x100.jpeg 150w, https:\/\/pbagora.s3.amazonaws.com\/2025\/02\/13151448\/WhatsApp-Image-2025-02-13-at-15.09.17-768x512.jpeg 768w, https:\/\/pbagora.s3.amazonaws.com\/2025\/02\/13151448\/WhatsApp-Image-2025-02-13-at-15.09.17-1536x1023.jpeg 1536w, https:\/\/pbagora.s3.amazonaws.com\/2025\/02\/13151448\/WhatsApp-Image-2025-02-13-at-15.09.17-380x253.jpeg 380w, https:\/\/pbagora.s3.amazonaws.com\/2025\/02\/13151448\/WhatsApp-Image-2025-02-13-at-15.09.17-800x533.jpeg 800w, https:\/\/pbagora.s3.amazonaws.com\/2025\/02\/13151448\/WhatsApp-Image-2025-02-13-at-15.09.17-1160x773.jpeg 1160w, https:\/\/pbagora.s3.amazonaws.com\/2025\/02\/13151448\/WhatsApp-Image-2025-02-13-at-15.09.17-80x53.jpeg 80w, https:\/\/pbagora.s3.amazonaws.com\/2025\/02\/13151448\/WhatsApp-Image-2025-02-13-at-15.09.17-760x506.jpeg 760w, https:\/\/pbagora.s3.amazonaws.com\/2025\/02\/13151448\/WhatsApp-Image-2025-02-13-at-15.09.17-600x400.jpeg 600w, https:\/\/pbagora.s3.amazonaws.com\/2025\/02\/13151448\/WhatsApp-Image-2025-02-13-at-15.09.17.jpeg 1600w\" sizes=\"auto, (max-width: 1024px) 100vw, 1024px\" \/><\/p>\n<p>Com aprova\u00e7\u00e3o do parecer do l\u00edder Efraim Filho (Uni\u00e3o-PB), no Senado, \u00e0 Mensagem da Presid\u00eancia da Rep\u00fablica (SF) 61\/2024, que autorizou o empr\u00e9stimo de US$ 60.949,600, cerca de 366 milh\u00f5es de reais, e garantiu os recursos necess\u00e1rios para as obras do sistema TranPara\u00edba, o governo da Para\u00edba decretou, nesta quinta-feira (13), utilidade p\u00fablica de v\u00e1rias \u00e1reas de terras para a execu\u00e7\u00e3o do projeto.<\/p>\n\n\n\n<p>O parecer de Efraim, a favor do empr\u00e9stimo, foi aprovado em dezembro de 2024 e, conforme o senador, vai permitir que o sistema adutor TransPara\u00edba atenda cerca de 77 mil pessoas na regi\u00e3o do Agreste paraibano. \u201cFoi dado o \u2018start\u2019 para uma obra important\u00edssima da Para\u00edba\u201d, disse o senador.<\/p>\n\n\n\n<p>De acordo com o decreto do governo do estado, as terras declaradas de utilidade p\u00fablica se prestam \u00e0 implanta\u00e7\u00e3o de tubos da adutora. O projeto \u00e9 para melhorar a distribui\u00e7\u00e3o de \u00e1gua em cidades do interior da Para\u00edba, como Monteiro, Prata, Ouro Velho, Sum\u00e9, Amparo, Serra Branca, Livramento, S\u00e3o Jos\u00e9 dos Cordeiros, S\u00e3o Jo\u00e3o do Cariri, Parari, Desterro, Teixeira, Cacimbas, Tapero\u00e1, Santo Andr\u00e9, Gurj\u00e3o, Assun\u00e7\u00e3o e Junco do Serid\u00f3, al\u00e9m dos distritos de Pio X e Santa Luzia do Cariri.<\/p>\n\n\n\n<p>Em 10 de dezembro, quando conseguiu aprovar o empr\u00e9stimo no Senado, Efraim Filho, que \u00e9 oposi\u00e7\u00e3o ao atual governo, foi perguntado se n\u00e3o seria contradit\u00f3rio defender um empr\u00e9stimo que beneficia o governo de Jo\u00e3o Azevedo. \u201cSou a favor da Para\u00edba e dos paraibanos. A pol\u00edtica n\u00e3o pode agir para prejudicar os interesses maiores do estado em nome de picuinhas partid\u00e1rias\u201d, sentenciou.<\/p>\n","protected":false},"excerpt":{"rendered":"<p><img loading=\"lazy\" decoding=\"async\" width=\"1024\" height=\"682\" src=\"https:\/\/pbagora.s3.amazonaws.com\/2025\/02\/13151448\/WhatsApp-Image-2025-02-13-at-15.09.17-1024x682.jpeg\" class=\"attachment-large size-large wp-post-image\" alt=\"\"><\/p>\n<p>Com aprova\u00e7\u00e3o do parecer do l\u00edder Efraim Filho (Uni\u00e3o-PB), no Senado, \u00e0 Mensagem da Presid\u00eancia da Rep\u00fablica (SF)\u2026<\/p>\n","protected":false},"author":123457,"featured_media":0,"comment_status":"closed","ping_status":"closed","sticky":false,"template":"","format":"standard","meta":{"advgb_blocks_editor_width":"","advgb_blocks_columns_visual_guide":"","footnotes":""},"categories":[34],"tags":[35,10839,10842],"class_list":["post-54538","post","type-post","status-publish","format-standard","hentry","category-g1","tag-g1","tag-policial","tag-principal3"],"author_meta":{"display_name":"Reda\u00e7\u00e3o","author_link":"https:\/\/sindaopcpb.org.br\/author\/redacao\/"},"featured_img":null,"coauthors":[],"tax_additional":{"categories":{"linked":["<a href=\"https:\/\/sindaopcpb.org.br\/g1\/\" class=\"advgb-post-tax-term\">G1<\/a>"],"unlinked":["<span class=\"advgb-post-tax-term\">G1<\/span>"]},"tags":{"linked":["<a href=\"https:\/\/sindaopcpb.org.br\/g1\/\" class=\"advgb-post-tax-term\">g1<\/a>","<a href=\"https:\/\/sindaopcpb.org.br\/g1\/\" class=\"advgb-post-tax-term\">Policial<\/a>","<a href=\"https:\/\/sindaopcpb.org.br\/g1\/\" class=\"advgb-post-tax-term\">Principal3<\/a>"],"unlinked":["<span class=\"advgb-post-tax-term\">g1<\/span>","<span class=\"advgb-post-tax-term\">Policial<\/span>","<span class=\"advgb-post-tax-term\">Principal3<\/span>"]}},"comment_count":"0","relative_dates":{"created":"Publicado 1 ano atr\u00e1s","modified":"Atualizado 1 ano atr\u00e1s"},"absolute_dates":{"created":"Publicado em 13 de fevereiro de 2025","modified":"Atualizado em 13 de fevereiro de 2025"},"absolute_dates_time":{"created":"Publicado em 13 de fevereiro de 2025 15:28","modified":"Atualizado em 13 de fevereiro de 2025 17:30"},"featured_img_caption":"","series_order":"","_links":{"self":[{"href":"https:\/\/sindaopcpb.org.br\/index.php\/wp-json\/wp\/v2\/posts\/54538","targetHints":{"allow":["GET"]}}],"collection":[{"href":"https:\/\/sindaopcpb.org.br\/index.php\/wp-json\/wp\/v2\/posts"}],"about":[{"href":"https:\/\/sindaopcpb.org.br\/index.php\/wp-json\/wp\/v2\/types\/post"}],"author":[{"embeddable":true,"href":"https:\/\/sindaopcpb.org.br\/index.php\/wp-json\/wp\/v2\/users\/123457"}],"replies":[{"embeddable":true,"href":"https:\/\/sindaopcpb.org.br\/index.php\/wp-json\/wp\/v2\/comments?post=54538"}],"version-history":[{"count":2,"href":"https:\/\/sindaopcpb.org.br\/index.php\/wp-json\/wp\/v2\/posts\/54538\/revisions"}],"predecessor-version":[{"id":54546,"href":"https:\/\/sindaopcpb.org.br\/index.php\/wp-json\/wp\/v2\/posts\/54538\/revisions\/54546"}],"wp:attachment":[{"href":"https:\/\/sindaopcpb.org.br\/index.php\/wp-json\/wp\/v2\/media?parent=54538"}],"wp:term":[{"taxonomy":"category","embeddable":true,"href":"https:\/\/sindaopcpb.org.br\/index.php\/wp-json\/wp\/v2\/categories?post=54538"},{"taxonomy":"post_tag","embeddable":true,"href":"https:\/\/sindaopcpb.org.br\/index.php\/wp-json\/wp\/v2\/tags?post=54538"}],"curies":[{"name":"wp","href":"https:\/\/api.w.org\/{rel}","templated":true}]}}