{"id":54534,"date":"2025-02-13T13:11:27","date_gmt":"2025-02-13T16:11:27","guid":{"rendered":"https:\/\/www.pbagora.com.br\/?p=887106"},"modified":"2025-02-13T13:11:27","modified_gmt":"2025-02-13T16:11:27","slug":"dupla-e-presa-por-latrocinio-de-vigilante-em-juarez-tavora-motocicleta-roubada-e-recuperada","status":"publish","type":"post","link":"https:\/\/sindaopcpb.org.br\/index.php\/2025\/02\/13\/dupla-e-presa-por-latrocinio-de-vigilante-em-juarez-tavora-motocicleta-roubada-e-recuperada\/","title":{"rendered":"Dupla \u00e9 presa por latroc\u00ednio de vigilante em Juarez T\u00e1vora; motocicleta roubada \u00e9 recuperada"},"content":{"rendered":"<p><img width=\"768\" height=\"512\" src=\"https:\/\/pbagora.s3.amazonaws.com\/2024\/10\/24092403\/civil-homicidios.jpeg\" class=\"attachment-large size-large wp-post-image\" alt=\"\" style=\"margin-bottom: 20px;\" decoding=\"async\" loading=\"lazy\" srcset=\"https:\/\/pbagora.s3.amazonaws.com\/2024\/10\/24092403\/civil-homicidios.jpeg 768w, https:\/\/pbagora.s3.amazonaws.com\/2024\/10\/24092403\/civil-homicidios-300x200.jpeg 300w, https:\/\/pbagora.s3.amazonaws.com\/2024\/10\/24092403\/civil-homicidios-150x100.jpeg 150w, https:\/\/pbagora.s3.amazonaws.com\/2024\/10\/24092403\/civil-homicidios-380x253.jpeg 380w, https:\/\/pbagora.s3.amazonaws.com\/2024\/10\/24092403\/civil-homicidios-80x53.jpeg 80w, https:\/\/pbagora.s3.amazonaws.com\/2024\/10\/24092403\/civil-homicidios-760x507.jpeg 760w, https:\/\/pbagora.s3.amazonaws.com\/2024\/10\/24092403\/civil-homicidios-600x400.jpeg 600w\" sizes=\"auto, (max-width: 768px) 100vw, 768px\" \/><\/p>\n<p>Dois homens foram presos nesta quinta-feira (13) suspeitos de latroc\u00ednio contra o vigilante Eraldo da Silva, em Juarez T\u00e1vora, na Para\u00edba. A dupla estava foragida desde o dia do crime, ocorrido em 17 de janeiro, na PB-079, enquanto a v\u00edtima se dirigia para a cidade de Alagoa Grande. Segundo as investiga\u00e7\u00f5es, os suspeitos mataram Eraldo para roubar sua motocicleta.<\/p>\n\n\n\n<p>Durante a opera\u00e7\u00e3o, policiais apreenderam uma arma de fogo, por\u00e7\u00f5es de drogas e duas motocicletas, sendo uma delas a que foi roubada do vigilante. A pol\u00edcia tamb\u00e9m revelou que os homens atuam no tr\u00e1fico de drogas na regi\u00e3o, o que refor\u00e7a o hist\u00f3rico criminoso da dupla.<\/p>\n\n\n\n<p>Os suspeitos est\u00e3o na carceragem da Pol\u00edcia Civil em Guarabira, \u00e0 disposi\u00e7\u00e3o da Justi\u00e7a.<\/p>\n\n\n\n<p><em><strong>PB Agora<\/strong><\/em><\/p>\n","protected":false},"excerpt":{"rendered":"<p><img decoding=\"async\" width=\"768\" height=\"512\" src=\"https:\/\/pbagora.s3.amazonaws.com\/2024\/10\/24092403\/civil-homicidios.jpeg\" class=\"attachment-large size-large wp-post-image\" alt=\"\" loading=\"lazy\"><\/p>\n<p>Dois homens foram presos nesta quinta-feira (13) suspeitos de latroc\u00ednio contra o vigilante Eraldo da Silva, em Juarez\u2026<\/p>\n","protected":false},"author":123457,"featured_media":0,"comment_status":"closed","ping_status":"closed","sticky":false,"template":"","format":"standard","meta":{"advgb_blocks_editor_width":"","advgb_blocks_columns_visual_guide":"","footnotes":""},"categories":[34],"tags":[10845,35,10839],"class_list":["post-54534","post","type-post","status-publish","format-standard","hentry","category-g1","tag-destaque-centro-01","tag-g1","tag-policial"],"author_meta":{"display_name":"Reda\u00e7\u00e3o","author_link":"https:\/\/sindaopcpb.org.br\/author\/redacao\/"},"featured_img":null,"coauthors":[],"tax_additional":{"categories":{"linked":["<a href=\"https:\/\/sindaopcpb.org.br\/g1\/\" class=\"advgb-post-tax-term\">G1<\/a>"],"unlinked":["<span class=\"advgb-post-tax-term\">G1<\/span>"]},"tags":{"linked":["<a href=\"https:\/\/sindaopcpb.org.br\/g1\/\" class=\"advgb-post-tax-term\">Destaque Centro 01<\/a>","<a href=\"https:\/\/sindaopcpb.org.br\/g1\/\" class=\"advgb-post-tax-term\">g1<\/a>","<a href=\"https:\/\/sindaopcpb.org.br\/g1\/\" class=\"advgb-post-tax-term\">Policial<\/a>"],"unlinked":["<span class=\"advgb-post-tax-term\">Destaque Centro 01<\/span>","<span class=\"advgb-post-tax-term\">g1<\/span>","<span class=\"advgb-post-tax-term\">Policial<\/span>"]}},"comment_count":"0","relative_dates":{"created":"Publicado 1 ano atr\u00e1s","modified":"Atualizado 1 ano atr\u00e1s"},"absolute_dates":{"created":"Publicado em 13 de fevereiro de 2025","modified":"Atualizado em 13 de fevereiro de 2025"},"absolute_dates_time":{"created":"Publicado em 13 de fevereiro de 2025 13:11","modified":"Atualizado em 13 de fevereiro de 2025 13:11"},"featured_img_caption":"","series_order":"","_links":{"self":[{"href":"https:\/\/sindaopcpb.org.br\/index.php\/wp-json\/wp\/v2\/posts\/54534","targetHints":{"allow":["GET"]}}],"collection":[{"href":"https:\/\/sindaopcpb.org.br\/index.php\/wp-json\/wp\/v2\/posts"}],"about":[{"href":"https:\/\/sindaopcpb.org.br\/index.php\/wp-json\/wp\/v2\/types\/post"}],"author":[{"embeddable":true,"href":"https:\/\/sindaopcpb.org.br\/index.php\/wp-json\/wp\/v2\/users\/123457"}],"replies":[{"embeddable":true,"href":"https:\/\/sindaopcpb.org.br\/index.php\/wp-json\/wp\/v2\/comments?post=54534"}],"version-history":[{"count":1,"href":"https:\/\/sindaopcpb.org.br\/index.php\/wp-json\/wp\/v2\/posts\/54534\/revisions"}],"predecessor-version":[{"id":54535,"href":"https:\/\/sindaopcpb.org.br\/index.php\/wp-json\/wp\/v2\/posts\/54534\/revisions\/54535"}],"wp:attachment":[{"href":"https:\/\/sindaopcpb.org.br\/index.php\/wp-json\/wp\/v2\/media?parent=54534"}],"wp:term":[{"taxonomy":"category","embeddable":true,"href":"https:\/\/sindaopcpb.org.br\/index.php\/wp-json\/wp\/v2\/categories?post=54534"},{"taxonomy":"post_tag","embeddable":true,"href":"https:\/\/sindaopcpb.org.br\/index.php\/wp-json\/wp\/v2\/tags?post=54534"}],"curies":[{"name":"wp","href":"https:\/\/api.w.org\/{rel}","templated":true}]}}