{"id":54526,"date":"2025-02-13T12:01:57","date_gmt":"2025-02-13T15:01:57","guid":{"rendered":"https:\/\/www.pbagora.com.br\/?p=887097"},"modified":"2025-02-13T13:22:57","modified_gmt":"2025-02-13T16:22:57","slug":"incendio-deixa-cinco-pessoas-da-mesma-familia-feridas-em-jaguaribe","status":"publish","type":"post","link":"https:\/\/sindaopcpb.org.br\/index.php\/2025\/02\/13\/incendio-deixa-cinco-pessoas-da-mesma-familia-feridas-em-jaguaribe\/","title":{"rendered":"Inc\u00eandio deixa cinco Pessoas da mesma fam\u00edlia feridas em Jaguaribe"},"content":{"rendered":"<p><img width=\"700\" height=\"525\" src=\"https:\/\/pbagora.s3.amazonaws.com\/2025\/02\/13120127\/aasd.jpg\" class=\"attachment-large size-large wp-post-image\" alt=\"\" style=\"margin-bottom: 20px;\" decoding=\"async\" srcset=\"https:\/\/pbagora.s3.amazonaws.com\/2025\/02\/13120127\/aasd.jpg 700w, https:\/\/pbagora.s3.amazonaws.com\/2025\/02\/13120127\/aasd-300x225.jpg 300w, https:\/\/pbagora.s3.amazonaws.com\/2025\/02\/13120127\/aasd-150x113.jpg 150w, https:\/\/pbagora.s3.amazonaws.com\/2025\/02\/13120127\/aasd-200x150.jpg 200w, https:\/\/pbagora.s3.amazonaws.com\/2025\/02\/13120127\/aasd-260x195.jpg 260w, https:\/\/pbagora.s3.amazonaws.com\/2025\/02\/13120127\/aasd-380x285.jpg 380w, https:\/\/pbagora.s3.amazonaws.com\/2025\/02\/13120127\/aasd-80x60.jpg 80w, https:\/\/pbagora.s3.amazonaws.com\/2025\/02\/13120127\/aasd-600x450.jpg 600w, https:\/\/pbagora.s3.amazonaws.com\/2025\/02\/13120127\/aasd-520x390.jpg 520w\" sizes=\"(max-width: 700px) 100vw, 700px\" \/><\/p>\n<p>Um inc\u00eandio na madrugada desta quinta-feira (13) deixou cinco pessoas da mesma fam\u00edlia feridas no bairro de Jaguaribe, em Jo\u00e3o Pessoa. As v\u00edtimas s\u00e3o duas mulheres, um homem e duas crian\u00e7as. Todas sofreram queimaduras pelo corpo e foram socorridas por equipes do Corpo de Bombeiros, sendo encaminhadas ao Hospital de Emerg\u00eancia e Trauma de Jo\u00e3o Pessoa, onde permanecem sob observa\u00e7\u00e3o.<\/p>\n\n\n\n<p>De acordo com as informa\u00e7\u00f5es, as mulheres t\u00eam 35 e 30 anos, o homem tem 28 anos, e as crian\u00e7as t\u00eam 9 anos e 1 ano de idade. A Pol\u00edcia Civil investiga a possibilidade de o inc\u00eandio ter sido criminoso, levantando suspeitas de que o pr\u00f3prio homem presente na resid\u00eancia possa ter provocado o fogo.<\/p>\n\n\n\n<p>Moradores da regi\u00e3o relataram que esta n\u00e3o seria a primeira vez que ele teria tentado incendiar o im\u00f3vel, o que refor\u00e7a as investiga\u00e7\u00f5es sobre uma poss\u00edvel motiva\u00e7\u00e3o criminosa. At\u00e9 o momento, n\u00e3o foram divulgados detalhes sobre o estado de sa\u00fade das v\u00edtimas ou informa\u00e7\u00f5es sobre a evolu\u00e7\u00e3o do quadro cl\u00ednico delas.<\/p>\n\n\n\n<p>A Pol\u00edcia Civil segue apurando o caso, e a resid\u00eancia passar\u00e1 por per\u00edcia para identificar a origem do inc\u00eandio. <\/p>\n\n\n\n<p><strong><em>PB Agora<\/em><\/strong><\/p>\n","protected":false},"excerpt":{"rendered":"<p><img loading=\"lazy\" decoding=\"async\" width=\"700\" height=\"525\" src=\"https:\/\/pbagora.s3.amazonaws.com\/2025\/02\/13120127\/aasd.jpg\" class=\"attachment-large size-large wp-post-image\" alt=\"\"><\/p>\n<p>Um inc\u00eandio na madrugada desta quinta-feira (13) deixou cinco pessoas da mesma fam\u00edlia feridas no bairro de Jaguaribe,\u2026<\/p>\n","protected":false},"author":123457,"featured_media":0,"comment_status":"closed","ping_status":"closed","sticky":false,"template":"","format":"standard","meta":{"advgb_blocks_editor_width":"","advgb_blocks_columns_visual_guide":"","footnotes":""},"categories":[34],"tags":[10841,35,10839],"class_list":["post-54526","post","type-post","status-publish","format-standard","hentry","category-g1","tag-destaque-centro-02","tag-g1","tag-policial"],"author_meta":{"display_name":"Reda\u00e7\u00e3o","author_link":"https:\/\/sindaopcpb.org.br\/author\/redacao\/"},"featured_img":null,"coauthors":[],"tax_additional":{"categories":{"linked":["<a href=\"https:\/\/sindaopcpb.org.br\/g1\/\" class=\"advgb-post-tax-term\">G1<\/a>"],"unlinked":["<span class=\"advgb-post-tax-term\">G1<\/span>"]},"tags":{"linked":["<a href=\"https:\/\/sindaopcpb.org.br\/g1\/\" class=\"advgb-post-tax-term\">Destaque Centro 02<\/a>","<a href=\"https:\/\/sindaopcpb.org.br\/g1\/\" class=\"advgb-post-tax-term\">g1<\/a>","<a href=\"https:\/\/sindaopcpb.org.br\/g1\/\" class=\"advgb-post-tax-term\">Policial<\/a>"],"unlinked":["<span class=\"advgb-post-tax-term\">Destaque Centro 02<\/span>","<span class=\"advgb-post-tax-term\">g1<\/span>","<span class=\"advgb-post-tax-term\">Policial<\/span>"]}},"comment_count":"0","relative_dates":{"created":"Publicado 1 ano atr\u00e1s","modified":"Atualizado 1 ano atr\u00e1s"},"absolute_dates":{"created":"Publicado em 13 de fevereiro de 2025","modified":"Atualizado em 13 de fevereiro de 2025"},"absolute_dates_time":{"created":"Publicado em 13 de fevereiro de 2025 12:01","modified":"Atualizado em 13 de fevereiro de 2025 13:22"},"featured_img_caption":"","series_order":"","_links":{"self":[{"href":"https:\/\/sindaopcpb.org.br\/index.php\/wp-json\/wp\/v2\/posts\/54526","targetHints":{"allow":["GET"]}}],"collection":[{"href":"https:\/\/sindaopcpb.org.br\/index.php\/wp-json\/wp\/v2\/posts"}],"about":[{"href":"https:\/\/sindaopcpb.org.br\/index.php\/wp-json\/wp\/v2\/types\/post"}],"author":[{"embeddable":true,"href":"https:\/\/sindaopcpb.org.br\/index.php\/wp-json\/wp\/v2\/users\/123457"}],"replies":[{"embeddable":true,"href":"https:\/\/sindaopcpb.org.br\/index.php\/wp-json\/wp\/v2\/comments?post=54526"}],"version-history":[{"count":3,"href":"https:\/\/sindaopcpb.org.br\/index.php\/wp-json\/wp\/v2\/posts\/54526\/revisions"}],"predecessor-version":[{"id":54540,"href":"https:\/\/sindaopcpb.org.br\/index.php\/wp-json\/wp\/v2\/posts\/54526\/revisions\/54540"}],"wp:attachment":[{"href":"https:\/\/sindaopcpb.org.br\/index.php\/wp-json\/wp\/v2\/media?parent=54526"}],"wp:term":[{"taxonomy":"category","embeddable":true,"href":"https:\/\/sindaopcpb.org.br\/index.php\/wp-json\/wp\/v2\/categories?post=54526"},{"taxonomy":"post_tag","embeddable":true,"href":"https:\/\/sindaopcpb.org.br\/index.php\/wp-json\/wp\/v2\/tags?post=54526"}],"curies":[{"name":"wp","href":"https:\/\/api.w.org\/{rel}","templated":true}]}}