{"id":54512,"date":"2025-02-13T06:17:37","date_gmt":"2025-02-13T09:17:37","guid":{"rendered":"https:\/\/www.pbagora.com.br\/?p=887050"},"modified":"2025-02-13T11:17:37","modified_gmt":"2025-02-13T14:17:37","slug":"jovem-morre-apos-ser-baleado-em-mandacaru-outro-adolescente-segue-internado","status":"publish","type":"post","link":"https:\/\/sindaopcpb.org.br\/index.php\/2025\/02\/13\/jovem-morre-apos-ser-baleado-em-mandacaru-outro-adolescente-segue-internado\/","title":{"rendered":"Jovem morre ap\u00f3s ser baleado em Mandacaru; outro adolescente segue internado"},"content":{"rendered":"<p><img width=\"687\" height=\"463\" src=\"https:\/\/pbagora.s3.amazonaws.com\/2023\/10\/24063136\/csm_trauma_outubro_rosa_be7cb3b306.jpeg\" class=\"attachment-large size-large wp-post-image\" alt=\"\" style=\"margin-bottom: 20px;\" decoding=\"async\" loading=\"lazy\" srcset=\"https:\/\/pbagora.s3.amazonaws.com\/2023\/10\/24063136\/csm_trauma_outubro_rosa_be7cb3b306.jpeg 687w, https:\/\/pbagora.s3.amazonaws.com\/2023\/10\/24063136\/csm_trauma_outubro_rosa_be7cb3b306-300x202.jpeg 300w, https:\/\/pbagora.s3.amazonaws.com\/2023\/10\/24063136\/csm_trauma_outubro_rosa_be7cb3b306-150x101.jpeg 150w, https:\/\/pbagora.s3.amazonaws.com\/2023\/10\/24063136\/csm_trauma_outubro_rosa_be7cb3b306-380x256.jpeg 380w, https:\/\/pbagora.s3.amazonaws.com\/2023\/10\/24063136\/csm_trauma_outubro_rosa_be7cb3b306-80x54.jpeg 80w, https:\/\/pbagora.s3.amazonaws.com\/2023\/10\/24063136\/csm_trauma_outubro_rosa_be7cb3b306-600x404.jpeg 600w\" sizes=\"auto, (max-width: 687px) 100vw, 687px\" \/><\/p>\n<p><\/p>\n\n\n\n<p>Um jovem de 17 anos morreu na tarde de ontem (12) no Hospital de Emerg\u00eancia e Trauma de Jo\u00e3o Pessoa, ap\u00f3s ser baleado no bairro de Mandacaru. Ele foi socorrido pelo Servi\u00e7o de Atendimento M\u00f3vel de Urg\u00eancia (SAMU) e deu entrada na unidade hospitalar \u00e0s 15h09, mas n\u00e3o resistiu aos ferimentos.<\/p>\n\n\n\n<p>Ainda segundo a pol\u00edcia, que investiga o caso, outro adolescente, ainda n\u00e3o identificado, tamb\u00e9m foi atingido por disparos no mesmo bairro e chegou ao hospital \u00e0s 14h29, levado por um carro particular. Ele passou por procedimentos m\u00e9dicos e segue internado em estado est\u00e1vel.<\/p>\n\n\n\n<p>De acordo com os \u00faltimos dados, o caso pode estar relacionado a um conflito entre fac\u00e7\u00f5es criminosas. A Pol\u00edcia Militar realizou rondas na \u00e1rea e repassou detalhes para a Pol\u00edcia Civil, que agora investiga as circunst\u00e2ncias do crime.<\/p>\n\n\n\n<p>Reda\u00e7\u00e3o<\/p>\n","protected":false},"excerpt":{"rendered":"<p><img decoding=\"async\" width=\"687\" height=\"463\" src=\"https:\/\/pbagora.s3.amazonaws.com\/2023\/10\/24063136\/csm_trauma_outubro_rosa_be7cb3b306.jpeg\" class=\"attachment-large size-large wp-post-image\" alt=\"\" loading=\"lazy\"><\/p>\n<p>Um jovem de 17 anos morreu na tarde de ontem (12) no Hospital de Emerg\u00eancia e Trauma de\u2026<\/p>\n","protected":false},"author":123457,"featured_media":0,"comment_status":"closed","ping_status":"closed","sticky":false,"template":"","format":"standard","meta":{"advgb_blocks_editor_width":"","advgb_blocks_columns_visual_guide":"","footnotes":""},"categories":[34],"tags":[35,10839,10850],"class_list":["post-54512","post","type-post","status-publish","format-standard","hentry","category-g1","tag-g1","tag-policial","tag-voceviu"],"author_meta":{"display_name":"Reda\u00e7\u00e3o","author_link":"https:\/\/sindaopcpb.org.br\/author\/redacao\/"},"featured_img":null,"coauthors":[],"tax_additional":{"categories":{"linked":["<a href=\"https:\/\/sindaopcpb.org.br\/g1\/\" class=\"advgb-post-tax-term\">G1<\/a>"],"unlinked":["<span class=\"advgb-post-tax-term\">G1<\/span>"]},"tags":{"linked":["<a href=\"https:\/\/sindaopcpb.org.br\/g1\/\" class=\"advgb-post-tax-term\">g1<\/a>","<a href=\"https:\/\/sindaopcpb.org.br\/g1\/\" class=\"advgb-post-tax-term\">Policial<\/a>","<a href=\"https:\/\/sindaopcpb.org.br\/g1\/\" class=\"advgb-post-tax-term\">Voceviu?<\/a>"],"unlinked":["<span class=\"advgb-post-tax-term\">g1<\/span>","<span class=\"advgb-post-tax-term\">Policial<\/span>","<span class=\"advgb-post-tax-term\">Voceviu?<\/span>"]}},"comment_count":"0","relative_dates":{"created":"Publicado 1 ano atr\u00e1s","modified":"Atualizado 1 ano atr\u00e1s"},"absolute_dates":{"created":"Publicado em 13 de fevereiro de 2025","modified":"Atualizado em 13 de fevereiro de 2025"},"absolute_dates_time":{"created":"Publicado em 13 de fevereiro de 2025 06:17","modified":"Atualizado em 13 de fevereiro de 2025 11:17"},"featured_img_caption":"","series_order":"","_links":{"self":[{"href":"https:\/\/sindaopcpb.org.br\/index.php\/wp-json\/wp\/v2\/posts\/54512","targetHints":{"allow":["GET"]}}],"collection":[{"href":"https:\/\/sindaopcpb.org.br\/index.php\/wp-json\/wp\/v2\/posts"}],"about":[{"href":"https:\/\/sindaopcpb.org.br\/index.php\/wp-json\/wp\/v2\/types\/post"}],"author":[{"embeddable":true,"href":"https:\/\/sindaopcpb.org.br\/index.php\/wp-json\/wp\/v2\/users\/123457"}],"replies":[{"embeddable":true,"href":"https:\/\/sindaopcpb.org.br\/index.php\/wp-json\/wp\/v2\/comments?post=54512"}],"version-history":[{"count":3,"href":"https:\/\/sindaopcpb.org.br\/index.php\/wp-json\/wp\/v2\/posts\/54512\/revisions"}],"predecessor-version":[{"id":54529,"href":"https:\/\/sindaopcpb.org.br\/index.php\/wp-json\/wp\/v2\/posts\/54512\/revisions\/54529"}],"wp:attachment":[{"href":"https:\/\/sindaopcpb.org.br\/index.php\/wp-json\/wp\/v2\/media?parent=54512"}],"wp:term":[{"taxonomy":"category","embeddable":true,"href":"https:\/\/sindaopcpb.org.br\/index.php\/wp-json\/wp\/v2\/categories?post=54512"},{"taxonomy":"post_tag","embeddable":true,"href":"https:\/\/sindaopcpb.org.br\/index.php\/wp-json\/wp\/v2\/tags?post=54512"}],"curies":[{"name":"wp","href":"https:\/\/api.w.org\/{rel}","templated":true}]}}