{"id":54505,"date":"2025-02-12T17:40:50","date_gmt":"2025-02-12T20:40:50","guid":{"rendered":"https:\/\/www.pbagora.com.br\/?p=887022"},"modified":"2025-02-12T17:40:50","modified_gmt":"2025-02-12T20:40:50","slug":"dois-jovens-sao-alvos-de-ataque-a-tiros-em-bairro-de-joao-pessoa","status":"publish","type":"post","link":"https:\/\/sindaopcpb.org.br\/index.php\/2025\/02\/12\/dois-jovens-sao-alvos-de-ataque-a-tiros-em-bairro-de-joao-pessoa\/","title":{"rendered":"Dois jovens s\u00e3o alvos de ataque a tiros em bairro de Jo\u00e3o Pessoa"},"content":{"rendered":"<p><img width=\"984\" height=\"553\" src=\"https:\/\/pbagora.s3.amazonaws.com\/2024\/09\/10090421\/trauma.webp\" class=\"attachment-large size-large wp-post-image\" alt=\"\" style=\"margin-bottom: 20px;\" decoding=\"async\" srcset=\"https:\/\/pbagora.s3.amazonaws.com\/2024\/09\/10090421\/trauma.webp 984w, https:\/\/pbagora.s3.amazonaws.com\/2024\/09\/10090421\/trauma-300x169.webp 300w, https:\/\/pbagora.s3.amazonaws.com\/2024\/09\/10090421\/trauma-150x84.webp 150w, https:\/\/pbagora.s3.amazonaws.com\/2024\/09\/10090421\/trauma-768x432.webp 768w, https:\/\/pbagora.s3.amazonaws.com\/2024\/09\/10090421\/trauma-380x214.webp 380w, https:\/\/pbagora.s3.amazonaws.com\/2024\/09\/10090421\/trauma-800x450.webp 800w, https:\/\/pbagora.s3.amazonaws.com\/2024\/09\/10090421\/trauma-80x46.webp 80w, https:\/\/pbagora.s3.amazonaws.com\/2024\/09\/10090421\/trauma-760x427.webp 760w, https:\/\/pbagora.s3.amazonaws.com\/2024\/09\/10090421\/trauma-600x337.webp 600w\" sizes=\"(max-width: 984px) 100vw, 984px\" \/><\/p>\n<p>Na tarde desta quarta-feira (12), dois jovens foram v\u00edtimas de tentativa de assassinato entre os bairros dos Ip\u00eas e Mandacaru, em Jo\u00e3o Pessoa. Os feridos foram socorridos para o Hospital de Trauma.<\/p>\n\n\n\n<p>A ocorr\u00eancia foi registrada na Avenida Tancredo Neves e, de acordo com testemunhas, uma das v\u00edtimas estava trabalhando em um lava jato quando um jovem, supostamente adolescente, teria se aproximado e realizado os disparos.<\/p>\n\n\n\n<p>Amigos da v\u00edtima, ainda segundo relatos repassados \u00e0 pol\u00edcia, perseguiram o suspeito e tamb\u00e9m atiraram contra ele. <\/p>\n\n\n\n<p>Feridos, v\u00edtima e algoz foram socorridos em estado grave para o Hospital de Emerg\u00eancia e Trauma. Segundo a assessoria da unidade de sa\u00fade, o adolescente suspeito de efetuar os primeiros disparos segue na ala vermelha e corre risco de morte.<\/p>\n\n\n\n<p>A primeira v\u00edtima, mesmo com estado de sa\u00fade considerado grave, estava consciente no momento do atendimento m\u00e9dico e teria reconhecido o adolescente como autor da tentativa de homic\u00eddio contra ele.<\/p>\n\n\n\n<p>A Pol\u00edcia Civil ainda investiga a motiva\u00e7\u00e3o do ataque.<\/p>\n\n\n\n<p><\/p>\n\n\n\n<p><strong><em>PB Agora<\/em><\/strong><\/p>\n","protected":false},"excerpt":{"rendered":"<p><img loading=\"lazy\" decoding=\"async\" width=\"984\" height=\"553\" src=\"https:\/\/pbagora.s3.amazonaws.com\/2024\/09\/10090421\/trauma.webp\" class=\"attachment-large size-large wp-post-image\" alt=\"\"><\/p>\n<p>Na tarde desta quarta-feira (12), dois jovens foram v\u00edtimas de tentativa de assassinato entre os bairros dos Ip\u00eas\u2026<\/p>\n","protected":false},"author":123457,"featured_media":0,"comment_status":"closed","ping_status":"closed","sticky":false,"template":"","format":"standard","meta":{"advgb_blocks_editor_width":"","advgb_blocks_columns_visual_guide":"","footnotes":""},"categories":[34],"tags":[10841,35,10839],"class_list":["post-54505","post","type-post","status-publish","format-standard","hentry","category-g1","tag-destaque-centro-02","tag-g1","tag-policial"],"author_meta":{"display_name":"Reda\u00e7\u00e3o","author_link":"https:\/\/sindaopcpb.org.br\/author\/redacao\/"},"featured_img":null,"coauthors":[],"tax_additional":{"categories":{"linked":["<a href=\"https:\/\/sindaopcpb.org.br\/g1\/\" class=\"advgb-post-tax-term\">G1<\/a>"],"unlinked":["<span class=\"advgb-post-tax-term\">G1<\/span>"]},"tags":{"linked":["<a href=\"https:\/\/sindaopcpb.org.br\/g1\/\" class=\"advgb-post-tax-term\">Destaque Centro 02<\/a>","<a href=\"https:\/\/sindaopcpb.org.br\/g1\/\" class=\"advgb-post-tax-term\">g1<\/a>","<a href=\"https:\/\/sindaopcpb.org.br\/g1\/\" class=\"advgb-post-tax-term\">Policial<\/a>"],"unlinked":["<span class=\"advgb-post-tax-term\">Destaque Centro 02<\/span>","<span class=\"advgb-post-tax-term\">g1<\/span>","<span class=\"advgb-post-tax-term\">Policial<\/span>"]}},"comment_count":"0","relative_dates":{"created":"Publicado 1 ano atr\u00e1s","modified":"Atualizado 1 ano atr\u00e1s"},"absolute_dates":{"created":"Publicado em 12 de fevereiro de 2025","modified":"Atualizado em 12 de fevereiro de 2025"},"absolute_dates_time":{"created":"Publicado em 12 de fevereiro de 2025 17:40","modified":"Atualizado em 12 de fevereiro de 2025 17:40"},"featured_img_caption":"","series_order":"","_links":{"self":[{"href":"https:\/\/sindaopcpb.org.br\/index.php\/wp-json\/wp\/v2\/posts\/54505","targetHints":{"allow":["GET"]}}],"collection":[{"href":"https:\/\/sindaopcpb.org.br\/index.php\/wp-json\/wp\/v2\/posts"}],"about":[{"href":"https:\/\/sindaopcpb.org.br\/index.php\/wp-json\/wp\/v2\/types\/post"}],"author":[{"embeddable":true,"href":"https:\/\/sindaopcpb.org.br\/index.php\/wp-json\/wp\/v2\/users\/123457"}],"replies":[{"embeddable":true,"href":"https:\/\/sindaopcpb.org.br\/index.php\/wp-json\/wp\/v2\/comments?post=54505"}],"version-history":[{"count":2,"href":"https:\/\/sindaopcpb.org.br\/index.php\/wp-json\/wp\/v2\/posts\/54505\/revisions"}],"predecessor-version":[{"id":54516,"href":"https:\/\/sindaopcpb.org.br\/index.php\/wp-json\/wp\/v2\/posts\/54505\/revisions\/54516"}],"wp:attachment":[{"href":"https:\/\/sindaopcpb.org.br\/index.php\/wp-json\/wp\/v2\/media?parent=54505"}],"wp:term":[{"taxonomy":"category","embeddable":true,"href":"https:\/\/sindaopcpb.org.br\/index.php\/wp-json\/wp\/v2\/categories?post=54505"},{"taxonomy":"post_tag","embeddable":true,"href":"https:\/\/sindaopcpb.org.br\/index.php\/wp-json\/wp\/v2\/tags?post=54505"}],"curies":[{"name":"wp","href":"https:\/\/api.w.org\/{rel}","templated":true}]}}