{"id":54429,"date":"2025-02-11T06:28:21","date_gmt":"2025-02-11T09:28:21","guid":{"rendered":"https:\/\/www.pbagora.com.br\/?p=886714"},"modified":"2025-02-11T06:28:21","modified_gmt":"2025-02-11T09:28:21","slug":"uma-pessoa-fica-ferida-em-colisao-envolvendo-uma-moto-e-um-onibus-no-bairro-do-geisel-em-jp","status":"publish","type":"post","link":"https:\/\/sindaopcpb.org.br\/index.php\/2025\/02\/11\/uma-pessoa-fica-ferida-em-colisao-envolvendo-uma-moto-e-um-onibus-no-bairro-do-geisel-em-jp\/","title":{"rendered":"Uma pessoa fica ferida em colis\u00e3o envolvendo uma moto e um \u00f4nibus no bairro do Geisel, em JP"},"content":{"rendered":"<p><img width=\"984\" height=\"554\" src=\"https:\/\/pbagora.s3.amazonaws.com\/2023\/06\/14163552\/trauma.webp\" class=\"attachment-large size-large wp-post-image\" alt=\"\" style=\"margin-bottom: 20px;\" decoding=\"async\" loading=\"lazy\" srcset=\"https:\/\/pbagora.s3.amazonaws.com\/2023\/06\/14163552\/trauma.webp 984w, https:\/\/pbagora.s3.amazonaws.com\/2023\/06\/14163552\/trauma-300x169.webp 300w, https:\/\/pbagora.s3.amazonaws.com\/2023\/06\/14163552\/trauma-150x84.webp 150w, https:\/\/pbagora.s3.amazonaws.com\/2023\/06\/14163552\/trauma-768x432.webp 768w, https:\/\/pbagora.s3.amazonaws.com\/2023\/06\/14163552\/trauma-380x214.webp 380w, https:\/\/pbagora.s3.amazonaws.com\/2023\/06\/14163552\/trauma-800x450.webp 800w, https:\/\/pbagora.s3.amazonaws.com\/2023\/06\/14163552\/trauma-80x46.webp 80w, https:\/\/pbagora.s3.amazonaws.com\/2023\/06\/14163552\/trauma-760x428.webp 760w, https:\/\/pbagora.s3.amazonaws.com\/2023\/06\/14163552\/trauma-600x338.webp 600w\" sizes=\"auto, (max-width: 984px) 100vw, 984px\" \/><\/p>\n<p><\/p>\n\n\n\n<p>Uma pessoa ficou ferida em acidente entre uma moto e um \u00f4nibus na noite de ontem (10), no bairro Geisel, em Jo\u00e3o Pessoa. O fato ocorreu em uma das vias principais que d\u00e1 acesso a bairros como \u00c1gua Fria e Cui\u00e1, em uma \u00e1rea de m\u00e3o dupla bastante movimentada. A v\u00edtima, que estava conduzindo a motocicleta, perdeu o controle do ve\u00edculo, invadiu a faixa contr\u00e1ria e colidiu na lateral do \u00f4nibus.<\/p>\n\n\n\n<p>De acordo com dados de pessoas que estavam pr\u00f3ximas, ap\u00f3s a colis\u00e3o, a v\u00edtima foi ao solo e ficou consciente e orientada. Embora os primeiros sinais n\u00e3o indiquem ferimentos graves, a pessoa reclamava de dores na regi\u00e3o da coluna e lombar, comuns ap\u00f3s um impacto desse tipo. O SAMU foi acionado para realizar o socorro, mas at\u00e9 o momento da reportagem, a ambul\u00e2ncia ainda n\u00e3o havia chegado devido \u00e0 grande demanda de atendimentos de emerg\u00eancia na regi\u00e3o.<\/p>\n\n\n\n<p>Uma equipe do Corpo de Bombeiros tamb\u00e9m esteve no local e, com base em sua avalia\u00e7\u00e3o, informou que a v\u00edtima parecia estar fora de risco iminente, mas que precisaria ser levada para um hospital para exames mais detalhados. A fiscaliza\u00e7\u00e3o das condi\u00e7\u00f5es de seguran\u00e7a no tr\u00e2nsito e o uso adequado de equipamentos de prote\u00e7\u00e3o, como capacetes, s\u00e3o apontados como fatores cruciais para evitar acidentes como este, que s\u00e3o comuns entre motoqueiros.<\/p>\n\n\n\n<p>O tr\u00e2nsito na regi\u00e3o foi desviado para garantir a seguran\u00e7a da v\u00edtima e dos motoristas, o que causou interrup\u00e7\u00f5es no fluxo de ve\u00edculos.<\/p>\n\n\n\n<p>Reda\u00e7\u00e3o<\/p>\n","protected":false},"excerpt":{"rendered":"<p><img loading=\"lazy\" decoding=\"async\" width=\"984\" height=\"554\" src=\"https:\/\/pbagora.s3.amazonaws.com\/2023\/06\/14163552\/trauma.webp\" class=\"attachment-large size-large wp-post-image\" alt=\"\"><\/p>\n<p>Uma pessoa ficou ferida em acidente entre uma moto e um \u00f4nibus na noite de ontem (10), no\u2026<\/p>\n","protected":false},"author":123457,"featured_media":0,"comment_status":"closed","ping_status":"closed","sticky":false,"template":"","format":"standard","meta":{"advgb_blocks_editor_width":"","advgb_blocks_columns_visual_guide":"","footnotes":""},"categories":[34],"tags":[35,10839,10844],"class_list":["post-54429","post","type-post","status-publish","format-standard","hentry","category-g1","tag-g1","tag-policial","tag-principal2"],"author_meta":{"display_name":"Reda\u00e7\u00e3o","author_link":"https:\/\/sindaopcpb.org.br\/author\/redacao\/"},"featured_img":null,"coauthors":[],"tax_additional":{"categories":{"linked":["<a href=\"https:\/\/sindaopcpb.org.br\/g1\/\" class=\"advgb-post-tax-term\">G1<\/a>"],"unlinked":["<span class=\"advgb-post-tax-term\">G1<\/span>"]},"tags":{"linked":["<a href=\"https:\/\/sindaopcpb.org.br\/g1\/\" class=\"advgb-post-tax-term\">g1<\/a>","<a href=\"https:\/\/sindaopcpb.org.br\/g1\/\" class=\"advgb-post-tax-term\">Policial<\/a>","<a href=\"https:\/\/sindaopcpb.org.br\/g1\/\" class=\"advgb-post-tax-term\">Principal2<\/a>"],"unlinked":["<span class=\"advgb-post-tax-term\">g1<\/span>","<span class=\"advgb-post-tax-term\">Policial<\/span>","<span class=\"advgb-post-tax-term\">Principal2<\/span>"]}},"comment_count":"0","relative_dates":{"created":"Publicado 1 ano atr\u00e1s","modified":"Atualizado 1 ano atr\u00e1s"},"absolute_dates":{"created":"Publicado em 11 de fevereiro de 2025","modified":"Atualizado em 11 de fevereiro de 2025"},"absolute_dates_time":{"created":"Publicado em 11 de fevereiro de 2025 06:28","modified":"Atualizado em 11 de fevereiro de 2025 06:28"},"featured_img_caption":"","series_order":"","_links":{"self":[{"href":"https:\/\/sindaopcpb.org.br\/index.php\/wp-json\/wp\/v2\/posts\/54429","targetHints":{"allow":["GET"]}}],"collection":[{"href":"https:\/\/sindaopcpb.org.br\/index.php\/wp-json\/wp\/v2\/posts"}],"about":[{"href":"https:\/\/sindaopcpb.org.br\/index.php\/wp-json\/wp\/v2\/types\/post"}],"author":[{"embeddable":true,"href":"https:\/\/sindaopcpb.org.br\/index.php\/wp-json\/wp\/v2\/users\/123457"}],"replies":[{"embeddable":true,"href":"https:\/\/sindaopcpb.org.br\/index.php\/wp-json\/wp\/v2\/comments?post=54429"}],"version-history":[{"count":1,"href":"https:\/\/sindaopcpb.org.br\/index.php\/wp-json\/wp\/v2\/posts\/54429\/revisions"}],"predecessor-version":[{"id":54431,"href":"https:\/\/sindaopcpb.org.br\/index.php\/wp-json\/wp\/v2\/posts\/54429\/revisions\/54431"}],"wp:attachment":[{"href":"https:\/\/sindaopcpb.org.br\/index.php\/wp-json\/wp\/v2\/media?parent=54429"}],"wp:term":[{"taxonomy":"category","embeddable":true,"href":"https:\/\/sindaopcpb.org.br\/index.php\/wp-json\/wp\/v2\/categories?post=54429"},{"taxonomy":"post_tag","embeddable":true,"href":"https:\/\/sindaopcpb.org.br\/index.php\/wp-json\/wp\/v2\/tags?post=54429"}],"curies":[{"name":"wp","href":"https:\/\/api.w.org\/{rel}","templated":true}]}}