{"id":54426,"date":"2025-02-11T06:35:48","date_gmt":"2025-02-11T09:35:48","guid":{"rendered":"https:\/\/www.pbagora.com.br\/?p=886716"},"modified":"2025-02-11T06:35:48","modified_gmt":"2025-02-11T09:35:48","slug":"policia-prende-homem-com-arma-e-drogas-no-parque-do-sol-em-joao-pessoa-2","status":"publish","type":"post","link":"https:\/\/sindaopcpb.org.br\/index.php\/2025\/02\/11\/policia-prende-homem-com-arma-e-drogas-no-parque-do-sol-em-joao-pessoa-2\/","title":{"rendered":"Pol\u00edcia prende homem com arma e drogas no Parque do Sol, em Jo\u00e3o Pessoa"},"content":{"rendered":"<p><img width=\"646\" height=\"402\" src=\"https:\/\/pbagora.s3.amazonaws.com\/2023\/10\/28084530\/csm_forca_tatica_pm_137dc2aa8c.jpeg\" class=\"attachment-large size-large wp-post-image\" alt=\"\" style=\"margin-bottom: 20px;\" decoding=\"async\" srcset=\"https:\/\/pbagora.s3.amazonaws.com\/2023\/10\/28084530\/csm_forca_tatica_pm_137dc2aa8c.jpeg 646w, https:\/\/pbagora.s3.amazonaws.com\/2023\/10\/28084530\/csm_forca_tatica_pm_137dc2aa8c-300x187.jpeg 300w, https:\/\/pbagora.s3.amazonaws.com\/2023\/10\/28084530\/csm_forca_tatica_pm_137dc2aa8c-150x93.jpeg 150w, https:\/\/pbagora.s3.amazonaws.com\/2023\/10\/28084530\/csm_forca_tatica_pm_137dc2aa8c-380x236.jpeg 380w, https:\/\/pbagora.s3.amazonaws.com\/2023\/10\/28084530\/csm_forca_tatica_pm_137dc2aa8c-80x50.jpeg 80w, https:\/\/pbagora.s3.amazonaws.com\/2023\/10\/28084530\/csm_forca_tatica_pm_137dc2aa8c-600x373.jpeg 600w\" sizes=\"(max-width: 646px) 100vw, 646px\" \/><\/p>\n<p><\/p>\n\n\n\n<p>Uma equipe da For\u00e7a T\u00e1tica da Pol\u00edcia Militar realizou na tarde de ontem (10), a pris\u00e3o de um homem e a apreens\u00e3o de drogas e uma arma de fogo no loteamento Parque do Sol, no bairro Gramame, regi\u00e3o do Valentina Figueiredo, em Jo\u00e3o Pessoa.<\/p>\n\n\n\n<p>De acordo com o tenente Lima, a equipe realizava uma ronda de rotina na \u00e1rea, conhecida pelo intenso tr\u00e1fico de drogas, quando o suspeito foi avistado com um rev\u00f3lver calibre .32 em punho. Ao notar a aproxima\u00e7\u00e3o da pol\u00edcia, ele jogou a arma no ch\u00e3o e tentou fugir, mas acabou detido pela guarni\u00e7\u00e3o.<\/p>\n\n\n\n<p>Durante a abordagem, os policiais encontraram com ele trouxinhas de maconha, muni\u00e7\u00f5es e uma balan\u00e7a de precis\u00e3o, al\u00e9m de uma pochete contendo por\u00e7\u00f5es fracionadas da droga, o que caracteriza o tr\u00e1fico de entorpecentes.<\/p>\n\n\n\n<p>O suspeito alegou que n\u00e3o tinha antecedentes criminais, mas a pol\u00edcia ainda realiza consultas para confirmar a informa\u00e7\u00e3o. Ele foi encaminhado para a Central de Pol\u00edcia, onde ficar\u00e1 \u00e0 disposi\u00e7\u00e3o da Justi\u00e7a.<\/p>\n\n\n\n<p>A For\u00e7a T\u00e1tica informou que segue intensificando rondas na regi\u00e3o, considerada um dos principais pontos de tr\u00e1fico de drogas da cidade, com o objetivo de combater a criminalidade e retirar armas de circula\u00e7\u00e3o.<\/p>\n\n\n\n<p>Reda\u00e7\u00e3o<\/p>\n","protected":false},"excerpt":{"rendered":"<p><img loading=\"lazy\" decoding=\"async\" width=\"646\" height=\"402\" src=\"https:\/\/pbagora.s3.amazonaws.com\/2023\/10\/28084530\/csm_forca_tatica_pm_137dc2aa8c.jpeg\" class=\"attachment-large size-large wp-post-image\" alt=\"\"><\/p>\n<p>Uma equipe da For\u00e7a T\u00e1tica da Pol\u00edcia Militar realizou na tarde de ontem (10), a pris\u00e3o de um\u2026<\/p>\n","protected":false},"author":123457,"featured_media":0,"comment_status":"closed","ping_status":"closed","sticky":false,"template":"","format":"standard","meta":{"advgb_blocks_editor_width":"","advgb_blocks_columns_visual_guide":"","footnotes":""},"categories":[34],"tags":[35,10839,10842],"class_list":["post-54426","post","type-post","status-publish","format-standard","hentry","category-g1","tag-g1","tag-policial","tag-principal3"],"author_meta":{"display_name":"Reda\u00e7\u00e3o","author_link":"https:\/\/sindaopcpb.org.br\/author\/redacao\/"},"featured_img":null,"coauthors":[],"tax_additional":{"categories":{"linked":["<a href=\"https:\/\/sindaopcpb.org.br\/g1\/\" class=\"advgb-post-tax-term\">G1<\/a>"],"unlinked":["<span class=\"advgb-post-tax-term\">G1<\/span>"]},"tags":{"linked":["<a href=\"https:\/\/sindaopcpb.org.br\/g1\/\" class=\"advgb-post-tax-term\">g1<\/a>","<a href=\"https:\/\/sindaopcpb.org.br\/g1\/\" class=\"advgb-post-tax-term\">Policial<\/a>","<a href=\"https:\/\/sindaopcpb.org.br\/g1\/\" class=\"advgb-post-tax-term\">Principal3<\/a>"],"unlinked":["<span class=\"advgb-post-tax-term\">g1<\/span>","<span class=\"advgb-post-tax-term\">Policial<\/span>","<span class=\"advgb-post-tax-term\">Principal3<\/span>"]}},"comment_count":"0","relative_dates":{"created":"Publicado 1 ano atr\u00e1s","modified":"Atualizado 1 ano atr\u00e1s"},"absolute_dates":{"created":"Publicado em 11 de fevereiro de 2025","modified":"Atualizado em 11 de fevereiro de 2025"},"absolute_dates_time":{"created":"Publicado em 11 de fevereiro de 2025 06:35","modified":"Atualizado em 11 de fevereiro de 2025 06:35"},"featured_img_caption":"","series_order":"","_links":{"self":[{"href":"https:\/\/sindaopcpb.org.br\/index.php\/wp-json\/wp\/v2\/posts\/54426","targetHints":{"allow":["GET"]}}],"collection":[{"href":"https:\/\/sindaopcpb.org.br\/index.php\/wp-json\/wp\/v2\/posts"}],"about":[{"href":"https:\/\/sindaopcpb.org.br\/index.php\/wp-json\/wp\/v2\/types\/post"}],"author":[{"embeddable":true,"href":"https:\/\/sindaopcpb.org.br\/index.php\/wp-json\/wp\/v2\/users\/123457"}],"replies":[{"embeddable":true,"href":"https:\/\/sindaopcpb.org.br\/index.php\/wp-json\/wp\/v2\/comments?post=54426"}],"version-history":[{"count":2,"href":"https:\/\/sindaopcpb.org.br\/index.php\/wp-json\/wp\/v2\/posts\/54426\/revisions"}],"predecessor-version":[{"id":54440,"href":"https:\/\/sindaopcpb.org.br\/index.php\/wp-json\/wp\/v2\/posts\/54426\/revisions\/54440"}],"wp:attachment":[{"href":"https:\/\/sindaopcpb.org.br\/index.php\/wp-json\/wp\/v2\/media?parent=54426"}],"wp:term":[{"taxonomy":"category","embeddable":true,"href":"https:\/\/sindaopcpb.org.br\/index.php\/wp-json\/wp\/v2\/categories?post=54426"},{"taxonomy":"post_tag","embeddable":true,"href":"https:\/\/sindaopcpb.org.br\/index.php\/wp-json\/wp\/v2\/tags?post=54426"}],"curies":[{"name":"wp","href":"https:\/\/api.w.org\/{rel}","templated":true}]}}