{"id":54402,"date":"2025-02-09T13:59:16","date_gmt":"2025-02-09T16:59:16","guid":{"rendered":"https:\/\/www.pbagora.com.br\/?p=886489"},"modified":"2025-02-09T13:59:16","modified_gmt":"2025-02-09T16:59:16","slug":"vigilante-e-assassinado-durante-troca-de-plantao-em-santa-rita","status":"publish","type":"post","link":"https:\/\/sindaopcpb.org.br\/index.php\/2025\/02\/09\/vigilante-e-assassinado-durante-troca-de-plantao-em-santa-rita\/","title":{"rendered":"Vigilante \u00e9 assassinado durante troca de plant\u00e3o, em Santa Rita"},"content":{"rendered":"<p><img width=\"415\" height=\"259\" src=\"https:\/\/pbagora.s3.amazonaws.com\/2025\/02\/09135903\/Captura-de-tela-2025-02-09-135839.png\" class=\"attachment-large size-large wp-post-image\" alt=\"\" style=\"margin-bottom: 20px;\" decoding=\"async\" srcset=\"https:\/\/pbagora.s3.amazonaws.com\/2025\/02\/09135903\/Captura-de-tela-2025-02-09-135839.png 415w, https:\/\/pbagora.s3.amazonaws.com\/2025\/02\/09135903\/Captura-de-tela-2025-02-09-135839-300x187.png 300w, https:\/\/pbagora.s3.amazonaws.com\/2025\/02\/09135903\/Captura-de-tela-2025-02-09-135839-150x94.png 150w, https:\/\/pbagora.s3.amazonaws.com\/2025\/02\/09135903\/Captura-de-tela-2025-02-09-135839-380x237.png 380w, https:\/\/pbagora.s3.amazonaws.com\/2025\/02\/09135903\/Captura-de-tela-2025-02-09-135839-80x50.png 80w\" sizes=\"(max-width: 415px) 100vw, 415px\" \/><\/p>\n<p>Um vigilante de 52 anos foi assassinado a tiros na noite de s\u00e1bado (8) enquanto realizava a troca de plant\u00e3o no posto de combust\u00edveis onde trabalhava, situado na BR-101, em Santa Rita.<\/p>\n\n\n\n<p>O homem prestava servi\u00e7os para uma empresa terceirizada e atuava na seguran\u00e7a da conveni\u00eancia do posto.<\/p>\n\n\n\n<p>Em entrevista \u00e0 TV Cabo Branco, colegas de trabalho relataram que a v\u00edtima era muito respeitada e querida no ambiente profissional.<\/p>\n\n\n\n<p>At\u00e9 o momento, nenhum suspeito foi identificado ou preso. A motiva\u00e7\u00e3o do crime ainda \u00e9 desconhecida, e a Pol\u00edcia Civil continua investigando o caso.<\/p>\n\n\n\n<p><strong><em>Reda\u00e7\u00e3o<\/em><\/strong><\/p>\n","protected":false},"excerpt":{"rendered":"<p><img loading=\"lazy\" decoding=\"async\" width=\"415\" height=\"259\" src=\"https:\/\/pbagora.s3.amazonaws.com\/2025\/02\/09135903\/Captura-de-tela-2025-02-09-135839.png\" class=\"attachment-large size-large wp-post-image\" alt=\"\"><\/p>\n<p>Um vigilante de 52 anos foi assassinado a tiros na noite de s\u00e1bado (8) enquanto realizava a troca\u2026<\/p>\n","protected":false},"author":123457,"featured_media":0,"comment_status":"closed","ping_status":"closed","sticky":false,"template":"","format":"standard","meta":{"advgb_blocks_editor_width":"","advgb_blocks_columns_visual_guide":"","footnotes":""},"categories":[34],"tags":[35,10839,10842],"class_list":["post-54402","post","type-post","status-publish","format-standard","hentry","category-g1","tag-g1","tag-policial","tag-principal3"],"author_meta":{"display_name":"Reda\u00e7\u00e3o","author_link":"https:\/\/sindaopcpb.org.br\/author\/redacao\/"},"featured_img":null,"coauthors":[],"tax_additional":{"categories":{"linked":["<a href=\"https:\/\/sindaopcpb.org.br\/g1\/\" class=\"advgb-post-tax-term\">G1<\/a>"],"unlinked":["<span class=\"advgb-post-tax-term\">G1<\/span>"]},"tags":{"linked":["<a href=\"https:\/\/sindaopcpb.org.br\/g1\/\" class=\"advgb-post-tax-term\">g1<\/a>","<a href=\"https:\/\/sindaopcpb.org.br\/g1\/\" class=\"advgb-post-tax-term\">Policial<\/a>","<a href=\"https:\/\/sindaopcpb.org.br\/g1\/\" class=\"advgb-post-tax-term\">Principal3<\/a>"],"unlinked":["<span class=\"advgb-post-tax-term\">g1<\/span>","<span class=\"advgb-post-tax-term\">Policial<\/span>","<span class=\"advgb-post-tax-term\">Principal3<\/span>"]}},"comment_count":"0","relative_dates":{"created":"Publicado 1 ano atr\u00e1s","modified":"Atualizado 1 ano atr\u00e1s"},"absolute_dates":{"created":"Publicado em 9 de fevereiro de 2025","modified":"Atualizado em 9 de fevereiro de 2025"},"absolute_dates_time":{"created":"Publicado em 9 de fevereiro de 2025 13:59","modified":"Atualizado em 9 de fevereiro de 2025 13:59"},"featured_img_caption":"","series_order":"","_links":{"self":[{"href":"https:\/\/sindaopcpb.org.br\/index.php\/wp-json\/wp\/v2\/posts\/54402","targetHints":{"allow":["GET"]}}],"collection":[{"href":"https:\/\/sindaopcpb.org.br\/index.php\/wp-json\/wp\/v2\/posts"}],"about":[{"href":"https:\/\/sindaopcpb.org.br\/index.php\/wp-json\/wp\/v2\/types\/post"}],"author":[{"embeddable":true,"href":"https:\/\/sindaopcpb.org.br\/index.php\/wp-json\/wp\/v2\/users\/123457"}],"replies":[{"embeddable":true,"href":"https:\/\/sindaopcpb.org.br\/index.php\/wp-json\/wp\/v2\/comments?post=54402"}],"version-history":[{"count":3,"href":"https:\/\/sindaopcpb.org.br\/index.php\/wp-json\/wp\/v2\/posts\/54402\/revisions"}],"predecessor-version":[{"id":54413,"href":"https:\/\/sindaopcpb.org.br\/index.php\/wp-json\/wp\/v2\/posts\/54402\/revisions\/54413"}],"wp:attachment":[{"href":"https:\/\/sindaopcpb.org.br\/index.php\/wp-json\/wp\/v2\/media?parent=54402"}],"wp:term":[{"taxonomy":"category","embeddable":true,"href":"https:\/\/sindaopcpb.org.br\/index.php\/wp-json\/wp\/v2\/categories?post=54402"},{"taxonomy":"post_tag","embeddable":true,"href":"https:\/\/sindaopcpb.org.br\/index.php\/wp-json\/wp\/v2\/tags?post=54402"}],"curies":[{"name":"wp","href":"https:\/\/api.w.org\/{rel}","templated":true}]}}