{"id":54264,"date":"2025-02-04T16:10:19","date_gmt":"2025-02-04T19:10:19","guid":{"rendered":"https:\/\/www.pbagora.com.br\/?p=885795"},"modified":"2025-02-04T16:10:19","modified_gmt":"2025-02-04T19:10:19","slug":"acao-policial-apreende-drogas-e-espingarda-em-casa-utilizada-por-faccao-criminosa-em-bayeux","status":"publish","type":"post","link":"https:\/\/sindaopcpb.org.br\/index.php\/2025\/02\/04\/acao-policial-apreende-drogas-e-espingarda-em-casa-utilizada-por-faccao-criminosa-em-bayeux\/","title":{"rendered":"A\u00e7\u00e3o policial apreende drogas e espingarda em casa utilizada por fac\u00e7\u00e3o criminosa em Bayeux"},"content":{"rendered":"<p><img width=\"1024\" height=\"768\" src=\"https:\/\/pbagora.s3.amazonaws.com\/2025\/02\/04141503\/2d83ff3a-7df3-43a3-8d9b-2a0b53fe86bf-1024x768.jpeg\" class=\"attachment-large size-large wp-post-image\" alt=\"\" style=\"margin-bottom: 20px;\" decoding=\"async\" loading=\"lazy\" srcset=\"https:\/\/pbagora.s3.amazonaws.com\/2025\/02\/04141503\/2d83ff3a-7df3-43a3-8d9b-2a0b53fe86bf-1024x768.jpeg 1024w, https:\/\/pbagora.s3.amazonaws.com\/2025\/02\/04141503\/2d83ff3a-7df3-43a3-8d9b-2a0b53fe86bf-300x225.jpeg 300w, https:\/\/pbagora.s3.amazonaws.com\/2025\/02\/04141503\/2d83ff3a-7df3-43a3-8d9b-2a0b53fe86bf-150x113.jpeg 150w, https:\/\/pbagora.s3.amazonaws.com\/2025\/02\/04141503\/2d83ff3a-7df3-43a3-8d9b-2a0b53fe86bf-768x576.jpeg 768w, https:\/\/pbagora.s3.amazonaws.com\/2025\/02\/04141503\/2d83ff3a-7df3-43a3-8d9b-2a0b53fe86bf-1536x1152.jpeg 1536w, https:\/\/pbagora.s3.amazonaws.com\/2025\/02\/04141503\/2d83ff3a-7df3-43a3-8d9b-2a0b53fe86bf-200x150.jpeg 200w, https:\/\/pbagora.s3.amazonaws.com\/2025\/02\/04141503\/2d83ff3a-7df3-43a3-8d9b-2a0b53fe86bf-260x195.jpeg 260w, https:\/\/pbagora.s3.amazonaws.com\/2025\/02\/04141503\/2d83ff3a-7df3-43a3-8d9b-2a0b53fe86bf-380x285.jpeg 380w, https:\/\/pbagora.s3.amazonaws.com\/2025\/02\/04141503\/2d83ff3a-7df3-43a3-8d9b-2a0b53fe86bf-800x600.jpeg 800w, https:\/\/pbagora.s3.amazonaws.com\/2025\/02\/04141503\/2d83ff3a-7df3-43a3-8d9b-2a0b53fe86bf-1160x870.jpeg 1160w, https:\/\/pbagora.s3.amazonaws.com\/2025\/02\/04141503\/2d83ff3a-7df3-43a3-8d9b-2a0b53fe86bf-80x60.jpeg 80w, https:\/\/pbagora.s3.amazonaws.com\/2025\/02\/04141503\/2d83ff3a-7df3-43a3-8d9b-2a0b53fe86bf-600x450.jpeg 600w, https:\/\/pbagora.s3.amazonaws.com\/2025\/02\/04141503\/2d83ff3a-7df3-43a3-8d9b-2a0b53fe86bf-520x390.jpeg 520w, https:\/\/pbagora.s3.amazonaws.com\/2025\/02\/04141503\/2d83ff3a-7df3-43a3-8d9b-2a0b53fe86bf-760x570.jpeg 760w, https:\/\/pbagora.s3.amazonaws.com\/2025\/02\/04141503\/2d83ff3a-7df3-43a3-8d9b-2a0b53fe86bf.jpeg 1600w\" sizes=\"auto, (max-width: 1024px) 100vw, 1024px\" \/><\/p>\n<p>Em mais uma opera\u00e7\u00e3o contra o crime organizado, a Pol\u00edcia Civil da Para\u00edba apreendeu uma espingarda calibre 12 e diversas por\u00e7\u00f5es de drogas durante uma a\u00e7\u00e3o realizada na cidade de Bayeux, na \u00faltima segunda-feira (3). A opera\u00e7\u00e3o foi conduzida por equipes da 4\u00aa Delegacia Seccional e resultou tamb\u00e9m na apreens\u00e3o de um adolescente suspeito de envolvimento com o tr\u00e1fico de drogas.<\/p>\n\n\n\n<p>A casa onde a apreens\u00e3o foi realizada era utilizada por uma fac\u00e7\u00e3o criminosa para planejar ataques contra grupos rivais. Al\u00e9m da espingarda, os policiais encontraram por\u00e7\u00f5es de maconha, coca\u00edna e crack, balan\u00e7as de precis\u00e3o, radiocomunicadores, c\u00e2meras de seguran\u00e7a, muni\u00e7\u00f5es e gandolas camufladas.<\/p>\n\n\n\n<p>A Pol\u00edcia Civil j\u00e1 identificou outros integrantes do grupo criminoso e deve representar, junto \u00e0 Justi\u00e7a, pelos pedidos de pris\u00e3o dos investigados, que s\u00e3o suspeitos de envolvimento em homic\u00eddios e tr\u00e1fico de drogas na regi\u00e3o. A corpora\u00e7\u00e3o segue intensificando as investiga\u00e7\u00f5es e refor\u00e7ando o combate ao crime organizado no estado.<\/p>\n","protected":false},"excerpt":{"rendered":"<p><img decoding=\"async\" width=\"1024\" height=\"768\" src=\"https:\/\/pbagora.s3.amazonaws.com\/2025\/02\/04141503\/2d83ff3a-7df3-43a3-8d9b-2a0b53fe86bf-1024x768.jpeg\" class=\"attachment-large size-large wp-post-image\" alt=\"\" loading=\"lazy\"><\/p>\n<p>Em mais uma opera\u00e7\u00e3o contra o crime organizado, a Pol\u00edcia Civil da Para\u00edba apreendeu uma espingarda calibre 12\u2026<\/p>\n","protected":false},"author":123458,"featured_media":0,"comment_status":"closed","ping_status":"closed","sticky":false,"template":"","format":"standard","meta":{"advgb_blocks_editor_width":"","advgb_blocks_columns_visual_guide":"","footnotes":""},"categories":[34],"tags":[10840,35,10839],"class_list":["post-54264","post","type-post","status-publish","format-standard","hentry","category-g1","tag-destaque-centro-03","tag-g1","tag-policial"],"author_meta":{"display_name":"Feliphe Rojas","author_link":"https:\/\/sindaopcpb.org.br\/author\/feliphe-rojas\/"},"featured_img":null,"coauthors":[],"tax_additional":{"categories":{"linked":["<a href=\"https:\/\/sindaopcpb.org.br\/g1\/\" class=\"advgb-post-tax-term\">G1<\/a>"],"unlinked":["<span class=\"advgb-post-tax-term\">G1<\/span>"]},"tags":{"linked":["<a href=\"https:\/\/sindaopcpb.org.br\/g1\/\" class=\"advgb-post-tax-term\">Destaque Centro 03<\/a>","<a href=\"https:\/\/sindaopcpb.org.br\/g1\/\" class=\"advgb-post-tax-term\">g1<\/a>","<a href=\"https:\/\/sindaopcpb.org.br\/g1\/\" class=\"advgb-post-tax-term\">Policial<\/a>"],"unlinked":["<span class=\"advgb-post-tax-term\">Destaque Centro 03<\/span>","<span class=\"advgb-post-tax-term\">g1<\/span>","<span class=\"advgb-post-tax-term\">Policial<\/span>"]}},"comment_count":"0","relative_dates":{"created":"Publicado 1 ano atr\u00e1s","modified":"Atualizado 1 ano atr\u00e1s"},"absolute_dates":{"created":"Publicado em 4 de fevereiro de 2025","modified":"Atualizado em 4 de fevereiro de 2025"},"absolute_dates_time":{"created":"Publicado em 4 de fevereiro de 2025 16:10","modified":"Atualizado em 4 de fevereiro de 2025 16:10"},"featured_img_caption":"","series_order":"","_links":{"self":[{"href":"https:\/\/sindaopcpb.org.br\/index.php\/wp-json\/wp\/v2\/posts\/54264","targetHints":{"allow":["GET"]}}],"collection":[{"href":"https:\/\/sindaopcpb.org.br\/index.php\/wp-json\/wp\/v2\/posts"}],"about":[{"href":"https:\/\/sindaopcpb.org.br\/index.php\/wp-json\/wp\/v2\/types\/post"}],"author":[{"embeddable":true,"href":"https:\/\/sindaopcpb.org.br\/index.php\/wp-json\/wp\/v2\/users\/123458"}],"replies":[{"embeddable":true,"href":"https:\/\/sindaopcpb.org.br\/index.php\/wp-json\/wp\/v2\/comments?post=54264"}],"version-history":[{"count":1,"href":"https:\/\/sindaopcpb.org.br\/index.php\/wp-json\/wp\/v2\/posts\/54264\/revisions"}],"predecessor-version":[{"id":54265,"href":"https:\/\/sindaopcpb.org.br\/index.php\/wp-json\/wp\/v2\/posts\/54264\/revisions\/54265"}],"wp:attachment":[{"href":"https:\/\/sindaopcpb.org.br\/index.php\/wp-json\/wp\/v2\/media?parent=54264"}],"wp:term":[{"taxonomy":"category","embeddable":true,"href":"https:\/\/sindaopcpb.org.br\/index.php\/wp-json\/wp\/v2\/categories?post=54264"},{"taxonomy":"post_tag","embeddable":true,"href":"https:\/\/sindaopcpb.org.br\/index.php\/wp-json\/wp\/v2\/tags?post=54264"}],"curies":[{"name":"wp","href":"https:\/\/api.w.org\/{rel}","templated":true}]}}