{"id":54237,"date":"2025-02-03T17:29:28","date_gmt":"2025-02-03T20:29:28","guid":{"rendered":"https:\/\/www.pbagora.com.br\/?p=885612"},"modified":"2025-02-03T17:29:28","modified_gmt":"2025-02-03T20:29:28","slug":"suspeito-de-homicidio-nas-primeiras-horas-da-sexta-passada-e-preso-pela-policia-civil","status":"publish","type":"post","link":"https:\/\/sindaopcpb.org.br\/index.php\/2025\/02\/03\/suspeito-de-homicidio-nas-primeiras-horas-da-sexta-passada-e-preso-pela-policia-civil\/","title":{"rendered":"Suspeito de homic\u00eddio nas primeiras horas da sexta passada \u00e9 preso pela Pol\u00edcia Civil"},"content":{"rendered":"<p><img width=\"768\" height=\"512\" src=\"https:\/\/pbagora.s3.amazonaws.com\/2024\/10\/24092403\/civil-homicidios.jpeg\" class=\"attachment-large size-large wp-post-image\" alt=\"\" style=\"margin-bottom: 20px;\" decoding=\"async\" srcset=\"https:\/\/pbagora.s3.amazonaws.com\/2024\/10\/24092403\/civil-homicidios.jpeg 768w, https:\/\/pbagora.s3.amazonaws.com\/2024\/10\/24092403\/civil-homicidios-300x200.jpeg 300w, https:\/\/pbagora.s3.amazonaws.com\/2024\/10\/24092403\/civil-homicidios-150x100.jpeg 150w, https:\/\/pbagora.s3.amazonaws.com\/2024\/10\/24092403\/civil-homicidios-380x253.jpeg 380w, https:\/\/pbagora.s3.amazonaws.com\/2024\/10\/24092403\/civil-homicidios-80x53.jpeg 80w, https:\/\/pbagora.s3.amazonaws.com\/2024\/10\/24092403\/civil-homicidios-760x507.jpeg 760w, https:\/\/pbagora.s3.amazonaws.com\/2024\/10\/24092403\/civil-homicidios-600x400.jpeg 600w\" sizes=\"(max-width: 768px) 100vw, 768px\" \/><\/p>\n<p>A Pol\u00edcia Civil da Para\u00edba prendeu, nesta segunda-feira (3), um homem suspeito de envolvimento em um homic\u00eddio ocorrido nas primeiras horas da \u00faltima sexta-feira (31) em Jo\u00e3o Pessoa. A a\u00e7\u00e3o foi conduzida pela Delegacia de Crimes Contra a Pessoa (DCCPES).<\/p>\n\n\n\n<p>O suspeito, que teria atuado em coautoria com outro indiv\u00edduo j\u00e1 detido na pr\u00f3pria sexta-feira, foi capturado em flagrante durante a opera\u00e7\u00e3o. Al\u00e9m disso, contra ele tamb\u00e9m havia um mandado de pris\u00e3o preventiva expedido a partir das investiga\u00e7\u00f5es conduzidas pela DCCPES.<\/p>\n\n\n\n<p>As buscas pelo suspeito continuaram ao longo do fim de semana, com o apoio da Unidade de Intelig\u00eancia Policial (UNINTELPOL), resultando na sua localiza\u00e7\u00e3o e pris\u00e3o. Tanto ele quanto o comparsa foram apresentados \u00e0 autoridade policial e permanecem \u00e0 disposi\u00e7\u00e3o da Justi\u00e7a.<\/p>\n","protected":false},"excerpt":{"rendered":"<p><img loading=\"lazy\" decoding=\"async\" width=\"768\" height=\"512\" src=\"https:\/\/pbagora.s3.amazonaws.com\/2024\/10\/24092403\/civil-homicidios.jpeg\" class=\"attachment-large size-large wp-post-image\" alt=\"\"><\/p>\n<p>A Pol\u00edcia Civil da Para\u00edba prendeu, nesta segunda-feira (3), um homem suspeito de envolvimento em um homic\u00eddio ocorrido\u2026<\/p>\n","protected":false},"author":123458,"featured_media":0,"comment_status":"closed","ping_status":"closed","sticky":false,"template":"","format":"standard","meta":{"advgb_blocks_editor_width":"","advgb_blocks_columns_visual_guide":"","footnotes":""},"categories":[34],"tags":[10841,35,10839],"class_list":["post-54237","post","type-post","status-publish","format-standard","hentry","category-g1","tag-destaque-centro-02","tag-g1","tag-policial"],"author_meta":{"display_name":"Feliphe Rojas","author_link":"https:\/\/sindaopcpb.org.br\/author\/feliphe-rojas\/"},"featured_img":null,"coauthors":[],"tax_additional":{"categories":{"linked":["<a href=\"https:\/\/sindaopcpb.org.br\/g1\/\" class=\"advgb-post-tax-term\">G1<\/a>"],"unlinked":["<span class=\"advgb-post-tax-term\">G1<\/span>"]},"tags":{"linked":["<a href=\"https:\/\/sindaopcpb.org.br\/g1\/\" class=\"advgb-post-tax-term\">Destaque Centro 02<\/a>","<a href=\"https:\/\/sindaopcpb.org.br\/g1\/\" class=\"advgb-post-tax-term\">g1<\/a>","<a href=\"https:\/\/sindaopcpb.org.br\/g1\/\" class=\"advgb-post-tax-term\">Policial<\/a>"],"unlinked":["<span class=\"advgb-post-tax-term\">Destaque Centro 02<\/span>","<span class=\"advgb-post-tax-term\">g1<\/span>","<span class=\"advgb-post-tax-term\">Policial<\/span>"]}},"comment_count":"0","relative_dates":{"created":"Publicado 1 ano atr\u00e1s","modified":"Atualizado 1 ano atr\u00e1s"},"absolute_dates":{"created":"Publicado em 3 de fevereiro de 2025","modified":"Atualizado em 3 de fevereiro de 2025"},"absolute_dates_time":{"created":"Publicado em 3 de fevereiro de 2025 17:29","modified":"Atualizado em 3 de fevereiro de 2025 17:29"},"featured_img_caption":"","series_order":"","_links":{"self":[{"href":"https:\/\/sindaopcpb.org.br\/index.php\/wp-json\/wp\/v2\/posts\/54237","targetHints":{"allow":["GET"]}}],"collection":[{"href":"https:\/\/sindaopcpb.org.br\/index.php\/wp-json\/wp\/v2\/posts"}],"about":[{"href":"https:\/\/sindaopcpb.org.br\/index.php\/wp-json\/wp\/v2\/types\/post"}],"author":[{"embeddable":true,"href":"https:\/\/sindaopcpb.org.br\/index.php\/wp-json\/wp\/v2\/users\/123458"}],"replies":[{"embeddable":true,"href":"https:\/\/sindaopcpb.org.br\/index.php\/wp-json\/wp\/v2\/comments?post=54237"}],"version-history":[{"count":3,"href":"https:\/\/sindaopcpb.org.br\/index.php\/wp-json\/wp\/v2\/posts\/54237\/revisions"}],"predecessor-version":[{"id":54252,"href":"https:\/\/sindaopcpb.org.br\/index.php\/wp-json\/wp\/v2\/posts\/54237\/revisions\/54252"}],"wp:attachment":[{"href":"https:\/\/sindaopcpb.org.br\/index.php\/wp-json\/wp\/v2\/media?parent=54237"}],"wp:term":[{"taxonomy":"category","embeddable":true,"href":"https:\/\/sindaopcpb.org.br\/index.php\/wp-json\/wp\/v2\/categories?post=54237"},{"taxonomy":"post_tag","embeddable":true,"href":"https:\/\/sindaopcpb.org.br\/index.php\/wp-json\/wp\/v2\/tags?post=54237"}],"curies":[{"name":"wp","href":"https:\/\/api.w.org\/{rel}","templated":true}]}}