{"id":5422,"date":"2022-10-21T19:16:11","date_gmt":"2022-10-21T22:16:11","guid":{"rendered":"https:\/\/g1.globo.com\/pb\/paraiba\/noticia\/2022\/10\/21\/homem-e-preso-em-joao-pessoa-suspeito-por-tentativa-de-homicidio-no-rio-de-janeiro.ghtml"},"modified":"2022-10-21T19:16:11","modified_gmt":"2022-10-21T22:16:11","slug":"homem-e-preso-em-joao-pessoa-suspeito-de-tentativa-de-homicidio-no-rio-de-janeiro","status":"publish","type":"post","link":"https:\/\/sindaopcpb.org.br\/index.php\/2022\/10\/21\/homem-e-preso-em-joao-pessoa-suspeito-de-tentativa-de-homicidio-no-rio-de-janeiro\/","title":{"rendered":"Homem \u00e9 preso em Jo\u00e3o Pessoa suspeito de tentativa de homic\u00eddio no Rio de Janeiro"},"content":{"rendered":"   <img src=\"https:\/\/s2.glbimg.com\/J2V1tZB004RS0bRw7ddxQWWaNyA=\/i.s3.glbimg.com\/v1\/AUTH_59edd422c0c84a879bd37670ae4f538a\/internal_photos\/bs\/2021\/s\/I\/t5AcW8TMyUrTrrmTvCLQ\/rodoviaria-de-jp.png\" \/><br \/>   Ele estava sendo procurado por tentativa de homic\u00eddio no Rio de Janeiro. Rodovi\u00e1ria de Jo\u00e3o Pessoa, local onde o homem foi preso\nReprodu\u00e7\u00e3o\/TV Cabo Branco\nA Pol\u00edcia Militar da Para\u00edba prendeu na tarde desta sexta-feira (21) um homem identificado por Edvaldo Filho, que estava sendo procurado por tentativa de homic\u00eddio no Rio de Janeiro. A pris\u00e3o aconteceu na rodovi\u00e1ria de Jo\u00e3o Pessoa e em seguida o suspeito foi levado para a Central de Pol\u00edcia.\nDe acordo com a For\u00e7a T\u00e1tica do 1\u00ba Batalh\u00e3o de Pol\u00edcia Militar, a a\u00e7\u00e3o foi realizada de forma integrada com a Pol\u00edcia Civil do Rio de Janeiro. Edvaldo \u00e9 suspeito de dar v\u00e1rias facadas em um vizinho, morador do Rio, que \u00e9 cadeirante. Depois da tentativa de homic\u00eddio, ele teria continuado a fazer v\u00e1rias amea\u00e7as \u00e0 v\u00edtima.\nContra o suspeito, havia um mandado de pris\u00e3o em aberto. Ele era considerado pela pol\u00edcia fluminense como sendo e \"alta periculosidade\".\nPelo Rio de Janeiro, inclusive, havia v\u00e1rios cartazes do disque denuncia, pedindo informa\u00e7\u00f5es que levasse \u00e0 pris\u00e3o dele.\nO homem est\u00e1 na Central de Flagrantes e a expectativa \u00e9 que ele seja transferido para o Rio.\nV\u00eddeos mais assistidos da Para\u00edba ","protected":false},"excerpt":{"rendered":"<p>      Ele estava sendo procurado por tentativa de homic\u00eddio no Rio de Janeiro. Rodovi\u00e1ria de Jo\u00e3o Pessoa, local onde o homem foi preso<br \/>\nReprodu\u00e7\u00e3o\/TV Cabo Branco<br \/>\nA Pol\u00edcia Militar da Para\u00edba prendeu na tarde desta sexta-feira (21) um homem identificado &#8230;<\/p>\n","protected":false},"author":2,"featured_media":0,"comment_status":"closed","ping_status":"closed","sticky":false,"template":"","format":"standard","meta":{"advgb_blocks_editor_width":"","advgb_blocks_columns_visual_guide":"","footnotes":""},"categories":[34],"tags":[35],"class_list":["post-5422","post","type-post","status-publish","format-standard","hentry","category-g1","tag-g1"],"author_meta":{"display_name":"g1 &gt; Para\u00edba","author_link":"https:\/\/sindaopcpb.org.br\/author\/g1-paraiba\/"},"featured_img":null,"coauthors":[],"tax_additional":{"categories":{"linked":["<a href=\"https:\/\/sindaopcpb.org.br\/g1\/\" class=\"advgb-post-tax-term\">G1<\/a>"],"unlinked":["<span class=\"advgb-post-tax-term\">G1<\/span>"]},"tags":{"linked":["<a href=\"https:\/\/sindaopcpb.org.br\/g1\/\" class=\"advgb-post-tax-term\">g1<\/a>"],"unlinked":["<span class=\"advgb-post-tax-term\">g1<\/span>"]}},"comment_count":"0","relative_dates":{"created":"Publicado 4 anos atr\u00e1s","modified":"Atualizado 4 anos atr\u00e1s"},"absolute_dates":{"created":"Publicado em 21 de outubro de 2022","modified":"Atualizado em 21 de outubro de 2022"},"absolute_dates_time":{"created":"Publicado em 21 de outubro de 2022 19:16","modified":"Atualizado em 21 de outubro de 2022 19:16"},"featured_img_caption":"","series_order":"","_links":{"self":[{"href":"https:\/\/sindaopcpb.org.br\/index.php\/wp-json\/wp\/v2\/posts\/5422","targetHints":{"allow":["GET"]}}],"collection":[{"href":"https:\/\/sindaopcpb.org.br\/index.php\/wp-json\/wp\/v2\/posts"}],"about":[{"href":"https:\/\/sindaopcpb.org.br\/index.php\/wp-json\/wp\/v2\/types\/post"}],"author":[{"embeddable":true,"href":"https:\/\/sindaopcpb.org.br\/index.php\/wp-json\/wp\/v2\/users\/2"}],"replies":[{"embeddable":true,"href":"https:\/\/sindaopcpb.org.br\/index.php\/wp-json\/wp\/v2\/comments?post=5422"}],"version-history":[{"count":1,"href":"https:\/\/sindaopcpb.org.br\/index.php\/wp-json\/wp\/v2\/posts\/5422\/revisions"}],"predecessor-version":[{"id":5423,"href":"https:\/\/sindaopcpb.org.br\/index.php\/wp-json\/wp\/v2\/posts\/5422\/revisions\/5423"}],"wp:attachment":[{"href":"https:\/\/sindaopcpb.org.br\/index.php\/wp-json\/wp\/v2\/media?parent=5422"}],"wp:term":[{"taxonomy":"category","embeddable":true,"href":"https:\/\/sindaopcpb.org.br\/index.php\/wp-json\/wp\/v2\/categories?post=5422"},{"taxonomy":"post_tag","embeddable":true,"href":"https:\/\/sindaopcpb.org.br\/index.php\/wp-json\/wp\/v2\/tags?post=5422"}],"curies":[{"name":"wp","href":"https:\/\/api.w.org\/{rel}","templated":true}]}}