{"id":5420,"date":"2022-10-21T18:20:45","date_gmt":"2022-10-21T21:20:45","guid":{"rendered":"https:\/\/g1.globo.com\/pb\/paraiba\/noticia\/2022\/10\/21\/joao-pessoa-promove-dia-d-de-vacinacao-contra-poliomielite-neste-sabado-22.ghtml"},"modified":"2022-10-21T18:20:45","modified_gmt":"2022-10-21T21:20:45","slug":"joao-pessoa-promove-dia-d-de-vacinacao-contra-poliomielite-neste-sabado-22","status":"publish","type":"post","link":"https:\/\/sindaopcpb.org.br\/index.php\/2022\/10\/21\/joao-pessoa-promove-dia-d-de-vacinacao-contra-poliomielite-neste-sabado-22\/","title":{"rendered":"Jo\u00e3o Pessoa promove &#8216;Dia D&#8217; de vacina\u00e7\u00e3o contra poliomielite neste s\u00e1bado (22)"},"content":{"rendered":"   <img src=\"https:\/\/s2.glbimg.com\/HDYZ3pMAxoWXeNpysVc9fa6iG18=\/i.s3.glbimg.com\/v1\/AUTH_59edd422c0c84a879bd37670ae4f538a\/internal_photos\/bs\/2022\/H\/g\/pDZEBoQXO54nfk2O2ztw\/sms-dia-d-vacinacao-foto-kleide-teixeira-05-1024x683-1.jpg\" \/><br \/>   Mobiliza\u00e7\u00e3o tamb\u00e9m tem foco na multivacina\u00e7\u00e3o. Pontos de vacina\u00e7\u00e3o funcionam at\u00e9 16h. Vacina\u00e7\u00e3o contra poliomielite em Jo\u00e3o Pessoa\nKleide Teixeira\/SMS Jo\u00e3o Pessoa\nO munic\u00edpio de Jo\u00e3o Pessoa tem um   'Dia 'D' de vacina\u00e7\u00e3o contra poliomielite neste s\u00e1bado (22). A iniciativa tamb\u00e9m tem foco na multivacina\u00e7\u00e3o, com isso as salas de vacinas funcionar\u00e3o at\u00e9 as 16h para que crian\u00e7as e adolescentes menores de 15 anos posam atualizar a caderneta .\nJo\u00e3o Pessoa \u00e9 o primeiro lugar no ranking das capitais no Brasil para a cobertura vacinal contra paralisia infantil, com 92,17% do p\u00fablico-alvo protegido,  e planeja alcan\u00e7ar a meta determinada pelo Minist\u00e9rio da Sa\u00fade (MS), que \u00e9 de 95%.\nTamb\u00e9m ser\u00e3o ofertadas todas as vacinas que comp\u00f5em o calend\u00e1rio de rotina do Programa Nacional de Imuniza\u00e7\u00e3o (PNI), os imunizantes da campanha de influenza e Covid-19.\nPara a vacina\u00e7\u00e3o \u00e9 necess\u00e1rio que pais ou respons\u00e1veis levem o cart\u00e3o de vacina da crian\u00e7a ou do adolescente, que ser\u00e1 avaliado pelos profissionais de Sa\u00fade para determinar quais esquemas vacinais s\u00e3o necess\u00e1rios atualizar ou iniciar.\nPara receber o imunizante da poliomielite ser\u00e1 avaliada a situa\u00e7\u00e3o vacinal da crian\u00e7a menor de 1 ano de idade, considerando o esquema b\u00e1sico de vacina\u00e7\u00e3o com VIP (D1, D2 e D3), sendo atualizada a caderneta em caso de esquemas em atraso ou n\u00e3o iniciado. J\u00e1 as crian\u00e7as de 1 ano a menores de 5 anos de idade (4 anos 11 meses e 29 dias) que j\u00e1 receberam as tr\u00eas doses de VIP, dever\u00e3o ser vacinadas indiscriminadamente com a Vacina Oral Poliomielite (VOP).\nConfira os pontos de vacina\u00e7\u00e3o neste s\u00e1bado (22):\nUnidades de Sa\u00fade da Fam\u00edlia (USF) \u2013 das 8h \u00e0s 16h\nCentro Municipal de Imuniza\u00e7\u00e3o (CMI) \u2013 das 8h \u00e0s 16h\nMangabeira Shopping \u2013 das 8h \u00e0s 16h\nPonto extra no Residencial Vieira Diniz \u2013 das 8h \u00e0s 12h\nUnidades de Sa\u00fade da Fam\u00edlia que funcionar\u00e3o  apenas das 8h \u00e0s 12h\nUSF Torre I\nUSF Alto do Mateus I\nUSF Alto do Mateus VI\nUSFNovais I\nUSF Mumbaba\nUnidades de Sa\u00fade da Fam\u00edlia que n\u00e3o funcionar\u00e3o\nUSF Integrada Nova Conquista\nUSF Integrada Jardim Planalto\nUSF Cruz das Armas IV\nUSF Integrada Rosa de F\u00e1tima\nUSF Alto 2\nUSF Ilha do Bispo\nUSF Matinha 1\nUSF Roger 3\nUSF Viver Bem\nUSF Novais VI\nV\u00eddeos mais assistidos do g1 Para\u00edba ","protected":false},"excerpt":{"rendered":"<p>      Mobiliza\u00e7\u00e3o tamb\u00e9m tem foco na multivacina\u00e7\u00e3o. Pontos de vacina\u00e7\u00e3o funcionam at\u00e9 16h. Vacina\u00e7\u00e3o contra poliomielite em Jo\u00e3o Pessoa<br \/>\nKleide Teixeira\/SMS Jo\u00e3o Pessoa<br \/>\nO munic\u00edpio de Jo\u00e3o Pessoa tem um   &#8216;Dia &#8216;D&#8217; de vacina\u00e7\u00e3o contra poliomielite neste&#8230;<\/p>\n","protected":false},"author":2,"featured_media":0,"comment_status":"closed","ping_status":"closed","sticky":false,"template":"","format":"standard","meta":{"advgb_blocks_editor_width":"","advgb_blocks_columns_visual_guide":"","footnotes":""},"categories":[34],"tags":[35],"class_list":["post-5420","post","type-post","status-publish","format-standard","hentry","category-g1","tag-g1"],"author_meta":{"display_name":"g1 &gt; Para\u00edba","author_link":"https:\/\/sindaopcpb.org.br\/author\/g1-paraiba\/"},"featured_img":null,"coauthors":[],"tax_additional":{"categories":{"linked":["<a href=\"https:\/\/sindaopcpb.org.br\/g1\/\" class=\"advgb-post-tax-term\">G1<\/a>"],"unlinked":["<span class=\"advgb-post-tax-term\">G1<\/span>"]},"tags":{"linked":["<a href=\"https:\/\/sindaopcpb.org.br\/g1\/\" class=\"advgb-post-tax-term\">g1<\/a>"],"unlinked":["<span class=\"advgb-post-tax-term\">g1<\/span>"]}},"comment_count":"0","relative_dates":{"created":"Publicado 4 anos atr\u00e1s","modified":"Atualizado 4 anos atr\u00e1s"},"absolute_dates":{"created":"Publicado em 21 de outubro de 2022","modified":"Atualizado em 21 de outubro de 2022"},"absolute_dates_time":{"created":"Publicado em 21 de outubro de 2022 18:20","modified":"Atualizado em 21 de outubro de 2022 18:20"},"featured_img_caption":"","series_order":"","_links":{"self":[{"href":"https:\/\/sindaopcpb.org.br\/index.php\/wp-json\/wp\/v2\/posts\/5420","targetHints":{"allow":["GET"]}}],"collection":[{"href":"https:\/\/sindaopcpb.org.br\/index.php\/wp-json\/wp\/v2\/posts"}],"about":[{"href":"https:\/\/sindaopcpb.org.br\/index.php\/wp-json\/wp\/v2\/types\/post"}],"author":[{"embeddable":true,"href":"https:\/\/sindaopcpb.org.br\/index.php\/wp-json\/wp\/v2\/users\/2"}],"replies":[{"embeddable":true,"href":"https:\/\/sindaopcpb.org.br\/index.php\/wp-json\/wp\/v2\/comments?post=5420"}],"version-history":[{"count":1,"href":"https:\/\/sindaopcpb.org.br\/index.php\/wp-json\/wp\/v2\/posts\/5420\/revisions"}],"predecessor-version":[{"id":5421,"href":"https:\/\/sindaopcpb.org.br\/index.php\/wp-json\/wp\/v2\/posts\/5420\/revisions\/5421"}],"wp:attachment":[{"href":"https:\/\/sindaopcpb.org.br\/index.php\/wp-json\/wp\/v2\/media?parent=5420"}],"wp:term":[{"taxonomy":"category","embeddable":true,"href":"https:\/\/sindaopcpb.org.br\/index.php\/wp-json\/wp\/v2\/categories?post=5420"},{"taxonomy":"post_tag","embeddable":true,"href":"https:\/\/sindaopcpb.org.br\/index.php\/wp-json\/wp\/v2\/tags?post=5420"}],"curies":[{"name":"wp","href":"https:\/\/api.w.org\/{rel}","templated":true}]}}