{"id":53963,"date":"2025-01-24T06:36:17","date_gmt":"2025-01-24T09:36:17","guid":{"rendered":"https:\/\/www.pbagora.com.br\/?p=884277"},"modified":"2025-01-24T09:36:17","modified_gmt":"2025-01-24T12:36:17","slug":"acidente-deixa-uma-vitima-fatal-e-cinco-feridos-na-pb-081-em-duas-estradas","status":"publish","type":"post","link":"https:\/\/sindaopcpb.org.br\/index.php\/2025\/01\/24\/acidente-deixa-uma-vitima-fatal-e-cinco-feridos-na-pb-081-em-duas-estradas\/","title":{"rendered":"Acidente deixa uma v\u00edtima fatal e cinco feridos na PB-081, em Duas Estradas"},"content":{"rendered":"<p><img width=\"1024\" height=\"768\" src=\"https:\/\/pbagora.s3.amazonaws.com\/2024\/02\/10170619\/numol_policia_civil-1024x768.jpeg\" class=\"attachment-large size-large wp-post-image\" alt=\"\" style=\"margin-bottom: 20px;\" decoding=\"async\" srcset=\"https:\/\/pbagora.s3.amazonaws.com\/2024\/02\/10170619\/numol_policia_civil-1024x768.jpeg 1024w, https:\/\/pbagora.s3.amazonaws.com\/2024\/02\/10170619\/numol_policia_civil-300x225.jpeg 300w, https:\/\/pbagora.s3.amazonaws.com\/2024\/02\/10170619\/numol_policia_civil-150x113.jpeg 150w, https:\/\/pbagora.s3.amazonaws.com\/2024\/02\/10170619\/numol_policia_civil-768x576.jpeg 768w, https:\/\/pbagora.s3.amazonaws.com\/2024\/02\/10170619\/numol_policia_civil-200x150.jpeg 200w, https:\/\/pbagora.s3.amazonaws.com\/2024\/02\/10170619\/numol_policia_civil-260x195.jpeg 260w, https:\/\/pbagora.s3.amazonaws.com\/2024\/02\/10170619\/numol_policia_civil-380x285.jpeg 380w, https:\/\/pbagora.s3.amazonaws.com\/2024\/02\/10170619\/numol_policia_civil-800x600.jpeg 800w, https:\/\/pbagora.s3.amazonaws.com\/2024\/02\/10170619\/numol_policia_civil-1160x870.jpeg 1160w, https:\/\/pbagora.s3.amazonaws.com\/2024\/02\/10170619\/numol_policia_civil-80x60.jpeg 80w, https:\/\/pbagora.s3.amazonaws.com\/2024\/02\/10170619\/numol_policia_civil-600x450.jpeg 600w, https:\/\/pbagora.s3.amazonaws.com\/2024\/02\/10170619\/numol_policia_civil-520x390.jpeg 520w, https:\/\/pbagora.s3.amazonaws.com\/2024\/02\/10170619\/numol_policia_civil-760x570.jpeg 760w, https:\/\/pbagora.s3.amazonaws.com\/2024\/02\/10170619\/numol_policia_civil.jpeg 1280w\" sizes=\"(max-width: 1024px) 100vw, 1024px\" \/><\/p>\n<p>Um acidente fatal aconteceu na tarde de ontem (23), na PB-081, na cidade de Duas Estradas, no interior da Para\u00edba, resultando na morte de um homem e deixando cinco pessoas feridas. O acidente envolveu duas colis\u00f5es laterais entre ve\u00edculos e ocorreu na estrada que liga Duas Estradas a Sert\u00e3ozinho, no Sert\u00e3o da Para\u00edba.<\/p>\n\n\n\n<p>Segundo dados da Pol\u00edcia Militar, um dos ve\u00edculos perdeu o controle e invadiu a m\u00e3o contr\u00e1ria, colidindo lateralmente com outro carro. Ronaldo Oliveira Filho, de 37 anos, que estava no banco do passageiro de um dos ve\u00edculos, n\u00e3o resistiu aos ferimentos e morreu no local.<\/p>\n\n\n\n<p>As v\u00edtimas do acidente foram socorridas por equipes do SAMU, que realizaram um trabalho minucioso para resgatar os feridos, j\u00e1 que um dos ve\u00edculos acabou virando ap\u00f3s a colis\u00e3o. Entre os cinco feridos, estavam duas crian\u00e7as, al\u00e9m de dois adultos. As v\u00edtimas foram levadas para o Hospital de Emerg\u00eancia e Trauma de Jo\u00e3o Pessoa.<\/p>\n\n\n\n<p>A Pol\u00edcia Militar isolou a \u00e1rea do acidente para o trabalho de per\u00edcia e apura\u00e7\u00e3o das causas do ocorrido.<\/p>\n\n\n\n<p>Reda\u00e7\u00e3o<\/p>\n","protected":false},"excerpt":{"rendered":"<p><img loading=\"lazy\" decoding=\"async\" width=\"1024\" height=\"768\" src=\"https:\/\/pbagora.s3.amazonaws.com\/2024\/02\/10170619\/numol_policia_civil-1024x768.jpeg\" class=\"attachment-large size-large wp-post-image\" alt=\"\"><\/p>\n<p>Um acidente fatal aconteceu na tarde de ontem (23), na PB-081, na cidade de Duas Estradas, no interior\u2026<\/p>\n","protected":false},"author":123457,"featured_media":0,"comment_status":"closed","ping_status":"closed","sticky":false,"template":"","format":"standard","meta":{"advgb_blocks_editor_width":"","advgb_blocks_columns_visual_guide":"","footnotes":""},"categories":[34],"tags":[35,10839,10846],"class_list":["post-53963","post","type-post","status-publish","format-standard","hentry","category-g1","tag-g1","tag-policial","tag-rodape-02"],"author_meta":{"display_name":"Reda\u00e7\u00e3o","author_link":"https:\/\/sindaopcpb.org.br\/author\/redacao\/"},"featured_img":null,"coauthors":[],"tax_additional":{"categories":{"linked":["<a href=\"https:\/\/sindaopcpb.org.br\/g1\/\" class=\"advgb-post-tax-term\">G1<\/a>"],"unlinked":["<span class=\"advgb-post-tax-term\">G1<\/span>"]},"tags":{"linked":["<a href=\"https:\/\/sindaopcpb.org.br\/g1\/\" class=\"advgb-post-tax-term\">g1<\/a>","<a href=\"https:\/\/sindaopcpb.org.br\/g1\/\" class=\"advgb-post-tax-term\">Policial<\/a>","<a href=\"https:\/\/sindaopcpb.org.br\/g1\/\" class=\"advgb-post-tax-term\">Rodape 02<\/a>"],"unlinked":["<span class=\"advgb-post-tax-term\">g1<\/span>","<span class=\"advgb-post-tax-term\">Policial<\/span>","<span class=\"advgb-post-tax-term\">Rodape 02<\/span>"]}},"comment_count":"0","relative_dates":{"created":"Publicado 1 ano atr\u00e1s","modified":"Atualizado 1 ano atr\u00e1s"},"absolute_dates":{"created":"Publicado em 24 de janeiro de 2025","modified":"Atualizado em 24 de janeiro de 2025"},"absolute_dates_time":{"created":"Publicado em 24 de janeiro de 2025 06:36","modified":"Atualizado em 24 de janeiro de 2025 09:36"},"featured_img_caption":"","series_order":"","_links":{"self":[{"href":"https:\/\/sindaopcpb.org.br\/index.php\/wp-json\/wp\/v2\/posts\/53963","targetHints":{"allow":["GET"]}}],"collection":[{"href":"https:\/\/sindaopcpb.org.br\/index.php\/wp-json\/wp\/v2\/posts"}],"about":[{"href":"https:\/\/sindaopcpb.org.br\/index.php\/wp-json\/wp\/v2\/types\/post"}],"author":[{"embeddable":true,"href":"https:\/\/sindaopcpb.org.br\/index.php\/wp-json\/wp\/v2\/users\/123457"}],"replies":[{"embeddable":true,"href":"https:\/\/sindaopcpb.org.br\/index.php\/wp-json\/wp\/v2\/comments?post=53963"}],"version-history":[{"count":3,"href":"https:\/\/sindaopcpb.org.br\/index.php\/wp-json\/wp\/v2\/posts\/53963\/revisions"}],"predecessor-version":[{"id":53977,"href":"https:\/\/sindaopcpb.org.br\/index.php\/wp-json\/wp\/v2\/posts\/53963\/revisions\/53977"}],"wp:attachment":[{"href":"https:\/\/sindaopcpb.org.br\/index.php\/wp-json\/wp\/v2\/media?parent=53963"}],"wp:term":[{"taxonomy":"category","embeddable":true,"href":"https:\/\/sindaopcpb.org.br\/index.php\/wp-json\/wp\/v2\/categories?post=53963"},{"taxonomy":"post_tag","embeddable":true,"href":"https:\/\/sindaopcpb.org.br\/index.php\/wp-json\/wp\/v2\/tags?post=53963"}],"curies":[{"name":"wp","href":"https:\/\/api.w.org\/{rel}","templated":true}]}}