{"id":53770,"date":"2025-01-17T12:01:46","date_gmt":"2025-01-17T15:01:46","guid":{"rendered":"https:\/\/www.pbagora.com.br\/?p=883483"},"modified":"2025-01-17T14:41:46","modified_gmt":"2025-01-17T17:41:46","slug":"operacao-indignus-gaeco-apresenta-nova-denuncia-contra-16-pessoas-por-indicios-de-irregularidades-no-padre-ze","status":"publish","type":"post","link":"https:\/\/sindaopcpb.org.br\/index.php\/2025\/01\/17\/operacao-indignus-gaeco-apresenta-nova-denuncia-contra-16-pessoas-por-indicios-de-irregularidades-no-padre-ze\/","title":{"rendered":"Opera\u00e7\u00e3o Indignus: Gaeco denuncia contra 16 pessoas por supostas irregularidades no Padre Z\u00e9"},"content":{"rendered":"<p><img width=\"597\" height=\"447\" src=\"https:\/\/pbagora.s3.amazonaws.com\/2025\/01\/17120119\/hospitalpadreze.jpeg\" class=\"attachment-large size-large wp-post-image\" alt=\"\" style=\"margin-bottom: 20px;\" decoding=\"async\" srcset=\"https:\/\/pbagora.s3.amazonaws.com\/2025\/01\/17120119\/hospitalpadreze.jpeg 597w, https:\/\/pbagora.s3.amazonaws.com\/2025\/01\/17120119\/hospitalpadreze-300x225.jpeg 300w, https:\/\/pbagora.s3.amazonaws.com\/2025\/01\/17120119\/hospitalpadreze-150x112.jpeg 150w, https:\/\/pbagora.s3.amazonaws.com\/2025\/01\/17120119\/hospitalpadreze-200x150.jpeg 200w, https:\/\/pbagora.s3.amazonaws.com\/2025\/01\/17120119\/hospitalpadreze-260x195.jpeg 260w, https:\/\/pbagora.s3.amazonaws.com\/2025\/01\/17120119\/hospitalpadreze-380x285.jpeg 380w, https:\/\/pbagora.s3.amazonaws.com\/2025\/01\/17120119\/hospitalpadreze-80x60.jpeg 80w, https:\/\/pbagora.s3.amazonaws.com\/2025\/01\/17120119\/hospitalpadreze-520x390.jpeg 520w\" sizes=\"(max-width: 597px) 100vw, 597px\" \/><\/p>\n<p>O Minist\u00e9rio P\u00fablico da Para\u00edba (MPPB), por meio do Grupo de Atua\u00e7\u00e3o Especial Contra o Crime Organizado (Gaeco), apresentou uma nova den\u00fancia \u00e0 Justi\u00e7a nesta sexta-feira (17) no caso dos desvios de recursos p\u00fablicos no Hospital Padre Z\u00e9 durante a gest\u00e3o do Padre Eg\u00eddio de Carvalho. Al\u00e9m do sacerdote, os secret\u00e1rios estaduais Pollyanna Werton e Tib\u00e9rio Limeira, bem como outras 13 pessoas, foram denunciados.<\/p>\n\n\n\n<p>Conforme o documento, Pollyanna e Tib\u00e9rio s\u00e3o investigados por supostas irregularidades no programa Prato Cheio. A den\u00fancia aponta que o suposto esquema de desvios teve in\u00edcio durante a gest\u00e3o de Tib\u00e9rio Limeira na secret\u00e1ria de Desenvolvimento Humano e teria sido mantido por Pollyanna Werton.<\/p>\n\n\n\n<p>Anota\u00e7\u00f5es feitas por Amanda Dantas, que integrava a dire\u00e7\u00e3o do Hospital Padre Z\u00e9, foram apresentadas como provas. Segundo os registros, valores de R$ 50 mil teriam sido destinados ao secret\u00e1rio Tib\u00e9rio Limeira. J\u00e1 durante a gest\u00e3o de Pollyanna Werton teriam sido enviados R$ 70 mil.<\/p>\n\n\n\n<p>As informa\u00e7\u00f5es incluem mensagens extra\u00eddas de aplicativos de conversa dos investigados durante a Opera\u00e7\u00e3o Indignus, iniciada em outubro de 2023, ap\u00f3s a den\u00fancia de desaparecimento de iPhones doados ao hospital, que deveriam ter sido leiloados.<\/p>\n\n\n\n<p>A secret\u00e1ria Pollyanna Werton declarou, por meio de nota, que desconhece o teor da den\u00fancia e afirmou estar \u00e0 disposi\u00e7\u00e3o do Minist\u00e9rio P\u00fablico para colaborar com as investiga\u00e7\u00f5es. Ela ressaltou que sua vida p\u00fablica sempre foi pautada pela \u00e9tica e que est\u00e1 confiante na comprova\u00e7\u00e3o de sua inoc\u00eancia.<\/p>\n\n\n\n<p>Confira a nota na \u00edntegra:<\/p>\n\n\n\n<p><em>A secret\u00e1ria Pollyanna Werton se pronunciou por meio de sua assessoria informando que, at\u00e9 o presente momento, n\u00e3o teve acesso \u00e0 den\u00fancia ventilada pela imprensa, desconhecendo o conte\u00fado e os supostos fatos narrados na mat\u00e9ria.<\/em><\/p>\n\n\n\n<p><em>Ressalta-se que a conduta da Secret\u00e1ria Pollyanna Werton sempre foi retil\u00ednea, inexistindo qualquer m\u00e1cula durante toda sua vida p\u00fablica. Caso se confirme a exist\u00eancia de tal den\u00fancia, ser\u00e1 comprovada a aus\u00eancia de participa\u00e7\u00e3o da secret\u00e1ria em qualquer suposto il\u00edcito.<\/em><\/p>\n\n\n\n<p><em>Mais uma vez, colocamo-nos \u00e0 disposi\u00e7\u00e3o do Minist\u00e9rio P\u00fablico e demais \u00f3rg\u00e3os de controle para contribuir com o esclarecimento dos fatos e a consequente puni\u00e7\u00e3o daqueles que porventura tenham cometido ilicitudes.<\/em><\/p>\n\n\n\n<p>J\u00e1 o secret\u00e1rio Tib\u00e9rio Limeira afirmou que n\u00e3o foi chamado para prestar esclarecimentos e criticou a confiabilidade dos documentos que embasam a den\u00fancia, apontando que se tratam de manuscritos sem validade legal. Ele reiterou sua confian\u00e7a na Justi\u00e7a e destacou sua trajet\u00f3ria de \u00e9tica e responsabilidade no servi\u00e7o p\u00fablico.<\/p>\n\n\n\n<p>Confira a nota:<\/p>\n\n\n\n<p><em>&#8220;A den\u00fancia contra mim apresentada est\u00e1 montada em supostos documentos que n\u00e3o guardam a menor confian\u00e7a, visto que n\u00e3o passam de manuscritos sem qualquer validade legal. Mantenho minha tranquilidade e confian\u00e7a de que a justi\u00e7a prevalecer\u00e1, trazendo \u00e0 luz a verdade e reafirmando minha trajet\u00f3ria pautada pela \u00e9tica e pela responsabilidade p\u00fablica&#8221;<\/em>, pontua.<\/p>\n\n\n\n<p><strong><em>PB Agora<\/em><\/strong><\/p>\n","protected":false},"excerpt":{"rendered":"<p><img loading=\"lazy\" decoding=\"async\" width=\"597\" height=\"447\" src=\"https:\/\/pbagora.s3.amazonaws.com\/2025\/01\/17120119\/hospitalpadreze.jpeg\" class=\"attachment-large size-large wp-post-image\" alt=\"\"><\/p>\n<p>O Minist\u00e9rio P\u00fablico da Para\u00edba (MPPB), por meio do Grupo de Atua\u00e7\u00e3o Especial Contra o Crime Organizado (Gaeco),\u2026<\/p>\n","protected":false},"author":123457,"featured_media":0,"comment_status":"closed","ping_status":"closed","sticky":false,"template":"","format":"standard","meta":{"advgb_blocks_editor_width":"","advgb_blocks_columns_visual_guide":"","footnotes":""},"categories":[34],"tags":[10845,35,10839],"class_list":["post-53770","post","type-post","status-publish","format-standard","hentry","category-g1","tag-destaque-centro-01","tag-g1","tag-policial"],"author_meta":{"display_name":"Reda\u00e7\u00e3o","author_link":"https:\/\/sindaopcpb.org.br\/author\/redacao\/"},"featured_img":null,"coauthors":[],"tax_additional":{"categories":{"linked":["<a href=\"https:\/\/sindaopcpb.org.br\/g1\/\" class=\"advgb-post-tax-term\">G1<\/a>"],"unlinked":["<span class=\"advgb-post-tax-term\">G1<\/span>"]},"tags":{"linked":["<a href=\"https:\/\/sindaopcpb.org.br\/g1\/\" class=\"advgb-post-tax-term\">Destaque Centro 01<\/a>","<a href=\"https:\/\/sindaopcpb.org.br\/g1\/\" class=\"advgb-post-tax-term\">g1<\/a>","<a href=\"https:\/\/sindaopcpb.org.br\/g1\/\" class=\"advgb-post-tax-term\">Policial<\/a>"],"unlinked":["<span class=\"advgb-post-tax-term\">Destaque Centro 01<\/span>","<span class=\"advgb-post-tax-term\">g1<\/span>","<span class=\"advgb-post-tax-term\">Policial<\/span>"]}},"comment_count":"0","relative_dates":{"created":"Publicado 1 ano atr\u00e1s","modified":"Atualizado 1 ano atr\u00e1s"},"absolute_dates":{"created":"Publicado em 17 de janeiro de 2025","modified":"Atualizado em 17 de janeiro de 2025"},"absolute_dates_time":{"created":"Publicado em 17 de janeiro de 2025 12:01","modified":"Atualizado em 17 de janeiro de 2025 14:41"},"featured_img_caption":"","series_order":"","_links":{"self":[{"href":"https:\/\/sindaopcpb.org.br\/index.php\/wp-json\/wp\/v2\/posts\/53770","targetHints":{"allow":["GET"]}}],"collection":[{"href":"https:\/\/sindaopcpb.org.br\/index.php\/wp-json\/wp\/v2\/posts"}],"about":[{"href":"https:\/\/sindaopcpb.org.br\/index.php\/wp-json\/wp\/v2\/types\/post"}],"author":[{"embeddable":true,"href":"https:\/\/sindaopcpb.org.br\/index.php\/wp-json\/wp\/v2\/users\/123457"}],"replies":[{"embeddable":true,"href":"https:\/\/sindaopcpb.org.br\/index.php\/wp-json\/wp\/v2\/comments?post=53770"}],"version-history":[{"count":3,"href":"https:\/\/sindaopcpb.org.br\/index.php\/wp-json\/wp\/v2\/posts\/53770\/revisions"}],"predecessor-version":[{"id":53780,"href":"https:\/\/sindaopcpb.org.br\/index.php\/wp-json\/wp\/v2\/posts\/53770\/revisions\/53780"}],"wp:attachment":[{"href":"https:\/\/sindaopcpb.org.br\/index.php\/wp-json\/wp\/v2\/media?parent=53770"}],"wp:term":[{"taxonomy":"category","embeddable":true,"href":"https:\/\/sindaopcpb.org.br\/index.php\/wp-json\/wp\/v2\/categories?post=53770"},{"taxonomy":"post_tag","embeddable":true,"href":"https:\/\/sindaopcpb.org.br\/index.php\/wp-json\/wp\/v2\/tags?post=53770"}],"curies":[{"name":"wp","href":"https:\/\/api.w.org\/{rel}","templated":true}]}}